{"id":179339,"date":"2025-10-15T21:59:10","date_gmt":"2025-10-15T21:59:10","guid":{"rendered":"https:\/\/www.europesays.com\/es\/179339\/"},"modified":"2025-10-15T21:59:10","modified_gmt":"2025-10-15T21:59:10","slug":"salud-espera-buenas-coberturas-de-vacunacion-contra-la-gripe","status":"publish","type":"post","link":"https:\/\/www.europesays.com\/es\/179339\/","title":{"rendered":"Salud espera buenas coberturas de vacunaci\u00f3n contra la gripe"},"content":{"rendered":"<p>Oviedo (EFE).- La Consejer\u00eda de Salud espera \u00abmuy buenas coberturas\u00bb de vacunaci\u00f3n en la campa\u00f1a de la gripe que este martes se ha extendido en Asturias a la poblaci\u00f3n diana, despu\u00e9s de arrancar el pasado jueves en las residencias de mayores de la comunidad.<\/p>\n<p>La campa\u00f1a de vacunaci\u00f3n contra la gripe est\u00e1 dirigida a los mayores de 60 a\u00f1os, enfermos cr\u00f3nicos, fumadores y embarazadas y tambi\u00e9n se recomienda la inmunizaci\u00f3n a menores de entre 6 y 59 meses, al personal de centros sanitarios y sociosanitarios y a trabajadores de servicios p\u00fablicos esenciales.<\/p>\n<p>La subdirectora de Coordinaci\u00f3n Asistencial y Cuidados del Sespa, Marta Huerta, ha confiado en que este a\u00f1o haya \u00abmuy buena cobertura\u00bb, puesto que \u00abla gente est\u00e1 muy animada a vacunarse\u00bb.<\/p>\n<p>Huerta ha acudido al centro de salud de Ciudad Naranco, en Oviedo, donde hoy \u00ablas citas est\u00e1n completas\u00bb para recibir una <a href=\"https:\/\/efe.com\/principado-de-asturias\/2025-10-13\/salud-inicia-la-campana-de-vacunacion-generalizada-contra-la-gripe\/\" rel=\"nofollow noopener\" target=\"_blank\">inmunizaci\u00f3n<\/a> frente a un virus que \u00abcausa tantas complicaciones en la poblaci\u00f3n vulnerable\u00bb<\/p>\n<p>La responsable sanitaria ha destacado el trabajo de concienciaci\u00f3n que el personal de los centros de salud est\u00e1 realizando para animar a la poblaci\u00f3n diana a vacunarse.<\/p>\n<p>Esta campa\u00f1a, dirigida a los grupos de poblaci\u00f3n con mayor riesgo de desarrollar una enfermedad grave asociada a la gripe, se pone en marcha anualmente, desde 1987, mediante la aplicaci\u00f3n gratuita y descentralizada de la vacuna en los centros de salud y consultorios del Servicio de Salud del Principado (Sespa) hasta el final de la temporada estacional.<\/p>\n<p>Las personas interesadas podr\u00e1n pedir cita para vacunarse en sus respectivos centros. El personal sanitario y otros profesionales para los que est\u00e1 indicada la vacunaci\u00f3n la recibir\u00e1n a trav\u00e9s de sus centros de trabajo.<\/p>\n<p>La Consejer\u00eda de Salud dispone de cuatro tipos de vacunas, todas ellas tetravalentes, que son las que mejor se ajustan a las diferentes necesidades de la poblaci\u00f3n diana.<\/p>\n<p>En total, el Servicio de Salud dispone de 386.400 dosis, que suponen una inversi\u00f3n de 4,7 millones.<\/p>\n<p>Vacunaci\u00f3n frente al covid<\/p>\n<p>En paralelo a la campa\u00f1a de la gripe, Salud tambi\u00e9n ha iniciado este martes la vacunarse frente a la covid dirigida a aquellas personas que tienen un mayor riesgo de sufrir complicaciones o cuadros graves en el caso de padecer esta infecci\u00f3n.<\/p>\n<p>As\u00ed, aconseja la inmunizaci\u00f3n a mayores de 70 a\u00f1os, a personas inmunosuprimidas (incluyendo las inmunodeficiencias primarias y la originada por la infecci\u00f3n por VIH o por f\u00e1rmacos, as\u00ed como en los receptores de trasplantes y CAR-T), a internos en centros de discapacidad, residencias de mayores y residentes en instituciones cerradas y a todas las embarazadas.<\/p>\n<p>Tambi\u00e9n recomienda la vacunaci\u00f3n a personas a partir de 12 a\u00f1os de edad pertenecientes a grupos de riesgo, como pueden ser inmunosupresi\u00f3n grave, c\u00e1ncer, diabetes mellitus, obesidad m\u00f3rbida, enfermedades cr\u00f3nicas hep\u00e1ticas, cardiovasculares, neurol\u00f3gicas, neuromusculares, hematol\u00f3gicas, respiratorias o trastornos y enfermedades que conllevan disfunci\u00f3n cognitiva, entre otras.<\/p>\n<p>Huerna ha se\u00f1alado que, tras el fin de la pandemia, se ha reducido la cobertura, si bien se sigue \u00abvacunando mucho\u00bb frente al coronavirus en las residencias y a los m\u00e1s mayores. EFE<\/p>\n","protected":false},"excerpt":{"rendered":"Oviedo (EFE).- La Consejer\u00eda de Salud espera \u00abmuy buenas coberturas\u00bb de vacunaci\u00f3n en la campa\u00f1a de la gripe&hellip;\n","protected":false},"author":2,"featured_media":179340,"comment_status":"","ping_status":"","sticky":false,"template":"","format":"standard","meta":{"footnotes":""},"categories":[92],"tags":[2272,25,24,7749,165,166,23],"class_list":{"0":"post-179339","1":"post","2":"type-post","3":"status-publish","4":"format-standard","5":"has-post-thumbnail","7":"category-salud","8":"tag-covid-19","9":"tag-es","10":"tag-espana","11":"tag-gripe","12":"tag-health","13":"tag-salud","14":"tag-spain"},"share_on_mastodon":{"url":"","error":""},"_links":{"self":[{"href":"https:\/\/www.europesays.com\/es\/wp-json\/wp\/v2\/posts\/179339","targetHints":{"allow":["GET"]}}],"collection":[{"href":"https:\/\/www.europesays.com\/es\/wp-json\/wp\/v2\/posts"}],"about":[{"href":"https:\/\/www.europesays.com\/es\/wp-json\/wp\/v2\/types\/post"}],"author":[{"embeddable":true,"href":"https:\/\/www.europesays.com\/es\/wp-json\/wp\/v2\/users\/2"}],"replies":[{"embeddable":true,"href":"https:\/\/www.europesays.com\/es\/wp-json\/wp\/v2\/comments?post=179339"}],"version-history":[{"count":0,"href":"https:\/\/www.europesays.com\/es\/wp-json\/wp\/v2\/posts\/179339\/revisions"}],"wp:featuredmedia":[{"embeddable":true,"href":"https:\/\/www.europesays.com\/es\/wp-json\/wp\/v2\/media\/179340"}],"wp:attachment":[{"href":"https:\/\/www.europesays.com\/es\/wp-json\/wp\/v2\/media?parent=179339"}],"wp:term":[{"taxonomy":"category","embeddable":true,"href":"https:\/\/www.europesays.com\/es\/wp-json\/wp\/v2\/categories?post=179339"},{"taxonomy":"post_tag","embeddable":true,"href":"https:\/\/www.europesays.com\/es\/wp-json\/wp\/v2\/tags?post=179339"}],"curies":[{"name":"wp","href":"https:\/\/api.w.org\/{rel}","templated":true}]}}