{"id":179341,"date":"2025-10-15T22:00:09","date_gmt":"2025-10-15T22:00:09","guid":{"rendered":"https:\/\/www.europesays.com\/es\/179341\/"},"modified":"2025-10-15T22:00:09","modified_gmt":"2025-10-15T22:00:09","slug":"el-polemista-juan-del-val-gana-el-premio-planeta-2025-cultura","status":"publish","type":"post","link":"https:\/\/www.europesays.com\/es\/179341\/","title":{"rendered":"El polemista Juan del Val gana el Premio Planeta 2025 | Cultura"},"content":{"rendered":"<p class=\"\">El escritor y tertuliano <a href=\"https:\/\/elpais.com\/gente\/2021-01-13\/juan-del-val-mucho-mas-que-el-marido-de-nuria-roca.html\" target=\"_self\" rel=\"nofollow noopener\" title=\"https:\/\/elpais.com\/gente\/2021-01-13\/juan-del-val-mucho-mas-que-el-marido-de-nuria-roca.html\">Juan del Val<\/a> (Madrid, 55 a\u00f1os) ha ganado el <a href=\"https:\/\/elpais.com\/noticias\/premio-planeta\/\" target=\"_self\" rel=\"nofollow noopener\" title=\"https:\/\/elpais.com\/noticias\/premio-planeta\/\">Premio Planeta<\/a> 2025 con la novela Vera, una historia de amor. La finalista de esta 74\u00aa edici\u00f3n es \u00c1ngela Banzas con Cuando el viento hable. El galard\u00f3n se ha anunciado este mi\u00e9rcoles noche durante la cena de gala del Museu Nacional d\u2019Art de Catalunya (MNAC), en Barcelona. El premio est\u00e1 dotado con un mill\u00f3n de euros a la obra ganadora y 200.000 euros a la finalista. <\/p>\n<p>M\u00e1s informaci\u00f3n<\/p>\n<p class=\"\">\u201cEspero que nos vaya bien y le demos la raz\u00f3n al jurado. Esto es tan asombroso y tan fant\u00e1stico que parece que solo puede pasarle a los dem\u00e1s. Verme aqu\u00ed me parece casi un milagro\u201d, ha dicho. \u201cEsta es una novela de amor en todas las direcciones: amor verdadero y amor interesado, que muchas veces es el mismo amor. En eso tambi\u00e9n tiene que ver la libertad: en perder el miedo a equivocarnos\u201d, ha a\u00f1adido Del Val al subir a recoger su premio.<\/p>\n<p class=\"\">\u201cQuiero dar las gracias a Planeta que convierta la literatura en un acontecimiento popular. Se escribe para la gente y no para la \u00e9lite intelectual. Comercial y calidad son las bases de este premio. Considerarlo cosas distintas es faltarle a la gente. Sab\u00e9is qui\u00e9n soy y a escribir le debo absolutamente lo que soy\u201d, ha dicho. <\/p>\n<p class=\"\">Tras la <a href=\"https:\/\/elpais.com\/cultura\/2024-10-15\/paloma-sanchez-garnica-gana-el-premio-planeta-2024.html\" target=\"_self\" rel=\"nofollow noopener\" title=\"https:\/\/elpais.com\/cultura\/2024-10-15\/paloma-sanchez-garnica-gana-el-premio-planeta-2024.html\">edici\u00f3n de 2024<\/a>, en la que el Planeta apost\u00f3 por una ganadora ajena a los focos televisivos (<a href=\"https:\/\/elpais.com\/ccaa\/2014\/05\/31\/paisvasco\/1401521307_948222.html\" rel=\"nofollow noopener\" target=\"_blank\">Paloma S\u00e1nchez-Garnica<\/a>), el premio ha retomado la senda de premiar a rostros conocidos como pas\u00f3 con el premio de 2023, que recay\u00f3 en la presentadora <a href=\"https:\/\/elpais.com\/cultura\/2023-10-15\/sonsoles-onega-gana-el-premio-planeta-2023.html\" target=\"_self\" rel=\"nofollow noopener\" title=\"https:\/\/elpais.com\/cultura\/2023-10-15\/sonsoles-onega-gana-el-premio-planeta-2023.html\">Sonsoles \u00d3nega<\/a>. Escrita en tercera persona y en presente, la novela de Del Val trata sobre Vera, una mujer de mediana edad de la alta sociedad sevillana, casada con el marqu\u00e9s de Villa\u00e9cija que iniciar\u00e1 una relaci\u00f3n con Antonio, un hombre m\u00e1s joven y de origen humilde. El fallo se ha anunciado en un acto con menor presencia de autoridades debido al Congreso de la Lengua Internacional de Arequipa que se celebra en Per\u00fa y a que el presidente de la Generalitat, Salvador Illa, se encontraba en Londres. S\u00ed estaban presentes en la sala Oval del MNAC la vicepresidenta del Gobierno, Yolanda D\u00edaz, el alcalde de Barcelona, Jaume Collboni y la consejera catalana de Cultura, Sonia Hern\u00e1ndez. <\/p>\n<p class=\"\">Conocido por el gran p\u00fablico como tertuliano y colaborador de El hormiguero en Antena 3, del Gupo Planeta, polemista por bromas que van desde <a href=\"https:\/\/www.facebook.com\/elhormiguero\/videos\/las-opiniones-m%C3%A1s-pol%C3%A9micas-de-juan-del-val-elhormiguero-gloriagaynoreh\/420750051042756\/\" rel=\"nofollow noopener\" target=\"_blank\">re\u00edrse de los zurdos<\/a>, la gente que se preocupa de su microbiota o los padres con hijos de altas capacidades, el ganador del Planeta defendi\u00f3 en <a href=\"https:\/\/www.elmundo.es\/papel\/lideres\/2025\/09\/17\/68b95178e9cf4a6f6e8b45a2.html\" rel=\"nofollow noopener\" target=\"_blank\">una entrevista en El Mundo<\/a> que su intenci\u00f3n era estar en la televisi\u00f3n por un tiempo limitado porque su voluntad era dedicarse de pleno a su ambici\u00f3n literaria. Del Val ya se hizo con los 100.000 euros del <a href=\"https:\/\/elpais.com\/tag\/premio_primavera\/a\/\" rel=\"nofollow noopener\" target=\"_blank\">Premio Primavera de novela<\/a> en <a href=\"https:\/\/elpais.com\/cultura\/2019\/02\/14\/actualidad\/1550148222_579662.html\" rel=\"nofollow noopener\" target=\"_blank\">2019 con Candela<\/a>, una ficci\u00f3n protagonizada por una mujer en la cuarentena que regenta junto a su abuela y su madre un bar de barrio. Tras ese premio escribi\u00f3 Delpara\u00edso (Espasa, 2020) y Bocabesada (2023), todas con mujeres protagonistas en crisis.<\/p>\n<p class=\"\">Casado desde 2000 con Nuria Roca, el escritor y su mujer conforman una pareja medi\u00e1tica y son padres de tres hijos. El inter\u00e9s que desprend\u00edan se multiplic\u00f3 cuando <a href=\"https:\/\/elpais.com\/gente\/2025-05-14\/ninguna-relacion-esta-cerrada-nuria-roca-habla-sobre-su-modelo-de-pareja-con-juan-del-val-tras-27-anos-juntos.html\" rel=\"nofollow noopener\" target=\"_blank\">anunciaron en 2017 que manten\u00edan una relaci\u00f3n abierta<\/a> y juntos han escrito dos libros. En 2011 publicaron<b> <\/b>Para Ana (de tu muerto) y, al a\u00f1o siguiente, Lo inevitable del amor. El tertuliano tambi\u00e9n es conocido por sus dardos a la izquierda y al feminismo. \u201cHe votado a la izquierda toda mi vida, pero antes de votar a Pedro S\u00e1nchez, me corto la mano. No tiene ideolog\u00eda ni principios, reconozco a los cuentistas\u201d, cont\u00f3 en ese encuentro en El Mundo, donde tambi\u00e9n apunt\u00f3 contra las mujeres de Podemos. \u201cLas feministas de Podemos han hecho un flaco favor a su causa porque, realmente, les importa un carajo\u201d, dijo. El comunicador tambi\u00e9n colabora con el programa de su mujer, La Roca, y ejerce de jurado del programa El desaf\u00edo. Del Val tambi\u00e9n le ha dedicado al premio a Roca: \u201cEste premio es por ti\u201d.<\/p>\n<p class=\"\">Cuando el martes se present\u00f3 su novela como parte del grupo de finalistas bajo el t\u00edtulo inicial No es tan f\u00e1cil morir de amor y el seud\u00f3nimo de Elvira Torres, la escritora y miembro del jurado Luz Gab\u00e1s defendi\u00f3 la obra de Del Val como una \u201cnovela \u00e1gil sobre el deseo de liberaci\u00f3n personal de una mujer atrapada en un mundo l\u00e1nguido y lleno de domingos por la tarde\u201d. El destino quiso que fuese la ganadora del Planeta en 2022 la que dijera esas palabras. Pocas horas despu\u00e9s de que<a href=\"https:\/\/elpais.com\/cultura\/2022-10-15\/luz-gabas-autora-de-palmeras-en-la-nieve-gana-el-premio-planeta.html\" target=\"_self\" rel=\"nofollow noopener\" title=\"https:\/\/elpais.com\/cultura\/2022-10-15\/luz-gabas-autora-de-palmeras-en-la-nieve-gana-el-premio-planeta.html\"> Gab\u00e1s ganase aquel a\u00f1o con su novela Lejos de Luisana<\/a>, Del Val cont\u00f3<a href=\"https:\/\/www.lasexta.com\/programas\/la-roca\/anecdota-juan-val-gala-premio-planeta-que-llevo-ser-pringado_20221016634c26d2f82e1b00011d464f.html\" rel=\"nofollow noopener\" target=\"_blank\"> en La Roca<\/a>, el programa que presenta su mujer, que en esa fiesta \u201cdonde los invitados se peleaban por las croquetas\u201d su nombre fue uno de los m\u00e1s comentados. \u201cSiempre hay quinielas para adivinar qui\u00e9n va a ganar el Premio Planeta este a\u00f1o, y siempre aparece un nombre que se va escuchando durante todo el d\u00eda, que en la realidad es un pringado del que todo el mundo piensa que va a ganar y, por supuesto, no gana. Este a\u00f1o he sido yo\u201d, dijo. Si en 2024 se brome\u00f3 en las horas previas al fallo con la posibilidad de que ganase Pablo Motos, este a\u00f1o ha sido uno de sus \u00edntimos y colaboradores quien se ha alzado con el galard\u00f3n. En 2025, el nombre que m\u00e1s se repet\u00eda en las quinielas desde el martes era el de Juan del Val junto al de M\u00e1ximo Huerta.<\/p>\n<p>El \u2018thriller\u2019 gallego, finalista<\/p>\n<p class=\"\">La finalista ha sido la escritora gallega \u00c1ngela Banzas (Santiago de Compostela, 43 a\u00f1os) con Cuando el viento hable, un drama hist\u00f3rico con tintes g\u00f3ticos escritos en cap\u00edtulos en primera y tercera persona. Presentada como El color de la lluvia y el seud\u00f3nimo de Sof\u00eda Garc\u00eda, la novela narra la historia de una joven nacida en la posguerra y criada por sus abuelos en la Galia rural que, tras acudir al hospital por una dolencia, descubrir\u00e1 la existencia de una hermana gemela perdida y que en ese centro sanitario se ocultan los horrores de experimentos con personas. Al presentarla a la prensa, Gab\u00e1s la defendi\u00f3 como \u201cuna bella novela sobre la p\u00e9rdida, el silencio, la memoria familiar y lo colectivo\u201d.<\/p>\n<p class=\"\">\u201cEs mi historia m\u00e1s especial, es una novela muy \u00edntima. Parte de un recuerdo de infancia y hasta d\u00eda de hoy ha marcado mi forma de valorar la vida\u201d, ha contado la finalista. Gab\u00e1s ha explicado que la historia parte de la memoria de cuando ten\u00eda 3 a\u00f1os y comparti\u00f3 habitaci\u00f3n de hospital con una ni\u00f1a que iba a morir. \u201cYo conceb\u00ed esta historia como una vela blanca en el horizonte\u201d, ha remarcado. <\/p>\n<p class=\"\">Licenciada en Ciencias Pol\u00edticas y Administraci\u00f3n por la Universidad de Santiago de Compostela, m\u00e1ster en el Centro de Estudios Europeos de Negocios y consultora para diferentes administraciones, a Banzas se la ha etiquetado como la voz del thriller gallego por ambientar todas sus obras en ese territorio. Es la autora El silencio de las olas (Suma, 2021), a la que sigui\u00f3 La conjura de la niebla y en 2023 public\u00f3 La sombra de la rosa.<\/p>\n<p class=\"\">El jurado del premio lo han integrado este a\u00f1o Jos\u00e9 Manuel Blecua, Juan Eslava Gal\u00e1n, Luz Gab\u00e1s, Pere Gimferrer, Eva Giner, Carmen Posadas y Belen L\u00f3pez. En 2024, la finalista fue Beatriz Serrano con Fuego en la Garganta.<\/p>\n<p class=\"\">La edici\u00f3n n\u00famero 74 del Premio Planeta ha contado con un r\u00e9cord de participaci\u00f3n de novelas: 1.320 manuscritos. \u201cEl libro goza de muy buena salud\u201d, dijo el martes en la rueda de prensa de presentaci\u00f3n del premio y los diez finalistas el presidente del Grupo Planeta, Jos\u00e9 Creuheras, especificando que se han superado los 46 millones de ejemplares vendidos en el \u00faltimo a\u00f1o. <\/p>\n","protected":false},"excerpt":{"rendered":"El escritor y tertuliano Juan del Val (Madrid, 55 a\u00f1os) ha ganado el Premio Planeta 2025 con la&hellip;\n","protected":false},"author":2,"featured_media":179342,"comment_status":"","ping_status":"","sticky":false,"template":"","format":"standard","meta":{"footnotes":""},"categories":[91],"tags":[209,5813,146,147,25,1598,24,30564,4260,225,4259,4042,23],"class_list":{"0":"post-179341","1":"post","2":"type-post","3":"status-publish","4":"format-standard","5":"has-post-thumbnail","7":"category-entretenimiento","8":"tag-cultura","9":"tag-el-hormiguero","10":"tag-entertainment","11":"tag-entretenimiento","12":"tag-es","13":"tag-escritores","14":"tag-espana","15":"tag-grupo-planeta","16":"tag-juan-del-val","17":"tag-libros","18":"tag-nuria-roca","19":"tag-premio-planeta","20":"tag-spain"},"share_on_mastodon":{"url":"","error":""},"_links":{"self":[{"href":"https:\/\/www.europesays.com\/es\/wp-json\/wp\/v2\/posts\/179341","targetHints":{"allow":["GET"]}}],"collection":[{"href":"https:\/\/www.europesays.com\/es\/wp-json\/wp\/v2\/posts"}],"about":[{"href":"https:\/\/www.europesays.com\/es\/wp-json\/wp\/v2\/types\/post"}],"author":[{"embeddable":true,"href":"https:\/\/www.europesays.com\/es\/wp-json\/wp\/v2\/users\/2"}],"replies":[{"embeddable":true,"href":"https:\/\/www.europesays.com\/es\/wp-json\/wp\/v2\/comments?post=179341"}],"version-history":[{"count":0,"href":"https:\/\/www.europesays.com\/es\/wp-json\/wp\/v2\/posts\/179341\/revisions"}],"wp:featuredmedia":[{"embeddable":true,"href":"https:\/\/www.europesays.com\/es\/wp-json\/wp\/v2\/media\/179342"}],"wp:attachment":[{"href":"https:\/\/www.europesays.com\/es\/wp-json\/wp\/v2\/media?parent=179341"}],"wp:term":[{"taxonomy":"category","embeddable":true,"href":"https:\/\/www.europesays.com\/es\/wp-json\/wp\/v2\/categories?post=179341"},{"taxonomy":"post_tag","embeddable":true,"href":"https:\/\/www.europesays.com\/es\/wp-json\/wp\/v2\/tags?post=179341"}],"curies":[{"name":"wp","href":"https:\/\/api.w.org\/{rel}","templated":true}]}}