{"id":17936,"date":"2025-08-01T06:39:08","date_gmt":"2025-08-01T06:39:08","guid":{"rendered":"https:\/\/www.europesays.com\/es\/17936\/"},"modified":"2025-08-01T06:39:08","modified_gmt":"2025-08-01T06:39:08","slug":"barcelona-renace-la-capilla-gitana-que-el-sindicalista-helios-gomez-pinto-en-la-carcel-modelo-noticias-de-cataluna","status":"publish","type":"post","link":"https:\/\/www.europesays.com\/es\/17936\/","title":{"rendered":"Barcelona : Renace la \u2018Capilla Gitana\u2019 que el sindicalista Helios G\u00f3mez pint\u00f3 en la c\u00e1rcel Modelo | Noticias de Catalu\u00f1a"},"content":{"rendered":"<p class=\"\"><a href=\"https:\/\/elpais.com\/ccaa\/2017\/05\/07\/catalunya\/1494181707_556000.html\" target=\"_self\" rel=\"nofollow noopener\" title=\"https:\/\/elpais.com\/ccaa\/2017\/05\/07\/catalunya\/1494181707_556000.html\">Gabriel G\u00f3mez ten\u00eda cinco a\u00f1os cuando<\/a> visit\u00f3 a su padre Helios G\u00f3mez, recluso en la c\u00e1rcel Modelo de Barcelona. Era un sindicalista antifranquista, pintor, cartelista y poeta de etnia gitana al que la represi\u00f3n franquista encarcel\u00f3 varias veces. En 1948 fue recluido por pertenecer a una asociaci\u00f3n declarada como ilegal. Estuvo encarcelado hasta 1954. \u201cEl d\u00eda de la Merc\u00e9 permit\u00edan que los familiares vini\u00e9ramos a la prisi\u00f3n. Estuve en el patio de la Modelo con mi padre. En casa pas\u00e1bamos mucha hambre y vi el rancho de garbanzos que les iban a dar pero no me dejo probar bocado\u201d, recuerda G\u00f3mez. Es de los pocos recuerdos que conserva. Helios muri\u00f3 en 1956 con 51 a\u00f1os. En 1950, siendo recluso, el sacerdote de prisi\u00f3n, Bienvenido Lahoz, oblig\u00f3 a Helios a pintar en una celda \u2014la n\u00famero 1 del primer piso de la cuarta galer\u00eda\u2014 una capilla para que los reclusos pudieran rezar antes de que les enviaran al pelot\u00f3n de fusilamiento. \u201cS\u00e9 que al principio se neg\u00f3. Luego pint\u00f3 una virgen gitana, los \u00e1ngeles tambi\u00e9n y los personajes que aparec\u00edan en la obra eran otros reclusos\u201d, instruye Gabriel. La obra de arte pas\u00f3 a denominarse la Capilla Gitana y solo pod\u00edan disfrutar los presos de la cuarta galer\u00eda. En 1998, bajo el mandato convergente en la consejera de Justicia de <a href=\"https:\/\/elpais.com\/noticias\/nuria-de-gispert-catala\/\" target=\"_self\" rel=\"nofollow noopener\" title=\"https:\/\/elpais.com\/noticias\/nuria-de-gispert-catala\/\">N\u00faria de Gispert<\/a>, el director de la Modelo aleg\u00f3 \u201crazones de higiene\u201d y orden\u00f3 pintar de blanco la celda. Han pasado 27 a\u00f1os en los que Gabriel ha reivindicado constantemente la obra y ha denunciado la aberraci\u00f3n art\u00edstica perpetrada contra la Capilla Gitana.<\/p>\n<p class=\"\">Los restauradores de Bienes muebles de la Generalitat llevan seis meses trabajando para quitar hasta 15 capas de pintura que tapan la obra de Helios. Ayer mostraron techo, \u00e1ngeles y la virgen de la Merc\u00e9 Gitana del artista. Gabriel reconoce que una peque\u00f1a parte del desagravio a su padre ha sido restituida. <\/p>\n<p class=\"\">La recuperaci\u00f3n de la Capilla Gitana es una de las reivindicaciones de las instituciones socialistas. El alcalde de Barcelona, Jaume Collboni, y la consejera de Cultura de la Generalitat, S\u00f2nia Hern\u00e1ndez, comprobaron ayer c\u00f3mo avanzan los trabajos de restauraci\u00f3n. Ambos dirigentes pol\u00edticos, junto con la consejera de Derechos Sociales, M\u00f2nica Mart\u00ednez y la consejera de Igualdad y Feminismo, Eva Menor, resaltaron que el mi\u00e9rcoles fue el D\u00eda de Lucha contra el Antigitanismo y quisieron rendir, as\u00ed, homenaje tanto a ese colectivo como a la figura de Helios G\u00f3mez. Collboni destac\u00f3 que recuperar la capilla es recuperar \u201cun tesoro patrimonial que ha estado oculto durante mucho tiempo y que algunos quer\u00edan que quedara oculto siempre\u201d. <\/p>\n<p><img alt=\"Gabriel G\u00f3mez, hijo de Helios G\u00f3mez, conversa con el alcalde de Barcelona, Jaume Collboni.\" decoding=\"auto\" class=\"_re lazyload a_m-h\" height=\"276\"  width=\"414\"  src=\"https:\/\/www.europesays.com\/es\/wp-content\/uploads\/2025\/08\/37MRB34LVBBM3AOFNJA6JKER4U.jpg\" loading=\"lazy\"\/>Gabriel G\u00f3mez, hijo de Helios G\u00f3mez, conversa con el alcalde de Barcelona, Jaume Collboni.Albert Garcia<\/p>\n<p class=\"\">Gabriel G\u00f3mez record\u00f3 que la capilla era la primera celda del \u201ccorredor de la muerte\u201d. All\u00ed acud\u00edan los reclusos minutos antes de que les subieran a un cami\u00f3n direcci\u00f3n al Campo de la Bota donde se fusilaba, sobre todo, a los disidentes con el r\u00e9gimen franquista. Collboni asegur\u00f3 que la intenci\u00f3n es que la obra trascienda a los muros de la prisi\u00f3n y se convierta en una \u201creivindicaci\u00f3n y en <a href=\"https:\/\/elpais.com\/espana\/catalunya\/2025-04-08\/la-comunidad-gitana-pone-al-rio-besos-como-testigo-de-su-memoria-nuestro-pueblo-forma-parte-de-la-historia-de-cataluna.html\" target=\"_self\" rel=\"nofollow noopener\" title=\"https:\/\/elpais.com\/espana\/catalunya\/2025-04-08\/la-comunidad-gitana-pone-al-rio-besos-como-testigo-de-su-memoria-nuestro-pueblo-forma-parte-de-la-historia-de-cataluna.html\">un s\u00edmbolo de la memoria gitan<\/a>a y la Barcelona diversa\u201d. El alcalde afirm\u00f3 que, tras el blanqueamiento de la celda, sin la constancia y la reivindicaci\u00f3n de Gabriel no hubiera sido posible recuperar los frescos de Helios. <\/p>\n<p class=\"\">La consellera Hern\u00e1ndez destac\u00f3 que la restauraci\u00f3n de la capilla refleja que el patrimonio es de \u201ctodos\u201d y responde a la reivindicaci\u00f3n desde hace a\u00f1os de la comunidad gitana, cient\u00edfica, historiadores y vecinos. La consejera record\u00f3 que Helios ingres\u00f3 en prisi\u00f3n y nunca fue ni juzgado ni sentenciado, adem\u00e1s del papel anarquista del pintor y ha concluido: \u201cFue artista por ser revolucionario y revolucionario por ser artista\u201d. Hern\u00e1ndez anunci\u00f3 que una vez culminada la restauraci\u00f3n se declarar\u00e1 la capilla como Bien Cultural de Inter\u00e9s Nacional. <\/p>\n<p class=\"\">La directora del Centro de Restauraci\u00f3n de Bienes Muebles de Catalu\u00f1a, Mireia Mestre, inform\u00f3 de que la restauraci\u00f3n ha sido complicada por las capas de pintura sobre el fresco. La celda fue un oratorio, pero tambi\u00e9n biblioteca, almac\u00e9n\u2026 y fue muchas veces maltratada.<a href=\"https:\/\/elpais.com\/diario\/2007\/01\/15\/catalunya\/1168826849_850215.html\" target=\"_self\" rel=\"nofollow noopener\" title=\"https:\/\/elpais.com\/diario\/2007\/01\/15\/catalunya\/1168826849_850215.html\"> Solo hab\u00eda fotograf\u00edas en blanco y negro de las pinturas y otras en color que hizo Gabriel Helios<\/a> en los a\u00f1os 80 tras pedir permiso para entrar al centro penitenciario. Aun as\u00ed, nunca se fotografi\u00f3 el techo donde, ahora, han aparecido m\u00e1s dibujos. <\/p>\n<p class=\"\">El pr\u00f3ximo oto\u00f1o se seguir\u00e1 trabajando en retirar la pintura de la parte baja de la celda y no se podr\u00e1 visitar hasta finales de 2026 o principios de 2027. Se ha necesitado el apoyo de laboratorios fisicoqu\u00edmicos para no da\u00f1ar los murales originales. Mestre asegura que se realizara un modelo en 3D de la capilla para poder estudiarlo mejor. <\/p>\n","protected":false},"excerpt":{"rendered":"Gabriel G\u00f3mez ten\u00eda cinco a\u00f1os cuando visit\u00f3 a su padre Helios G\u00f3mez, recluso en la c\u00e1rcel Modelo de&hellip;\n","protected":false},"author":2,"featured_media":17937,"comment_status":"","ping_status":"","sticky":false,"template":"","format":"standard","meta":{"footnotes":""},"categories":[173],"tags":[229,233,231,230,210,10712,1980,232,11399,234,146,147,25,24,11398,2158,503,23],"class_list":{"0":"post-17936","1":"post","2":"type-post","3":"status-publish","4":"format-standard","5":"has-post-thumbnail","7":"category-arte-y-diseno","8":"tag-arte","9":"tag-arte-y-diseno","10":"tag-arts","11":"tag-arts-and-design","12":"tag-barcelona","13":"tag-carcel-modelo","14":"tag-cataluna","15":"tag-design","16":"tag-dibujo","17":"tag-diseno","18":"tag-entertainment","19":"tag-entretenimiento","20":"tag-es","21":"tag-espana","22":"tag-jaume-collboni","23":"tag-justicia","24":"tag-pintura","25":"tag-spain"},"share_on_mastodon":{"url":"","error":""},"_links":{"self":[{"href":"https:\/\/www.europesays.com\/es\/wp-json\/wp\/v2\/posts\/17936","targetHints":{"allow":["GET"]}}],"collection":[{"href":"https:\/\/www.europesays.com\/es\/wp-json\/wp\/v2\/posts"}],"about":[{"href":"https:\/\/www.europesays.com\/es\/wp-json\/wp\/v2\/types\/post"}],"author":[{"embeddable":true,"href":"https:\/\/www.europesays.com\/es\/wp-json\/wp\/v2\/users\/2"}],"replies":[{"embeddable":true,"href":"https:\/\/www.europesays.com\/es\/wp-json\/wp\/v2\/comments?post=17936"}],"version-history":[{"count":0,"href":"https:\/\/www.europesays.com\/es\/wp-json\/wp\/v2\/posts\/17936\/revisions"}],"wp:featuredmedia":[{"embeddable":true,"href":"https:\/\/www.europesays.com\/es\/wp-json\/wp\/v2\/media\/17937"}],"wp:attachment":[{"href":"https:\/\/www.europesays.com\/es\/wp-json\/wp\/v2\/media?parent=17936"}],"wp:term":[{"taxonomy":"category","embeddable":true,"href":"https:\/\/www.europesays.com\/es\/wp-json\/wp\/v2\/categories?post=17936"},{"taxonomy":"post_tag","embeddable":true,"href":"https:\/\/www.europesays.com\/es\/wp-json\/wp\/v2\/tags?post=17936"}],"curies":[{"name":"wp","href":"https:\/\/api.w.org\/{rel}","templated":true}]}}