{"id":179361,"date":"2025-10-15T22:13:08","date_gmt":"2025-10-15T22:13:08","guid":{"rendered":"https:\/\/www.europesays.com\/es\/179361\/"},"modified":"2025-10-15T22:13:08","modified_gmt":"2025-10-15T22:13:08","slug":"al-menos-cinco-arrestados-en-la-concentracion-propalestina-anterior-al-valencia-basket","status":"publish","type":"post","link":"https:\/\/www.europesays.com\/es\/179361\/","title":{"rendered":"Al menos cinco arrestados en la concentraci\u00f3n propalestina anterior al Valencia Basket"},"content":{"rendered":"<p>                <img decoding=\"async\" class=\"lazy\" loading=\"lazy\" data-src=\"https:\/\/static.eldiario.es\/clip\/1c6da6ad-7f78-425a-b4c6-f7d1a96b0d9a_16-9-aspect-ratio_default_0.jpg\" src=\"data:image\/svg+xml,%3Csvg xmlns=\" http:=\"\" viewbox=\"0 0 16 9\" alt=\"Miembros del SAMU atienden a una herida en el entorno del Roig Arena el 15 de octubre de 2025\"\/><\/p>\n<p class=\"article-text\">\n        Al menos cinco personas han sido arrestadas este mi\u00e9rcoles en la concentraci\u00f3n propalestina anterior al partido del Valencia Basket contra el Hapoel Tel Aviv de la Euroliga de baloncesto, seg\u00fan datos de la Delegaci\u00f3n del Gobierno en la Comunitat Valenciana. Dos de los detenidos pertenecer\u00edan al Sindicato de Estudiantes, seg\u00fan ha denunciado la organizaci\u00f3n.\n    <\/p>\n<p class=\"article-text\">\n        Los manifestantes se hab\u00edan concentrado en el entorno del pabell\u00f3n Roig Arena, donde se disputar\u00eda el encuentro. Un dispositivo de 500 agentes de la Polic\u00eda Nacional se despleg\u00f3 en el lugar.\n    <\/p>\n<blockquote class=\"twitter-tweet\" data-lang=\"es\"><p><a href=\"https:\/\/twitter.com\/X\/status\/1978537626379395321?ref_src=twsrc%5Etfw\" rel=\"nofollow noopener\" target=\"_blank\"><\/p><\/blockquote>\n<p class=\"article-text\">\n        Por <strong>Virginia Sarabia<\/strong>\n    <\/p>\n<p>                                    <script async src=\"https:\/\/platform.twitter.com\/widgets.js\" charset=\"utf-8\"><\/script><\/p>\n","protected":false},"excerpt":{"rendered":"Al menos cinco personas han sido arrestadas este mi\u00e9rcoles en la concentraci\u00f3n propalestina anterior al partido del Valencia&hellip;\n","protected":false},"author":2,"featured_media":179362,"comment_status":"","ping_status":"","sticky":false,"template":"","format":"standard","meta":{"footnotes":""},"categories":[269],"tags":[9122,299,298,168,2125,25,24,694,1458,13181,9072,23,167,1885],"class_list":{"0":"post-179361","1":"post","2":"type-post","3":"status-publish","4":"format-standard","5":"has-post-thumbnail","7":"category-baloncesto","8":"tag-9122","9":"tag-baloncesto","10":"tag-basketball","11":"tag-deportes","12":"tag-directo","13":"tag-es","14":"tag-espana","15":"tag-gaza","16":"tag-hora","17":"tag-huelga","18":"tag-octubre","19":"tag-spain","20":"tag-sports","21":"tag-ultima"},"share_on_mastodon":{"url":"","error":""},"_links":{"self":[{"href":"https:\/\/www.europesays.com\/es\/wp-json\/wp\/v2\/posts\/179361","targetHints":{"allow":["GET"]}}],"collection":[{"href":"https:\/\/www.europesays.com\/es\/wp-json\/wp\/v2\/posts"}],"about":[{"href":"https:\/\/www.europesays.com\/es\/wp-json\/wp\/v2\/types\/post"}],"author":[{"embeddable":true,"href":"https:\/\/www.europesays.com\/es\/wp-json\/wp\/v2\/users\/2"}],"replies":[{"embeddable":true,"href":"https:\/\/www.europesays.com\/es\/wp-json\/wp\/v2\/comments?post=179361"}],"version-history":[{"count":0,"href":"https:\/\/www.europesays.com\/es\/wp-json\/wp\/v2\/posts\/179361\/revisions"}],"wp:featuredmedia":[{"embeddable":true,"href":"https:\/\/www.europesays.com\/es\/wp-json\/wp\/v2\/media\/179362"}],"wp:attachment":[{"href":"https:\/\/www.europesays.com\/es\/wp-json\/wp\/v2\/media?parent=179361"}],"wp:term":[{"taxonomy":"category","embeddable":true,"href":"https:\/\/www.europesays.com\/es\/wp-json\/wp\/v2\/categories?post=179361"},{"taxonomy":"post_tag","embeddable":true,"href":"https:\/\/www.europesays.com\/es\/wp-json\/wp\/v2\/tags?post=179361"}],"curies":[{"name":"wp","href":"https:\/\/api.w.org\/{rel}","templated":true}]}}