{"id":179371,"date":"2025-10-15T22:19:16","date_gmt":"2025-10-15T22:19:16","guid":{"rendered":"https:\/\/www.europesays.com\/es\/179371\/"},"modified":"2025-10-15T22:19:16","modified_gmt":"2025-10-15T22:19:16","slug":"ana-mena-se-defiende-tras-matar-a-un-chico-en-largate-los-hombres-hacen-canciones-sexualizandonos-todo-el-tiempo-y-las-bailamos","status":"publish","type":"post","link":"https:\/\/www.europesays.com\/es\/179371\/","title":{"rendered":"Ana Mena se defiende tras &#8216;matar&#8217; a un chico en &#8216;L\u00e1rgate&#8217;: \u00abLos hombres hacen canciones sexualiz\u00e1ndonos todo el tiempo y las bailamos\u00bb"},"content":{"rendered":"<p>La malague\u00f1a Ana Mena se ha defendido ante las cr\u00edticas hacia la letra de su nueva canci\u00f3n, &#8216;L\u00e1rgate&#8217;, en la que habla de matar a  &#8230; un chico que le ha hecho da\u00f1o. \u00abLos hombres hacen canciones sexualizando a las mujeres todo el tiempo y todos las bailamos en las discotecas\u00bb, ha declarado.<\/p>\n<p class=\"v-p\">\u00abNadie va a matar a nadie, pero hay que querer entender las cosas desde un punto art\u00edstico que es desde donde est\u00e1n hechas\u00bb, ha enfatizado la artista en una entrevista con Europa Press. En la canci\u00f3n, la malague\u00f1a canta al desamor desde la rabia con estrofas como &#8216;tengo diez mil maneras para matarte y as\u00ed no verte&#8217; o &#8216;si este amor me dej\u00f3 una cicatriz, la tuya va a ser de muerte&#8217;, por lo que ha recibido cr\u00edticas en redes sociales.<\/p>\n<p class=\"v-p\">&#8216;L\u00e1rgate&#8217; es el primer adelanto del nuevo disco en el que est\u00e1 trabajando, y se une a una larga lista de &#8216;hits&#8217; como &#8216;carita triste&#8217;, &#8216;Madrid City&#8217;, &#8216;A un paso de la luna&#8217;. Aparece despu\u00e9s de un par\u00f3n musical en el que la artista ha estado enfocada en \u00abescribir muchas canciones y vivir un poco\u00bb, como ha confesado.<\/p>\n<p class=\"v-p\">En el videoclip de este single, la cantante aparece disparando a un reloj que marca las 12.00, una referencia a uno de sus temas m\u00e1s queridos por el p\u00fablico &#8216;Las 12&#8217;, y que simboliza un cambio de rumbo en su carrera musical, seg\u00fan ha confirmado la malague\u00f1a.<\/p>\n<p class=\"v-p\">\u00abTen\u00eda muchas ganas de volver con algo nuevo y con algo que me representase mucho. Siempre voy a estar agradecid\u00edsima a mi etapa anterior y no considero que vaya a cambiar de identidad ni de estilo, pero s\u00ed es verdad que lo entiendo como el inicio de una etapa nueva\u00bb, ha dicho la int\u00e9rprete de &#8216;M\u00fasica ligera&#8217; al respecto.<\/p>\n<p>Sobre Eurovisi\u00f3n<\/p>\n<p class=\"v-p\">La cantante particip\u00f3 en San Remo, el festival italiano para elegir qui\u00e9n ser\u00e1 el representante del pa\u00eds en Eurovision, en el a\u00f1o 2022. Preguntada por la posici\u00f3n de RTVE sobre no participar en el festival este a\u00f1o si Israel contin\u00faa en la competici\u00f3n, la cantante ha manifestado que \u00abojal\u00e1 todo se termine solucionando\u00bb.<\/p>\n<p class=\"v-p\">\u00abSobre todo por una cuesti\u00f3n art\u00edstica, que me parece que es lo que hay que premiar, pero lo entiendo perfectamente\u00bb, ha subrayado la artista, quien adem\u00e1s ha expresado que su core\u00f3grafo, Borja Rueda, es quien este a\u00f1o se ocupar\u00eda de la direcci\u00f3n art\u00edstica de la propuesta de Espa\u00f1a para Eurovisi\u00f3n.<\/p>\n<p class=\"v-p\">\u00abBorja es el que este a\u00f1o est\u00e1 ocupado de hacer toda la direcci\u00f3n art\u00edstica y eso es lo que m\u00e1s me ilusiona del mundo, porque es un crack. As\u00ed que, por \u00e9l, ojal\u00e1 pueda poner todo su arte y que la gente flipe con \u00e9l. Pero entiendo el punto completamente\u00bb, ha insistido.<\/p>\n<p class=\"v-p\">Adem\u00e1s de centrarse en la creaci\u00f3n de su nuevo \u00e1lbum, Ana Mena ha apostado por la actuaci\u00f3n durante esta nueva etapa, protagonizando junto al actor \u00d3scar Casas la pel\u00edcula &#8216;\u00cddolos&#8217;, que se estrenar\u00e1 en Espa\u00f1a a principios de 2026. \u00abSiempre que pueda compaginar la m\u00fasica con el cine, son mis dos grandes pasiones\u00bb, ha afirmado.<\/p>\n<p class=\"v-p\">\u00abEs la primera pel\u00edcula que se hace del Mundial de MotoGP. Creo que se hicieron documentales, pero nunca se hab\u00eda hecho una pel\u00edcula de ficci\u00f3n como tal. Hemos rodado de una manera muy realista, porque al final est\u00e1bamos en los circuitos reales, con los pilotos reales. Disfrut\u00e9 el rodaje much\u00edsimo\u00bb, ha contado la artista.<\/p>\n","protected":false},"excerpt":{"rendered":"La malague\u00f1a Ana Mena se ha defendido ante las cr\u00edticas hacia la letra de su nueva canci\u00f3n, &#8216;L\u00e1rgate&#8217;,&hellip;\n","protected":false},"author":2,"featured_media":179372,"comment_status":"","ping_status":"","sticky":false,"template":"","format":"standard","meta":{"footnotes":""},"categories":[170],"tags":[683,51082,218,14404,5443,146,147,25,24,12257,12475,28018,184,185,524,51081,23,159,575,13897],"class_list":{"0":"post-179371","1":"post","2":"type-post","3":"status-publish","4":"format-standard","5":"has-post-thumbnail","7":"category-musica","8":"tag-ana","9":"tag-bailamos","10":"tag-canciones","11":"tag-chico","12":"tag-defiende","13":"tag-entertainment","14":"tag-entretenimiento","15":"tag-es","16":"tag-espana","17":"tag-hombres","18":"tag-matar","19":"tag-mena","20":"tag-music","21":"tag-musica","22":"tag-nuevo","23":"tag-sexualizandonos","24":"tag-spain","25":"tag-tiempo","26":"tag-tras","27":"tag-videoclip"},"share_on_mastodon":{"url":"","error":""},"_links":{"self":[{"href":"https:\/\/www.europesays.com\/es\/wp-json\/wp\/v2\/posts\/179371","targetHints":{"allow":["GET"]}}],"collection":[{"href":"https:\/\/www.europesays.com\/es\/wp-json\/wp\/v2\/posts"}],"about":[{"href":"https:\/\/www.europesays.com\/es\/wp-json\/wp\/v2\/types\/post"}],"author":[{"embeddable":true,"href":"https:\/\/www.europesays.com\/es\/wp-json\/wp\/v2\/users\/2"}],"replies":[{"embeddable":true,"href":"https:\/\/www.europesays.com\/es\/wp-json\/wp\/v2\/comments?post=179371"}],"version-history":[{"count":0,"href":"https:\/\/www.europesays.com\/es\/wp-json\/wp\/v2\/posts\/179371\/revisions"}],"wp:featuredmedia":[{"embeddable":true,"href":"https:\/\/www.europesays.com\/es\/wp-json\/wp\/v2\/media\/179372"}],"wp:attachment":[{"href":"https:\/\/www.europesays.com\/es\/wp-json\/wp\/v2\/media?parent=179371"}],"wp:term":[{"taxonomy":"category","embeddable":true,"href":"https:\/\/www.europesays.com\/es\/wp-json\/wp\/v2\/categories?post=179371"},{"taxonomy":"post_tag","embeddable":true,"href":"https:\/\/www.europesays.com\/es\/wp-json\/wp\/v2\/tags?post=179371"}],"curies":[{"name":"wp","href":"https:\/\/api.w.org\/{rel}","templated":true}]}}