{"id":179379,"date":"2025-10-15T22:23:08","date_gmt":"2025-10-15T22:23:08","guid":{"rendered":"https:\/\/www.europesays.com\/es\/179379\/"},"modified":"2025-10-15T22:23:08","modified_gmt":"2025-10-15T22:23:08","slug":"juan-del-val-se-alza-con-el-premio-planeta-con-una-historia-de-amor-en-la-alta-sociedad-sevillana","status":"publish","type":"post","link":"https:\/\/www.europesays.com\/es\/179379\/","title":{"rendered":"Juan del Val se alza con el Premio Planeta con una historia de amor en la alta sociedad sevillana"},"content":{"rendered":"<p style=\"\">Sorpresa may\u00fascula en el Premio Planeta. El <a href=\"https:\/\/www.abc.es\/gente\/vida-personal-juan-val-profesion-famoso-matrimonio-20250123200000-nt.html\" target=\"_self\" data-voc-vtm-id=\"in-text-traffic\" title=\"televisivo Juan del Val\" data-mrf-link=\"www.abc.es\" rel=\"nofollow noopener\">televisivo Juan del Val<\/a> se alz\u00f3 con el galard\u00f3n mejor dotado de las letras espa\u00f1olas \u2013un mill\u00f3n de euros\u2013 con la novela<strong> &#8216;Vera, una historia de amor&#8217;,<\/strong> una rom\u00e1ntica adaptaci\u00f3n del mito mujer rica, amante  &#8230; pobre situada en la alta burgues\u00eda sevillana. Por su parte,<strong> la gallega \u00c1ngela Banzas<\/strong> se queda con los 200.000 euros de la finalista con la novela &#8216;Cuando el viento hable&#8217;, una historia se oscuros secretos familiares en la Galicia rural.<\/p>\n<p class=\"voc-p\" style=\"\">El <strong>Museo Nacional de Arte de Catalu\u00f1a (MNAC)<\/strong> acogi\u00f3 la tradicional gala del premio que reuni\u00f3 a casi un millar de personas del mundo de la cultura, la sociedad civil y la pol\u00edtica. Del Val, que ya gan\u00f3 en 2019 el premio Primavera de novela con &#8216;Candela&#8217; se mostr\u00f3 muy agradecido al jurado y mostr\u00f3 su entusiasmo porque su literatura llegue a un p\u00fablico todav\u00eda m\u00e1s amplio gracias al galard\u00f3n. <\/p>\n<p class=\"voc-p\" style=\"\">El marido de la periodista Nuria Roca y colaborador de <strong>&#8216;El hormiguero&#8217;<\/strong> se present\u00f3 al premio bajo <strong>el seud\u00f3nimo Elvira Torres y el t\u00edtulo &#8216;No es tan f\u00e1cil morir de amor&#8217;.<\/strong> En la sinopsis que se present\u00f3 ayer, el argumento era el siguiente: \u00abVera, una mujer de mediana edad perteneciente a la alta sociedad sevillana, rompe su matrimonio vac\u00edo con el marqu\u00e9s de Villa\u00e9cija. Su apasionada relaci\u00f3n con Antonio, m\u00e1s joven que ella y de origen humilde, la conduce a un proceso de liberaci\u00f3n personal que culmina con el descubrimiento de la verdadera cara de su exmarido\u00bb.<\/p>\n<p class=\"voc-p\" style=\"\">Del Val regresa al terreno que mejor conoce, el amor en todos sus quiebros y mutaciones. Despu\u00e9s de<strong> &#8216;Delparaiso&#8217; o &#8216;Bocabesada&#8217;,<\/strong> ahora vuelve a la narrativa con una historia en que pone a la mujer madura en el centro y la necesidad de la autoafirmaci\u00f3n y autodescubrimiento para creer en el amor m\u00e1s all\u00e1 de la juventud. Vera, su protagonista, descubrir\u00e1 sus propios deseos y necesidades y se enfrentar\u00e1 a los mitos patriarcales concentrados en la figura maquiav\u00e9lica del marqu\u00e9s.<\/p>\n<p class=\"voc-p\" style=\"\">Por su parte, <strong>\u00c1ngela Banzas<\/strong> se present\u00f3 al galard\u00f3n bajo el seud\u00f3nimo Sof\u00eda Garc\u00eda y el t\u00edtulo de &#8216;El color de la lluvia&#8217;. Su novela ha acabado titul\u00e1ndose <strong>&#8216;Cuando el viento hable&#8217;,<\/strong> donde nos presenta a Sof\u00eda, una joven criada por sus abuelos en la Galicia rural, que arrastra secretos familiares y grandes ausencias. Una extra\u00f1a dolencia la llevar\u00e1 al hospital, donde se ocultan los horrores de experimentos con personas. All\u00ed descubrir\u00e1 la existencia de una hermana gemela perdida. Con la ayuda de Daniel, descubrir\u00e1 la verdad y un camino hacia la esperanza\u00bb. Banzas publicaba hasta ahora en la editorial Suma, con historias que mezclaban misterio, folclore y aromas g\u00f3tico rom\u00e1nticos.<\/p>\n<p class=\"voc-p\" style=\"\">Despu\u00e9s de que <strong>Sonsoles \u00d3nega<\/strong> ganara hace dos a\u00f1os, la televisi\u00f3n y Atresmedia vuelven a copar el hist\u00f3rico galard\u00f3n. A pesar de que durante la presentaci\u00f3n del premio se habl\u00f3 de la llegada de la fantas\u00eda y la ciencia ficci\u00f3n entre las novelas finalistas, parece que todav\u00eda es demasiado pronto para que este tipo de literatura se cuele definitivamente en el palmar\u00e9s del premio. <\/p>\n","protected":false},"excerpt":{"rendered":"Sorpresa may\u00fascula en el Premio Planeta. El televisivo Juan del Val se alz\u00f3 con el galard\u00f3n mejor dotado&hellip;\n","protected":false},"author":2,"featured_media":179380,"comment_status":"","ping_status":"","sticky":false,"template":"","format":"standard","meta":{"footnotes":""},"categories":[91],"tags":[5593,7429,1733,146,147,25,24,448,409,5635,843,45273,492,23,32693],"class_list":{"0":"post-179379","1":"post","2":"type-post","3":"status-publish","4":"format-standard","5":"has-post-thumbnail","7":"category-entretenimiento","8":"tag-alta","9":"tag-alza","10":"tag-amor","11":"tag-entertainment","12":"tag-entretenimiento","13":"tag-es","14":"tag-espana","15":"tag-historia","16":"tag-juan","17":"tag-planeta","18":"tag-premio","19":"tag-sevillana","20":"tag-sociedad","21":"tag-spain","22":"tag-val"},"share_on_mastodon":{"url":"","error":""},"_links":{"self":[{"href":"https:\/\/www.europesays.com\/es\/wp-json\/wp\/v2\/posts\/179379","targetHints":{"allow":["GET"]}}],"collection":[{"href":"https:\/\/www.europesays.com\/es\/wp-json\/wp\/v2\/posts"}],"about":[{"href":"https:\/\/www.europesays.com\/es\/wp-json\/wp\/v2\/types\/post"}],"author":[{"embeddable":true,"href":"https:\/\/www.europesays.com\/es\/wp-json\/wp\/v2\/users\/2"}],"replies":[{"embeddable":true,"href":"https:\/\/www.europesays.com\/es\/wp-json\/wp\/v2\/comments?post=179379"}],"version-history":[{"count":0,"href":"https:\/\/www.europesays.com\/es\/wp-json\/wp\/v2\/posts\/179379\/revisions"}],"wp:featuredmedia":[{"embeddable":true,"href":"https:\/\/www.europesays.com\/es\/wp-json\/wp\/v2\/media\/179380"}],"wp:attachment":[{"href":"https:\/\/www.europesays.com\/es\/wp-json\/wp\/v2\/media?parent=179379"}],"wp:term":[{"taxonomy":"category","embeddable":true,"href":"https:\/\/www.europesays.com\/es\/wp-json\/wp\/v2\/categories?post=179379"},{"taxonomy":"post_tag","embeddable":true,"href":"https:\/\/www.europesays.com\/es\/wp-json\/wp\/v2\/tags?post=179379"}],"curies":[{"name":"wp","href":"https:\/\/api.w.org\/{rel}","templated":true}]}}