{"id":179387,"date":"2025-10-15T22:27:11","date_gmt":"2025-10-15T22:27:11","guid":{"rendered":"https:\/\/www.europesays.com\/es\/179387\/"},"modified":"2025-10-15T22:27:11","modified_gmt":"2025-10-15T22:27:11","slug":"dueno-de-las-populares-tiendas-textiles-alonso-y-padre-de-cuatro-hijos","status":"publish","type":"post","link":"https:\/\/www.europesays.com\/es\/179387\/","title":{"rendered":"due\u00f1o de las populares tiendas textiles Alonso y padre de cuatro hijos"},"content":{"rendered":"<p class=\"article-body__text \">\n        La empresa familiar lleg\u00f3 a contar con <strong>cuatro comercios<\/strong>, situados en las calles avenida de Zaragoza, calle Teobaldos, San Jorge y Berriozar, que <strong>se cerraron al p\u00fablico en el a\u00f1o 2008. <\/strong>\n<\/p>\n<p class=\"article-body__text \">\n        Vecino de Pamplona, el hombre fallecido ten\u00eda <strong>dos hijas (Ainhoa y Maite) y dos hijos (Ferm\u00edn y Juan)<\/strong>. Su hijo Ferm\u00edn Alonso fue <strong>concejal de UPN y PP en el Ayuntamiento de Pamplona<\/strong> en legislaturas pasadas, de mano de Yolanda Barcina y Enrique Maya. El funeral se celebrar\u00e1 este pr\u00f3ximo viernes, a las 20.00 horas , en la parroquia de San Nicol\u00e1s.\n<\/p>\n<p class=\"article-body__text \">\n        Precisamente este mismo martes, horas antes del fatal siniestro, <a href=\"https:\/\/www.noticiasdenavarra.com\/sociedad\/2025\/10\/14\/navarra-busca-reducir-siniestralidad-carreteras-10213279.html\" title=\"el Gobierno de Navarra anunciaba m\u00e1s controles, m\u00e1s radares y m\u00e1s c\u00e1maras\" class=\"link copy\" rel=\"nofollow noopener\" target=\"_blank\">el Gobierno de Navarra anunciaba m\u00e1s controles, m\u00e1s radares y m\u00e1s c\u00e1maras <\/a>para intentar frenar la alta siniestralidad vial que se est\u00e1 registrando este a\u00f1o, con ya nueve muertos m\u00e1s que en todo 2024.\n<\/p>\n<p>  Accidente dentro del t\u00fanel<\/p>\n<p class=\"article-body__text \">\n        El siniestro que le cost\u00f3 la vida a Mariano Sebasti\u00e1n Alonso Leache <strong>ocurri\u00f3 en el interior del t\u00fanel de Larrakaitz<\/strong> a las 16.25 horas y consisti\u00f3 en una colisi\u00f3n en la que <strong>se vieron implicados dos turismos<\/strong>, en uno de los cuales circulaban Mariano Sebasti\u00e1n Alonso y una de sus hijas,<strong> un cami\u00f3n r\u00edgido y uno articulado<\/strong>.\n<\/p>\n<p class=\"article-body__text \">\n        El centro de gesti\u00f3n de emergencias <strong>SOS Navarra 112 <\/strong>moviliz\u00f3 a efectivos de bomberos del parque de Oronoz, dos ambulancias de Soporte Vital Avanzado, otras dos ambulancias de Soporte Vital B\u00e1sico, los equipos m\u00e9dicos de Doneztebe y Lesaka, un<strong> helic\u00f3ptero medicalizado<\/strong>, personal de Obras P\u00fablicas y patrullas de la Guardia Civil.\u00a0\n<\/p>\n<p class=\"article-body__text \">\n        Los servicios de emergencia trasladaron al <strong>Hospital Universitario de Navarra<\/strong>, en Pamplona, a cuatro personas, entre ellos a Mariano Sebasti\u00e1n Alonso Leache, con<strong> traumatismo tor\u00e1cico y en la pelvis<\/strong>; a una hija suya, con politraumatismos de car\u00e1cter reservado; a otra mujer de 39 a\u00f1os con un traumatismo abdominal grave; y a un var\u00f3n de 50 a\u00f1os con contusiones de pron\u00f3stico leve. Este mismo mi\u00e9rcoles se produc\u00eda el fallecimiento del octogenario.<\/p>\n","protected":false},"excerpt":{"rendered":"La empresa familiar lleg\u00f3 a contar con cuatro comercios, situados en las calles avenida de Zaragoza, calle Teobaldos,&hellip;\n","protected":false},"author":2,"featured_media":179388,"comment_status":"","ping_status":"","sticky":false,"template":"","format":"standard","meta":{"footnotes":""},"categories":[8],"tags":[4205,17,18,4393,25,24,2051,13,14,11,19,20,9,10,15,16,13541,23,51083,12,21,22],"class_list":{"0":"post-179387","1":"post","2":"type-post","3":"status-publish","4":"format-standard","5":"has-post-thumbnail","7":"category-espana","8":"tag-accidente","9":"tag-breaking-news","10":"tag-breakingnews","11":"tag-dueno","12":"tag-es","13":"tag-espana","14":"tag-fallecido","15":"tag-featured-news","16":"tag-featurednews","17":"tag-headlines","18":"tag-latest-news","19":"tag-latestnews","20":"tag-news","21":"tag-noticias","22":"tag-noticias-destacadas","23":"tag-noticiasdestacadas","24":"tag-populares","25":"tag-spain","26":"tag-sunbilla","27":"tag-titulares","28":"tag-ultimas-noticias","29":"tag-ultimasnoticias"},"share_on_mastodon":{"url":"","error":""},"_links":{"self":[{"href":"https:\/\/www.europesays.com\/es\/wp-json\/wp\/v2\/posts\/179387","targetHints":{"allow":["GET"]}}],"collection":[{"href":"https:\/\/www.europesays.com\/es\/wp-json\/wp\/v2\/posts"}],"about":[{"href":"https:\/\/www.europesays.com\/es\/wp-json\/wp\/v2\/types\/post"}],"author":[{"embeddable":true,"href":"https:\/\/www.europesays.com\/es\/wp-json\/wp\/v2\/users\/2"}],"replies":[{"embeddable":true,"href":"https:\/\/www.europesays.com\/es\/wp-json\/wp\/v2\/comments?post=179387"}],"version-history":[{"count":0,"href":"https:\/\/www.europesays.com\/es\/wp-json\/wp\/v2\/posts\/179387\/revisions"}],"wp:featuredmedia":[{"embeddable":true,"href":"https:\/\/www.europesays.com\/es\/wp-json\/wp\/v2\/media\/179388"}],"wp:attachment":[{"href":"https:\/\/www.europesays.com\/es\/wp-json\/wp\/v2\/media?parent=179387"}],"wp:term":[{"taxonomy":"category","embeddable":true,"href":"https:\/\/www.europesays.com\/es\/wp-json\/wp\/v2\/categories?post=179387"},{"taxonomy":"post_tag","embeddable":true,"href":"https:\/\/www.europesays.com\/es\/wp-json\/wp\/v2\/tags?post=179387"}],"curies":[{"name":"wp","href":"https:\/\/api.w.org\/{rel}","templated":true}]}}