{"id":179391,"date":"2025-10-15T22:29:11","date_gmt":"2025-10-15T22:29:11","guid":{"rendered":"https:\/\/www.europesays.com\/es\/179391\/"},"modified":"2025-10-15T22:29:11","modified_gmt":"2025-10-15T22:29:11","slug":"makuc-lidera-al-barca-para-apagar-al-eurofarm-pelister-en-macedonia","status":"publish","type":"post","link":"https:\/\/www.europesays.com\/es\/179391\/","title":{"rendered":"Makuc lidera al Bar\u00e7a para apagar al Eurofarm Pelister en Macedonia"},"content":{"rendered":"<p data-mrf-recirculation=\"Links P\u00e1rrafos\" class=\"ue-c-article__paragraph paragraph ue-c-article--first-letter-highlighted\">El <strong>Bar\u00e7a <\/strong>firm\u00f3 este mi\u00e9rcoles su <strong>tercera victoria consecutiva en la EHF Champions League\u00a0<\/strong>tras sobreponerse al <strong>infierno <\/strong>del <strong>pabell\u00f3n Boro \u010curlevski <\/strong>de Bitola para <strong>superar con oficio y efectividad<\/strong> en los momentos clave al <strong>Eurofarm Pelister <\/strong>normacedonio por un ajustado <strong>30-34 <\/strong>en el partido correspondiente a la jornada 5 de la fase de grupos de la Liga de Campeones.<\/p>\n<p data-mrf-recirculation=\"Links P\u00e1rrafos\" class=\"ue-c-article__paragraph paragraph\">El conjunto cul\u00e9 mantiene as\u00ed el pulso por la segunda posici\u00f3n con el <strong>Wisla Plock<\/strong> polaco, su rival la pr\u00f3xima jornada, en un partido en el que <strong>lleg\u00f3 a colocarse siete goles arriba (17-24, min.38), pero baj\u00f3 la intensidad en el tramo final<\/strong> con los dos puntos en el bolsillo, lo que permiti\u00f3 al <strong>equipo balc\u00e1nico<\/strong> dirigido por el espa\u00f1ol Rub\u00e9n <strong>Garabaya maquillar el marcador.<\/strong><\/p>\n<p data-mrf-recirculation=\"Links P\u00e1rrafos\" class=\"ue-c-article__paragraph paragraph\">El <strong>Bar\u00e7a <\/strong>salt\u00f3 a la pista con m\u00e1s oficio que acierto. A pesar del empuje del <strong>capit\u00e1n Dika Mem<\/strong> y de la aportaci\u00f3n inagotable de <strong>Barrufet y Aleix G\u00f3mez <\/strong>desde los extremos, los <strong>locales sorprendieron <\/strong>al conjunto azulgrana.\u00a0<strong>Impulsados por las m\u00e1s de 5.000 gargantas que abarrotaban el pabell\u00f3n<\/strong>, as\u00ed como por la direcci\u00f3n de <strong>Kuzmanovski<\/strong> y los ca\u00f1onazos de <strong>Henigman desde los 9 metros<\/strong>, el <strong>Eurofarm Pelister mantuvo la igualdad <\/strong>en el arranque <strong>(6-6, min. 11).<\/strong><\/p>\n<p data-mrf-recirculation=\"Links P\u00e1rrafos\" class=\"ue-c-article__paragraph paragraph\">Los <strong>azulgranas <\/strong>sab\u00edan que la lucidez ofensiva inicial del equipo normacedonio terminar\u00eda por ceder, ya fuera por <strong>cansancio<\/strong>, el ritmo infernal del partido o las intervenciones de Nielsen.\u00a0Ese momento finalmente lleg\u00f3, y el <strong>Bar\u00e7a<\/strong>, <strong>con ataques r\u00e1pidos, firm\u00f3 un parcial de 1-6 (10-14, min. 23)<\/strong> que <strong>aplac\u00f3 la rebeld\u00eda local y rompi\u00f3 el choque<\/strong>. Pese a una t\u00edmida reacci\u00f3n de los anfitriones, el equipo de Carlos Ortega ampli\u00f3 la <strong>diferencia hasta el descanso (12-17).<\/strong><\/p>\n<p data-mrf-recirculation=\"Links P\u00e1rrafos\" class=\"ue-c-article__paragraph paragraph\">Tras el paso por vestuarios, el Bar\u00e7a, <strong>guiado por un Frade<\/strong> que sac\u00f3 r\u00e9dito a su envergadura en el pivote, se encarg\u00f3 de <strong>silenciar a los locales<\/strong>, que hab\u00edan salido con renovadas fuerzas para intentar meterse de nuevo en el encuentro <strong>(15-20, min. 32).\u00a0<\/strong>Un <strong>nuevo parcial de 1-4<\/strong>, con buenos minutos de <strong>Makuc<\/strong>, estir\u00f3 la ventaja hasta la m\u00e1xima diferencia <strong>(17-24, min. 38)<\/strong>. Entonces, Ortega decidi\u00f3 dar <strong>minutos a Hallgrimsson<\/strong> en porter\u00eda para que se rodase y ganara confianza, convencido de que los dos puntos estaban pr\u00e1cticamente asegurados.<\/p>\n<p data-mrf-recirculation=\"Links P\u00e1rrafos\" class=\"ue-c-article__paragraph paragraph\">El <strong>Bar\u00e7a baj\u00f3 entonces un punto su intensidad<\/strong> y el <strong>Eurofarm Pelister,<\/strong> tirando de <strong>orgullo <\/strong>y con un viejo conocido de la Asobal como <strong>Hackbarth<\/strong>, junto a <strong>Widomski <\/strong>como agitadores, estrech\u00f3 las diferencias y encendi\u00f3 la alerta en Carlos Ortega <strong>(27-31, min. 53)<\/strong>.\u00a0El t\u00e9cnico malague\u00f1o volvi\u00f3 a colocar en porter\u00eda a Nielsen, que, como en la primera mitad, firm\u00f3 intervenciones de m\u00e9rito que <strong>aplacaron <\/strong>definitivamente <strong>al cuadro local<\/strong>, que pese a jugar de siete en ataque, <strong>no acab\u00f3 de creer en la remontada<\/strong>. Con el control recuperado, el <strong>cuadro cul\u00e9 enfri\u00f3 el partido<\/strong>, alarg\u00f3 las posesiones y sell\u00f3 su cuarta victoria consecutiva (30-33), manteniendo el pulso con el Wisla Plock polaco por la segunda posici\u00f3n del grupo.<\/p>\n<p>-Ficha t\u00e9cnica:<\/p>\n<p data-mrf-recirculation=\"Links P\u00e1rrafos\" class=\"ue-c-article__paragraph paragraph\"><strong>30 &#8211; Eurofarm Pelister (13+17): <\/strong>Mitrevski; Manaskov (8, 3p), Peshevski (4), Henigman (8), Hosni (1), Kuzmanovski (2) y Hackbarth (2), -siete inicial-, Cehte (2), Tajnik (1), Ibrahim (-), Macankovski (-), Widomski (2), Abutovic (-), Petar Atanasijevikj (-), Hadzic (-) y Pavle Atanasijevikj (-).<\/p>\n<p data-mrf-recirculation=\"Links P\u00e1rrafos\" class=\"ue-c-article__paragraph paragraph\"><strong>34 &#8211; Bar\u00e7a (17+17):<\/strong> Nielsen; Aleix G\u00f3mez (5), Mem (6), F\u00e0bregas (3), N&#8217;Guessan (4), Frade (3) y Barrufet (4, 1p), -siete inicial-, Hallgr\u00edmsson (p.s), Baz\u00e1n (1), Djordje Cikusa (-), Janc (-), Sola (-), Grau (-), Makuc (6), Dani Fern\u00e1ndez (-) y Petar Cikusa (2).<\/p>\n<p data-mrf-recirculation=\"Links P\u00e1rrafos\" class=\"ue-c-article__paragraph paragraph\"><strong>Parciales cada cinco minutos:<\/strong> 2-2, 5-6, 7-7, 10-12, 10-15 y 13-17 (descanso), 16-21, 18-25, 21-27, 24-30, 27-32 y 30-34 (final).<\/p>\n<p data-mrf-recirculation=\"Links P\u00e1rrafos\" class=\"ue-c-article__paragraph paragraph\"><strong>\u00c1rbitros:<\/strong> Kursad Erdogan (TUR) e Ibrahim \u00d6zdeniz (TUR). Excluyeron dos minutos a Nik Henigman (min.3) y a Rudolph Hackbarth (min.43) por parte del Eurofarm Pelister y a Timothey N&#8217;Guessan (min.1) por parte del Bar\u00e7a. Mostraron tarjeta amarilla al t\u00e9cnico Carlos Ortega (min.55) por parte del Bar\u00e7a.<\/p>\n<p data-mrf-recirculation=\"Links P\u00e1rrafos\" class=\"ue-c-article__paragraph paragraph\"><strong>Incidencias:<\/strong> Quinta jornada de la fase de grupos de la Liga de Campeones 2025-2026 disputada en el pabell\u00f3n Boro Curlevski de Bitola (Macedonia del Norte).<\/p>\n","protected":false},"excerpt":{"rendered":"El Bar\u00e7a firm\u00f3 este mi\u00e9rcoles su tercera victoria consecutiva en la EHF Champions League\u00a0tras sobreponerse al infierno del&hellip;\n","protected":false},"author":2,"featured_media":179392,"comment_status":"","ping_status":"","sticky":false,"template":"","format":"standard","meta":{"footnotes":""},"categories":[278],"tags":[376,168,25,24,375,23,167],"class_list":{"0":"post-179391","1":"post","2":"type-post","3":"status-publish","4":"format-standard","5":"has-post-thumbnail","7":"category-balonmano","8":"tag-balonmano","9":"tag-deportes","10":"tag-es","11":"tag-espana","12":"tag-handball","13":"tag-spain","14":"tag-sports"},"share_on_mastodon":{"url":"","error":""},"_links":{"self":[{"href":"https:\/\/www.europesays.com\/es\/wp-json\/wp\/v2\/posts\/179391","targetHints":{"allow":["GET"]}}],"collection":[{"href":"https:\/\/www.europesays.com\/es\/wp-json\/wp\/v2\/posts"}],"about":[{"href":"https:\/\/www.europesays.com\/es\/wp-json\/wp\/v2\/types\/post"}],"author":[{"embeddable":true,"href":"https:\/\/www.europesays.com\/es\/wp-json\/wp\/v2\/users\/2"}],"replies":[{"embeddable":true,"href":"https:\/\/www.europesays.com\/es\/wp-json\/wp\/v2\/comments?post=179391"}],"version-history":[{"count":0,"href":"https:\/\/www.europesays.com\/es\/wp-json\/wp\/v2\/posts\/179391\/revisions"}],"wp:featuredmedia":[{"embeddable":true,"href":"https:\/\/www.europesays.com\/es\/wp-json\/wp\/v2\/media\/179392"}],"wp:attachment":[{"href":"https:\/\/www.europesays.com\/es\/wp-json\/wp\/v2\/media?parent=179391"}],"wp:term":[{"taxonomy":"category","embeddable":true,"href":"https:\/\/www.europesays.com\/es\/wp-json\/wp\/v2\/categories?post=179391"},{"taxonomy":"post_tag","embeddable":true,"href":"https:\/\/www.europesays.com\/es\/wp-json\/wp\/v2\/tags?post=179391"}],"curies":[{"name":"wp","href":"https:\/\/api.w.org\/{rel}","templated":true}]}}