{"id":179395,"date":"2025-10-15T22:35:15","date_gmt":"2025-10-15T22:35:15","guid":{"rendered":"https:\/\/www.europesays.com\/es\/179395\/"},"modified":"2025-10-15T22:35:15","modified_gmt":"2025-10-15T22:35:15","slug":"horarios-de-las-practicas-del-gran-premio-de-la-f1-en-estados-unidos-con-franco-colapinto","status":"publish","type":"post","link":"https:\/\/www.europesays.com\/es\/179395\/","title":{"rendered":"Horarios de las pr\u00e1cticas del Gran Premio de la F1 en Estados Unidos, con Franco Colapinto"},"content":{"rendered":"<p class=\"mb-4 text-lg md:leading-8 break-words\"><b>La temporada 2025 de la F\u00f3rmula 1 contin\u00faa este fin de semana con el Gran Premio de Estados Unidos<\/b> en el circuito de Austin, que corresponde a la fecha 19 del calendario, <b>en el que habr\u00e1 carrera sprint, por lo que el cronograma consta de una sola pr\u00e1ctica<\/b> para los 20 pilotos de las 10 escuder\u00edas, entre ellos <b>Franco Colapinto<\/b> con su monoplaza Alpine.<\/p>\n<p class=\"mb-4 text-lg md:leading-8 break-words\"><b>El \u00fanico entrenamiento tendr\u00e1 lugar el viernes a las 14.30 (hora argentina).<\/b> Luego se realizar\u00e1 la clasificaci\u00f3n para la carrera abreviada, programada el s\u00e1bado a las 14.30. Una vez concluida, los pilotos clasificar\u00e1n para la definici\u00f3n del domingo a las 16. <b>Todas las instancias se transmitir\u00e1n en vivo por televisi\u00f3n a trav\u00e9s de Fox Sports,<\/b> canal que se puede sintonizar online en Flow, DGO y Telecentro Play; y en la plataforma digital Disney+ Premium.<\/p>\n<p class=\"mb-4 text-lg md:leading-8 break-words\">*Todos los horarios corresponden a la Argentina.<\/p>\n<p class=\"mb-4 text-lg md:leading-8 break-words\"><b>Viernes 17 de octubre<\/b><\/p>\n<ul class=\"mb-4\">\n<li class=\"ml-4 list-disc\"\/>\n<li class=\"ml-4 list-disc\">\n<p class=\"mb-4 text-lg md:leading-8 break-words\">18.30: Clasificaci\u00f3n para la carrera sprint.<\/p>\n<\/li>\n<\/ul>\n<p class=\"mb-4 text-lg md:leading-8 break-words\"><b>S\u00e1bado 18 de octubre<\/b><\/p>\n<ul class=\"mb-4\">\n<li class=\"ml-4 list-disc\"\/>\n<li class=\"ml-4 list-disc\">\n<p class=\"mb-4 text-lg md:leading-8 break-words\">18: Clasificaci\u00f3n para la final.<\/p>\n<\/li>\n<\/ul>\n<p class=\"mb-4 text-lg md:leading-8 break-words\"><b>Domingo 19 de octubre<\/b><\/p>\n<p class=\"mb-4 text-lg md:leading-8 break-words\">El l\u00edder del campeonato es <b>Oscar Piastri (McLaren)<\/b> con 336 puntos y lo persigue su compa\u00f1ero <b>Lando Norris<\/b> <b>(McLaren)<\/b> con 314. <b>Max Verstappen (Red Bull),<\/b> tetracampe\u00f3n vigente, gan\u00f3 dos de las \u00faltimas tres final y acumula 273. El argentino Colapinto, por su parte, todav\u00eda no pudo sumar puntos para Alpine y ese es su objetivo primordial antes de que termine el a\u00f1o.<\/p>\n<p class=\"mb-4 text-lg md:leading-8 break-words\">En la clasificaci\u00f3n por equipos, <b>McLaren se consagr\u00f3 campe\u00f3n la fecha anterior en Singapur gracias a la gran diferencia que le sac\u00f3 a Mercedes. La escuder\u00eda brit\u00e1nica tiene 650 unidades<\/b> y una diferencia de 325 con Mercedes, su escolta. As\u00ed, logr\u00f3 su segunda estrella seguida y la d\u00e9cima en su historia, con la que qued\u00f3 como el segundo m\u00e1ximo ganador por detr\u00e1s de Ferrari (16).<\/p>\n<ol class=\"mb-4\">\n<li class=\"ml-4 list-decimal\">\n<p class=\"mb-4 text-lg md:leading-8 break-words\">GP de Australia en Melbourne &#8211;\u00a0<b>Lando Norris (McLaren).<\/b><\/p>\n<\/li>\n<li class=\"ml-4 list-decimal\">\n<p class=\"mb-4 text-lg md:leading-8 break-words\">GP de China en Shangh\u00e1i &#8211;<b>\u00a0Oscar Piastri (McLaren).<\/b><\/p>\n<\/li>\n<li class=\"ml-4 list-decimal\">\n<p class=\"mb-4 text-lg md:leading-8 break-words\">GP de Jap\u00f3n en Suzuka &#8211;\u00a0<b>Max Verstappen (Red Bull).<\/b><\/p>\n<\/li>\n<li class=\"ml-4 list-decimal\">\n<p class=\"mb-4 text-lg md:leading-8 break-words\">GP de Bahr\u00e9in en Sakhir &#8211;\u00a0<b>Oscar Piastri (McLaren).<\/b><\/p>\n<\/li>\n<li class=\"ml-4 list-decimal\">\n<p class=\"mb-4 text-lg md:leading-8 break-words\">GP de Arabia Saudita en Yed\u00e1 &#8211;\u00a0<b>Oscar Piastri (McLaren).<\/b><\/p>\n<\/li>\n<li class=\"ml-4 list-decimal\">\n<p class=\"mb-4 text-lg md:leading-8 break-words\">GP de Miami &#8211;\u00a0<b>Oscar Piastri (McLaren).<\/b><\/p>\n<\/li>\n<li class=\"ml-4 list-decimal\">\n<p class=\"mb-4 text-lg md:leading-8 break-words\">GP de Emilia-Romagna en Imola &#8211;\u00a0<b>Max Verstappen (Red Bull).<\/b><\/p>\n<\/li>\n<li class=\"ml-4 list-decimal\">\n<p class=\"mb-4 text-lg md:leading-8 break-words\">GP de M\u00f3naco &#8211;\u00a0<b>Lando Norris (McLaren).<\/b><\/p>\n<\/li>\n<li class=\"ml-4 list-decimal\">\n<p class=\"mb-4 text-lg md:leading-8 break-words\">GP de Espa\u00f1a en Montmel\u00f3 &#8211;\u00a0<b>Oscar Piastri (McLaren).<\/b><\/p>\n<\/li>\n<li class=\"ml-4 list-decimal\">\n<p class=\"mb-4 text-lg md:leading-8 break-words\">GP de Canad\u00e1 en Montreal &#8211;\u00a0<b>George Russell (Mercedes).<\/b><\/p>\n<\/li>\n<li class=\"ml-4 list-decimal\">\n<p class=\"mb-4 text-lg md:leading-8 break-words\">GP de Austria en Spielberg &#8211;\u00a0<b>Lando Norris (McLaren).<\/b><\/p>\n<\/li>\n<li class=\"ml-4 list-decimal\">\n<p class=\"mb-4 text-lg md:leading-8 break-words\">GP de Gran Breta\u00f1a en Silverstone &#8211;\u00a0<b>Lando Norris (McLaren).<\/b><\/p>\n<\/li>\n<li class=\"ml-4 list-decimal\">\n<p class=\"mb-4 text-lg md:leading-8 break-words\">GP de B\u00e9lgica en Spa-Francorchamps &#8211;\u00a0<b>Oscar Piastri (McLaren).<\/b><\/p>\n<\/li>\n<li class=\"ml-4 list-decimal\">\n<p class=\"mb-4 text-lg md:leading-8 break-words\">GP de Hungr\u00eda en Budapest &#8211;\u00a0<b>Lando Norris (McLaren).<\/b><\/p>\n<\/li>\n<li class=\"ml-4 list-decimal\">\n<p class=\"mb-4 text-lg md:leading-8 break-words\">GP de Pa\u00edses Bajos en Zandvoort &#8211;\u00a0<b>Oscar Piastri (McLaren).<\/b><\/p>\n<\/li>\n<li class=\"ml-4 list-decimal\">\n<p class=\"mb-4 text-lg md:leading-8 break-words\">GP de Italia en Monza &#8211;\u00a0<b>Max Verstappen (Red Bull).<\/b><\/p>\n<\/li>\n<li class=\"ml-4 list-decimal\">\n<p class=\"mb-4 text-lg md:leading-8 break-words\">GP de Azerbaiy\u00e1n en Bak\u00fa &#8211; <b>Max Verstappen (Red Bull).<\/b><\/p>\n<\/li>\n<li class=\"ml-4 list-decimal\">\n<p class=\"mb-4 text-lg md:leading-8 break-words\">GP de Singapur &#8211; <b>George Russell (Mercedes).<\/b><\/p>\n<\/li>\n<li class=\"ml-4 list-decimal\">\n<p class=\"mb-4 text-lg md:leading-8 break-words\">19 de octubre: GP de Estados Unidos en Austin (sprint).<\/p>\n<\/li>\n<li class=\"ml-4 list-decimal\">\n<p class=\"mb-4 text-lg md:leading-8 break-words\">26 octubre: GP de M\u00e9xico en Ciudad de M\u00e9xico.<\/p>\n<\/li>\n<li class=\"ml-4 list-decimal\">\n<p class=\"mb-4 text-lg md:leading-8 break-words\">9 de noviembre: GP de Brasil en Interlagos (sprint).<\/p>\n<\/li>\n<li class=\"ml-4 list-decimal\">\n<p class=\"mb-4 text-lg md:leading-8 break-words\">22 de noviembre: GP de Las Vegas.<\/p>\n<\/li>\n<li class=\"ml-4 list-decimal\">\n<p class=\"mb-4 text-lg md:leading-8 break-words\">30 de noviembre: GP de Qatar en Lusail (sprint).<\/p>\n<\/li>\n<li class=\"ml-4 list-decimal\">\n<p class=\"mb-4 text-lg md:leading-8 break-words\">7 diciembre: GP de Abu Dhabi en Yas Marina.<\/p>\n<\/li>\n<\/ol>\n<p><img alt=\"La tabla de posiciones de la F\u00f3rmula 1, tras el GP de Singapur\" loading=\"lazy\" width=\"768\" height=\"695\" decoding=\"async\" data-nimg=\"1\" class=\"rounded-lg\" style=\"color:transparent\" src=\"https:\/\/www.europesays.com\/es\/wp-content\/uploads\/2025\/10\/c54684d55ce53c456dc662af75c57236.jpeg\"\/><\/p>\n<p>La tabla de posiciones de la F\u00f3rmula 1, tras el GP de Singapur<\/p>\n<p class=\"mb-4 text-lg md:leading-8 break-words\"><b>Alpine<\/b><\/p>\n<ul class=\"mb-4\">\n<li class=\"ml-4 list-disc\">\n<p class=\"mb-4 text-lg md:leading-8 break-words\">GP de Emilia-Romagna: 16\u00b0<\/p>\n<\/li>\n<li class=\"ml-4 list-disc\"\/>\n<li class=\"ml-4 list-disc\"\/>\n<li class=\"ml-4 list-disc\"\/>\n<li class=\"ml-4 list-disc\"\/>\n<li class=\"ml-4 list-disc\">\n<p class=\"mb-4 text-lg md:leading-8 break-words\">GP de Gran Breta\u00f1a: Abandon\u00f3<\/p>\n<\/li>\n<li class=\"ml-4 list-disc\"\/>\n<li class=\"ml-4 list-disc\"\/>\n<li class=\"ml-4 list-disc\">\n<p class=\"mb-4 text-lg md:leading-8 break-words\">GP de Pa\u00edses Bajos: 11\u00b0<\/p>\n<\/li>\n<li class=\"ml-4 list-disc\"\/>\n<li class=\"ml-4 list-disc\"\/>\n<li class=\"ml-4 list-disc\"\/><\/ul>\n<p><img alt=\"Franco Colapinto todav\u00eda no pudo sumar puntos en la temporada 2025 de la F\u00f3rmula 1\" loading=\"lazy\" width=\"768\" height=\"512\" decoding=\"async\" data-nimg=\"1\" class=\"rounded-lg\" style=\"color:transparent\" src=\"https:\/\/www.europesays.com\/es\/wp-content\/uploads\/2025\/10\/c4bd8c504a867497dcba4f411084f0c8.jpeg\"\/><\/p>\n<p>Franco Colapinto todav\u00eda no pudo sumar puntos en la temporada 2025 de la F\u00f3rmula 1 &#8211; Cr\u00e9ditos: @LILLIAN SUWANRUMPHA<\/p>\n","protected":false},"excerpt":{"rendered":"La temporada 2025 de la F\u00f3rmula 1 contin\u00faa este fin de semana con el Gran Premio de Estados&hellip;\n","protected":false},"author":2,"featured_media":179396,"comment_status":"","ping_status":"","sticky":false,"template":"","format":"standard","meta":{"footnotes":""},"categories":[270],"tags":[168,25,24,12424,306,271,272,1723,2104,2099,2704,2106,212,23,167],"class_list":{"0":"post-179395","1":"post","2":"type-post","3":"status-publish","4":"format-standard","5":"has-post-thumbnail","7":"category-formula-1","8":"tag-deportes","9":"tag-es","10":"tag-espana","11":"tag-este-fin-de-semana","12":"tag-f1","13":"tag-formula-1","14":"tag-formula1","15":"tag-franco-colapinto","16":"tag-lando-norris","17":"tag-max-verstappen","18":"tag-mclaren","19":"tag-oscar-piastri","20":"tag-red-bull","21":"tag-spain","22":"tag-sports"},"share_on_mastodon":{"url":"","error":""},"_links":{"self":[{"href":"https:\/\/www.europesays.com\/es\/wp-json\/wp\/v2\/posts\/179395","targetHints":{"allow":["GET"]}}],"collection":[{"href":"https:\/\/www.europesays.com\/es\/wp-json\/wp\/v2\/posts"}],"about":[{"href":"https:\/\/www.europesays.com\/es\/wp-json\/wp\/v2\/types\/post"}],"author":[{"embeddable":true,"href":"https:\/\/www.europesays.com\/es\/wp-json\/wp\/v2\/users\/2"}],"replies":[{"embeddable":true,"href":"https:\/\/www.europesays.com\/es\/wp-json\/wp\/v2\/comments?post=179395"}],"version-history":[{"count":0,"href":"https:\/\/www.europesays.com\/es\/wp-json\/wp\/v2\/posts\/179395\/revisions"}],"wp:featuredmedia":[{"embeddable":true,"href":"https:\/\/www.europesays.com\/es\/wp-json\/wp\/v2\/media\/179396"}],"wp:attachment":[{"href":"https:\/\/www.europesays.com\/es\/wp-json\/wp\/v2\/media?parent=179395"}],"wp:term":[{"taxonomy":"category","embeddable":true,"href":"https:\/\/www.europesays.com\/es\/wp-json\/wp\/v2\/categories?post=179395"},{"taxonomy":"post_tag","embeddable":true,"href":"https:\/\/www.europesays.com\/es\/wp-json\/wp\/v2\/tags?post=179395"}],"curies":[{"name":"wp","href":"https:\/\/api.w.org\/{rel}","templated":true}]}}