{"id":179421,"date":"2025-10-15T22:48:12","date_gmt":"2025-10-15T22:48:12","guid":{"rendered":"https:\/\/www.europesays.com\/es\/179421\/"},"modified":"2025-10-15T22:48:12","modified_gmt":"2025-10-15T22:48:12","slug":"sale-a-subasta-en-zaragoza-una-segunda-patrulla-retirada-de-la-ertzaintza-y-otra-de-la-policia-nacional","status":"publish","type":"post","link":"https:\/\/www.europesays.com\/es\/179421\/","title":{"rendered":"Sale a subasta en Zaragoza una segunda patrulla retirada de la Ertzaintza y otra de la Polic\u00eda Nacional"},"content":{"rendered":"<p class=\"article-text\">\n        La casa internacional de subastas Euro Auctions ha puesto a disposici\u00f3n de los usuarios que participar\u00e1n este jueves en un gran encante de veh\u00edculos en Zaragoza un segundo coche-patrulla reci\u00e9n retirado de la Ertzaintza, de nuevo del modelo Seat Le\u00f3n, al igual que un Citr\u00f6en C5 que por su apariencia parece proceder de la Polic\u00eda Nacional, ya que incluso tiene un habit\u00e1culo trasero para detenidos. <a href=\"https:\/\/www.eldiario.es\/euskadi\/coche-patrulla-62-000-euros-ertzaintza-sale-subasta-zaragoza-precio-inicial-euro_1_12679803.html\" data-mrf-recirculation=\"links-noticia\" class=\"link\" rel=\"nofollow noopener\" target=\"_blank\">Este peri\u00f3dico ya adelant\u00f3 que iba a salir a subasta un veh\u00edculo del lote reci\u00e9n retirado por la Ertzaintza tras la llegada de los nuevos BMW adquiridos a lo largo de este a\u00f1o<\/a>.\n    <\/p>\n<p>    <a href=\"https:\/\/www.eldiario.es\/euskadi\/ertzaintza-expedienta-falange-exhibicion-simbolos-franquistas-acto-12-octubre-vitoria_1_12685656.html\" data-mrf-recirculation=\"saber-mas\" data-dl-event=\"saber-mas\" rel=\"nofollow noopener\" target=\"_blank\"><\/p>\n<p class=\"know-more__title\">La Ertzaintza expedienta a la Falange por exhibici\u00f3n de s\u00edmbolos franquistas en su acto del 12 de octubre en Vitoria<\/p>\n<p>            <img decoding=\"async\" class=\"lazy\" loading=\"lazy\" data-src=\"https:\/\/static.eldiario.es\/clip\/42ad6ede-2bee-416e-8c97-f76865ed6c98_16-9-aspect-ratio_default_0.jpg\" src=\"data:image\/svg+xml,%3Csvg xmlns=\" http:=\"\" viewbox=\"0 0 880 495\" alt=\"La Ertzaintza expedienta a la Falange por exhibici\u00f3n de s\u00edmbolos franquistas en su acto del 12 de octubre en Vitoria\"\/><\/p>\n<p>                        <\/a><\/p>\n<p class=\"article-text\">\n        La patrulla es tambi\u00e9n de 2018 y, de hecho, la numeraci\u00f3n de su matr\u00edcula, de la serie KMD, es casi correlativa. En este caso, aunque son dos coches id\u00e9nticos, de motor di\u00e9sel, el segundo tiene alrededor de 80.000 kil\u00f3metros menos. Eso s\u00ed, presenta igualmente tambi\u00e9n el cap\u00f3 azul y restos de los distintivos de la Ertzaintza que delatan que tuvo una vida anterior. El precio de salida era de 1 euro pero las pujas se est\u00e1n sucediendo y ya superan los 3.000 en ambos casos. En su momento, el Gobierno vasco pag\u00f3 al menos 62.000 euros por un &#8216;renting&#8217; de cinco a\u00f1os que al final se prorrog\u00f3 hasta 2025, es decir, siete a\u00f1os.\n    <\/p>\n<p>    <a href=\"https:\/\/www.eldiario.es\/euskadi\/coche-patrulla-62-000-euros-ertzaintza-sale-subasta-zaragoza-precio-inicial-euro_1_12679803.html\" data-mrf-recirculation=\"saber-mas-abajo\" data-dl-event=\"saber-mas-abajo\" rel=\"nofollow noopener\" target=\"_blank\"><\/p>\n<p class=\"know-more__title\">Un coche-patrulla de 62.000 euros de la Ertzaintza sale a subasta en Zaragoza con un precio inicial de un euro<\/p>\n<p>            <img decoding=\"async\" class=\"lazy\" loading=\"lazy\" data-src=\"https:\/\/static.eldiario.es\/clip\/e45367e4-de5c-4137-a177-581aa7df9ba8_16-9-aspect-ratio_default_0_x873y493.jpg\" src=\"data:image\/svg+xml,%3Csvg xmlns=\" http:=\"\" viewbox=\"0 0 880 495\" alt=\"Un coche-patrulla de 62.000 euros de la Ertzaintza sale a subasta en Zaragoza con un precio inicial de un euro\"\/><\/p>\n<p>                        <\/a><\/p>\n<p class=\"article-text\">\n        El Departamento de Seguridad explic\u00f3 que esta partida, de 300 unidades, ya hab\u00eda dejado de ser de su responsabilidad al dar por finalizado el &#8216;renting&#8217;. Desde Euro Auctions indican que la aparici\u00f3n de estas ofertas en subasta no es lo m\u00e1s \u201chabitual\u201d aunque s\u00ed lanzan de vez en cuando ambulancias, veh\u00edculos de emergencias o incluso, como ahora, patrullas retiradas. De hecho, en las \u00faltimas horas han ofrecido igualmente una de la Polic\u00eda Nacional, de la marca Citr\u00f6en. Tampoco lleva ya distintivos pero s\u00ed el color corporativo y un habit\u00e1culo trasero separado para traslado de personas. Su precio actualmente es de 1.200 euros con 170.000 kil\u00f3metros.\n    <\/p>\n<p>            <img decoding=\"async\" class=\"lazy\" loading=\"lazy\" data-src=\"https:\/\/static.eldiario.es\/clip\/e05a0d8d-8cd2-4a0a-9974-ea3e055acf31_16-9-discover-aspect-ratio_default_0_x524y297.jpg\" src=\"data:image\/svg+xml,%3Csvg xmlns=\" http:=\"\" viewbox=\"0 0 1200 675\" alt=\"Otro de los coches que se subastan, este en su momento de la Polic\u00eda Nacional y a\u00fan con mampara para detenidos\"\/><\/p>\n<p>                    elDiario.es\/Euskadi<\/p>\n<p class=\"article-text\">\n        \u00bfNos sigues en redes sociales? elDiario.es\/Euskadi est\u00e1 en\u00a0<a href=\"https:\/\/bsky.app\/profile\/eldiarioeus.bsky.social\" target=\"_blank\" data-mrf-recirculation=\"links-noticia\" class=\"link\" rel=\"nofollow noopener\">Bluesky<\/a>,\u00a0<a href=\"https:\/\/twitter.com\/eldiarioeus\" target=\"_blank\" data-mrf-recirculation=\"links-noticia\" class=\"link\" rel=\"nofollow noopener\">X<\/a>\u00a0e\u00a0<a href=\"https:\/\/www.instagram.com\/eldiarioeus\/\" target=\"_blank\" data-mrf-recirculation=\"links-noticia\" class=\"link\" rel=\"nofollow noopener\">Instagram<\/a>. Y te enviamos alertas informativas por\u00a0<a href=\"https:\/\/telegram.me\/eldiarioeus\" target=\"_blank\" data-mrf-recirculation=\"links-noticia\" class=\"link\" rel=\"nofollow noopener\">Telegram<\/a>\u00a0y\u00a0<a href=\"https:\/\/www.whatsapp.com\/channel\/0029Va9Dx2MLNSZzLvNjNr3P\" target=\"_blank\" data-mrf-recirculation=\"links-noticia\" class=\"link\" rel=\"nofollow noopener\">WhatsApp<\/a>. Cada semana, te enviamos un bolet\u00edn a tu correo electr\u00f3nico. \u00a1<a href=\"https:\/\/usuarios.eldiario.es\/boletines?_gl=1*pa2ll6*_gcl_au*MTk0OTg1OTU2Mi4xNzMwMTk3MDYx*_ga*Njk1MjI5NDQyLjE3Mjk1MjAxNjg.*_ga_4RZPWREGF3*MTczNDE3ODQ5Ny4xMTYuMS4xNzM0MTc5OTEyLjEzLjAuMA..\" target=\"_blank\" data-mrf-recirculation=\"links-noticia\" class=\"link\" rel=\"nofollow noopener\">Ap\u00fantate<\/a>! Recuerda que puedes ser socio o socia de elDiario.es clicando en\u00a0<a href=\"https:\/\/usuarios.eldiario.es\/hazte_socio\/?utm_source=euskadi&amp;utm_campaign=eell&amp;utm_medium=all&amp;mc_cid=f16fc896fb&amp;mc_eid=05624d2e2d\" target=\"_blank\" data-mrf-recirculation=\"links-noticia\" class=\"link\" rel=\"nofollow noopener\">este enlace<\/a>. Y, para m\u00e1s informaci\u00f3n, puedes llamar o escribirnos al\u00a0625 88 87 80.\n    <\/p>\n<p>                                <script async src=\"https:\/\/platform.twitter.com\/widgets.js\" charset=\"utf-8\"><\/script><script async src=\"\/\/www.instagram.com\/embed.js\"><\/script><\/p>\n","protected":false},"excerpt":{"rendered":"La casa internacional de subastas Euro Auctions ha puesto a disposici\u00f3n de los usuarios que participar\u00e1n este jueves&hellip;\n","protected":false},"author":2,"featured_media":179422,"comment_status":"","ping_status":"","sticky":false,"template":"","format":"standard","meta":{"footnotes":""},"categories":[80],"tags":[517,3935,14300,14314,3285,14302,2601,4144,14316,82,14313,767,1349,95,94,2026,13451,14315,1813,3854,14299,14298,14307,12226,14318,6246,25,24,5691,14308,4910,3705,3978,6927,12252,1982,2178,14297,14317,7600,11701,14311,14312,14305,14303,6115,264,14304,952,14310,14309,14306,14301,3905,492,23,7192,2177],"class_list":{"0":"post-179421","1":"post","2":"type-post","3":"status-publish","4":"format-standard","5":"has-post-thumbnail","7":"category-economia","8":"tag-actualidad","9":"tag-alava","10":"tag-andar-en-bici","11":"tag-barakaldo","12":"tag-bbva","13":"tag-belen-ferreras","14":"tag-bilbao","15":"tag-bizkaia","16":"tag-brands","17":"tag-business","18":"tag-caso-de-miguel","19":"tag-corrupcion","20":"tag-donostia","21":"tag-economia","22":"tag-economy","23":"tag-educacion","24":"tag-eh-bildu","25":"tag-eibar","26":"tag-ela","27":"tag-eldiario-es","28":"tag-eldiario-es-euskadi","29":"tag-eldiario-eus","30":"tag-eldiarionorte-es","31":"tag-emergencia-climatica","32":"tag-eroski","33":"tag-ertzaintza","34":"tag-es","35":"tag-espana","36":"tag-euskadi","37":"tag-euskal-herria","38":"tag-feminismo","39":"tag-gernika","40":"tag-getxo","41":"tag-gipuzkoa","42":"tag-hondarribia","43":"tag-ignacio-escolar","44":"tag-igualdad","45":"tag-iker-rioja-andueza","46":"tag-imanol-pradales","47":"tag-irun","48":"tag-kutxabank","49":"tag-lab","50":"tag-lanbide","51":"tag-maialen-ferreira","52":"tag-montai","53":"tag-osakidetza","54":"tag-pais-vasco","55":"tag-pnv","56":"tag-politica","57":"tag-pp-vasco","58":"tag-pse-ee","59":"tag-rodrigo-saiz","60":"tag-ruben-pereda","61":"tag-sindicatos","62":"tag-sociedad","63":"tag-spain","64":"tag-upv-ehu","65":"tag-vitoria"},"share_on_mastodon":{"url":"","error":""},"_links":{"self":[{"href":"https:\/\/www.europesays.com\/es\/wp-json\/wp\/v2\/posts\/179421","targetHints":{"allow":["GET"]}}],"collection":[{"href":"https:\/\/www.europesays.com\/es\/wp-json\/wp\/v2\/posts"}],"about":[{"href":"https:\/\/www.europesays.com\/es\/wp-json\/wp\/v2\/types\/post"}],"author":[{"embeddable":true,"href":"https:\/\/www.europesays.com\/es\/wp-json\/wp\/v2\/users\/2"}],"replies":[{"embeddable":true,"href":"https:\/\/www.europesays.com\/es\/wp-json\/wp\/v2\/comments?post=179421"}],"version-history":[{"count":0,"href":"https:\/\/www.europesays.com\/es\/wp-json\/wp\/v2\/posts\/179421\/revisions"}],"wp:featuredmedia":[{"embeddable":true,"href":"https:\/\/www.europesays.com\/es\/wp-json\/wp\/v2\/media\/179422"}],"wp:attachment":[{"href":"https:\/\/www.europesays.com\/es\/wp-json\/wp\/v2\/media?parent=179421"}],"wp:term":[{"taxonomy":"category","embeddable":true,"href":"https:\/\/www.europesays.com\/es\/wp-json\/wp\/v2\/categories?post=179421"},{"taxonomy":"post_tag","embeddable":true,"href":"https:\/\/www.europesays.com\/es\/wp-json\/wp\/v2\/tags?post=179421"}],"curies":[{"name":"wp","href":"https:\/\/api.w.org\/{rel}","templated":true}]}}