{"id":179425,"date":"2025-10-15T22:50:16","date_gmt":"2025-10-15T22:50:16","guid":{"rendered":"https:\/\/www.europesays.com\/es\/179425\/"},"modified":"2025-10-15T22:50:16","modified_gmt":"2025-10-15T22:50:16","slug":"la-ertzaintza-expedienta-a-la-falange-por-exhibicion-de-simbolos-franquistas-en-su-acto-del-12-de-octubre-en-vitoria","status":"publish","type":"post","link":"https:\/\/www.europesays.com\/es\/179425\/","title":{"rendered":"La Ertzaintza expedienta a la Falange por exhibici\u00f3n de s\u00edmbolos franquistas en su acto del 12 de octubre en Vitoria"},"content":{"rendered":"<p class=\"article-text\">\n        La Ertzaintza ha decidido expedientar al partido pol\u00edtico Falange Espa\u00f1ola y de las JONS por la exhibici\u00f3n de simbolog\u00eda franquista durante su acto del pasado domingo 12 de octubre en Vitoria, coincidente con la fiesta nacional de Espa\u00f1a. La actuaci\u00f3n se hace en aplicaci\u00f3n de la ley de Seguridad Ciudadana, m\u00e1s conocida como &#8216;ley mordaza&#8217;. El consejero vasco de Seguridad, Bingen Zupiria, del PNV, <a href=\"https:\/\/www.eldiario.es\/euskadi\/consejero-vasco-seguridad-senala-fascismo-protestas-violentas-falange-vitoria_1_12680041.html\" data-mrf-recirculation=\"links-noticia\" class=\"link\" rel=\"nofollow noopener\" target=\"_blank\">dijo que el responsable \u00faltimo ser\u00eda el jefe nacional de esa formaci\u00f3n actualmente, Norberto Pico<\/a>.\n    <\/p>\n<p>    <a href=\"https:\/\/www.eldiario.es\/euskadi\/diputado-alava-pnv-llama-tonto-otxandiano-asegurar-no-habria-autorizado-acto-falange-lehendakari_1_12684420.html\" data-mrf-recirculation=\"saber-mas\" data-dl-event=\"saber-mas\" rel=\"nofollow noopener\" target=\"_blank\"><\/p>\n<p class=\"know-more__title\">Un diputado de \u00c1lava del PNV llama \u00abtonto\u00bb a Otxandiano por asegurar que no habr\u00eda autorizado el acto de la Falange siendo lehendakari<\/p>\n<p>            <img decoding=\"async\" class=\"lazy\" loading=\"lazy\" data-src=\"https:\/\/static.eldiario.es\/clip\/b19ac23c-5ca2-4e8f-aa4f-2f26c2edaa53_16-9-aspect-ratio_default_0_x1498y384.jpg\" src=\"data:image\/svg+xml,%3Csvg xmlns=\" http:=\"\" viewbox=\"0 0 880 495\" alt=\"Un diputado de \u00c1lava del PNV llama &quot;tonto&quot; a Otxandiano por asegurar que no habr\u00eda autorizado el acto de la Falange siendo lehendakari\"\/><\/p>\n<p>                        <\/a><\/p>\n<p class=\"article-text\">\n        El que fuera partido \u00fanico durante de la dictadura organiz\u00f3 una concentraci\u00f3n con militantes llegados de fuera junto a la Diputaci\u00f3n de \u00c1lava, en Vitoria. En ella se cant\u00f3 el &#8216;Cara al sol&#8217; y se mostraron banderas no constitucionales, as\u00ed como ense\u00f1as negras y rojas del yugo y las flechas, el s\u00edmbolo de la Falange. Igualmente, se glos\u00f3 la figura de vascos franquistas.\n    <\/p>\n<p class=\"article-text\">\n        En un breve comunicado, la Polic\u00eda vasca ha confirmado que ha abierto un expediente sancionador contra los falangistas. El responsable es el \u201cpromotor\u201d de la concentraci\u00f3n y el motivo es la \u201cutilizaci\u00f3n de ense\u00f1as preconstitucionales\u201d. Adem\u00e1s, se ha detectado un \u201cincumplimiento de los t\u00e9rminos reflejados en la solicitud de concentraci\u00f3n, lo que se tradujo en \u201dfalta de control por parte del organizador en el porte de instrumentos peligrosos (palos) que se utilizaron para agredir\u201c y por \u201dno respetar las personas asistentes la zona de concentraci\u00f3n expresamente delimitada por la Ertzaintza\u201c.\n    <\/p>\n<p>    <a href=\"https:\/\/www.eldiario.es\/euskadi\/servicios-juridicos-gogora-estudian-denunciar-falange-exaltacion-franquismo-acto-vitoria_1_12679467.html\" data-mrf-recirculation=\"saber-mas-abajo\" data-dl-event=\"saber-mas-abajo\" rel=\"nofollow noopener\" target=\"_blank\"><\/p>\n<p class=\"know-more__title\">El Gobierno vasco estudia denunciar a la Falange por exaltaci\u00f3n del franquismo en su acto en Vitoria\n<\/p>\n<p>            <img decoding=\"async\" class=\"lazy\" loading=\"lazy\" data-src=\"https:\/\/static.eldiario.es\/clip\/5ae4f500-3f70-458a-bb0c-2e3fb4d278a9_16-9-aspect-ratio_default_0.jpg\" src=\"data:image\/svg+xml,%3Csvg xmlns=\" http:=\"\" viewbox=\"0 0 880 495\" alt=\"El Gobierno vasco estudia denunciar a la Falange por exaltaci\u00f3n del franquismo en su acto en Vitoria\"\/><\/p>\n<p>                        <\/a><\/p>\n<p class=\"article-text\">\n        <a href=\"https:\/\/www.eldiario.es\/euskadi\/servicios-juridicos-gogora-estudian-denunciar-falange-exaltacion-franquismo-acto-vitoria_1_12679467.html\" data-mrf-recirculation=\"links-noticia\" class=\"link\" rel=\"nofollow noopener\" target=\"_blank\">Este peri\u00f3dico ya inform\u00f3 de que otra ventanilla del Gobierno vasco, en este caso el Instituto de la Memoria (Gogora), analizaba si los hechos pudieron infringir tambi\u00e9n la normativa vasca de memoria hist\u00f3rica, que prev\u00e9 como infracci\u00f3n grave la \u201cexaltaci\u00f3n\u201d de la dictadura<\/a>. La Ertzaintza, de su lado, \u201ccontin\u00faa con la investigaci\u00f3n para poder esclarecer todo lo sucedido el domingo pasado\u201d, a\u00f1ade la nota policial conocida este mi\u00e9rcoles. Y es que esta visita motiv\u00f3 varias contramanifestaciones y una de ellas, despu\u00e9s de superar la barrera de seguridad de los antidisturbios de la Ertzaintza, acab\u00f3 en un enfrentamiento cuerpo a cuerpo con los falangistas, medio centenar. El Gobierno vasco los ha calificado de \u201cfascistas vascos\u201d. Hubo 19 detenidos de ese colectivo, de entre 18 y 38 a\u00f1os y de todos los territorios vascos, incluidos Navarra e Iparralde, seg\u00fan explic\u00f3 el consejero Zupiria. El centro de Vitoria estuvo \u201cpatas arriba\u201d unas horas y los da\u00f1os, al menos, <a href=\"https:\/\/www.eldiario.es\/euskadi\/vitoria-cifra-10-000-euros-danos-mobiliario-urbano-enfrentamientos-acto-falange_1_12683436.html\" data-mrf-recirculation=\"links-noticia\" class=\"link\" rel=\"nofollow noopener\" target=\"_blank\">supondr\u00e1n 10.000 euros<\/a>.\n    <\/p>\n<p>                    elDiario.es\/Euskadi<\/p>\n<p class=\"article-text\">\n        \u00bfNos sigues en redes sociales? elDiario.es\/Euskadi est\u00e1 en\u00a0<a href=\"https:\/\/bsky.app\/profile\/eldiarioeus.bsky.social\" target=\"_blank\" data-mrf-recirculation=\"links-noticia\" class=\"link\" rel=\"nofollow noopener\">Bluesky<\/a>,\u00a0<a href=\"https:\/\/twitter.com\/eldiarioeus\" target=\"_blank\" data-mrf-recirculation=\"links-noticia\" class=\"link\" rel=\"nofollow noopener\">X<\/a>\u00a0e\u00a0<a href=\"https:\/\/www.instagram.com\/eldiarioeus\/\" target=\"_blank\" data-mrf-recirculation=\"links-noticia\" class=\"link\" rel=\"nofollow noopener\">Instagram<\/a>. Y te enviamos alertas informativas por\u00a0<a href=\"https:\/\/telegram.me\/eldiarioeus\" target=\"_blank\" data-mrf-recirculation=\"links-noticia\" class=\"link\" rel=\"nofollow noopener\">Telegram<\/a>\u00a0y\u00a0<a href=\"https:\/\/www.whatsapp.com\/channel\/0029Va9Dx2MLNSZzLvNjNr3P\" target=\"_blank\" data-mrf-recirculation=\"links-noticia\" class=\"link\" rel=\"nofollow noopener\">WhatsApp<\/a>. Cada semana, te enviamos un bolet\u00edn a tu correo electr\u00f3nico. \u00a1<a href=\"https:\/\/usuarios.eldiario.es\/boletines?_gl=1*pa2ll6*_gcl_au*MTk0OTg1OTU2Mi4xNzMwMTk3MDYx*_ga*Njk1MjI5NDQyLjE3Mjk1MjAxNjg.*_ga_4RZPWREGF3*MTczNDE3ODQ5Ny4xMTYuMS4xNzM0MTc5OTEyLjEzLjAuMA..\" target=\"_blank\" data-mrf-recirculation=\"links-noticia\" class=\"link\" rel=\"nofollow noopener\">Ap\u00fantate<\/a>! Recuerda que puedes ser socio o socia de elDiario.es clicando en\u00a0<a href=\"https:\/\/usuarios.eldiario.es\/hazte_socio\/?utm_source=euskadi&amp;utm_campaign=eell&amp;utm_medium=all&amp;mc_cid=f16fc896fb&amp;mc_eid=05624d2e2d\" target=\"_blank\" data-mrf-recirculation=\"links-noticia\" class=\"link\" rel=\"nofollow noopener\">este enlace<\/a>. Y, para m\u00e1s informaci\u00f3n, puedes llamar o escribirnos al\u00a0625 88 87 80.\n    <\/p>\n<p>                                    <script async src=\"https:\/\/platform.twitter.com\/widgets.js\" charset=\"utf-8\"><\/script><script async src=\"\/\/www.instagram.com\/embed.js\"><\/script><\/p>\n","protected":false},"excerpt":{"rendered":"La Ertzaintza ha decidido expedientar al partido pol\u00edtico Falange Espa\u00f1ola y de las JONS por la exhibici\u00f3n de&hellip;\n","protected":false},"author":2,"featured_media":179426,"comment_status":"","ping_status":"","sticky":false,"template":"","format":"standard","meta":{"footnotes":""},"categories":[8],"tags":[517,3935,14300,14314,3285,14302,2601,4144,14316,17,18,14313,767,1349,2026,13451,14315,1813,3854,14299,14298,14307,12226,14318,6246,25,24,5691,14308,13,14,4910,3705,3978,6927,11,12252,1982,2178,14297,14317,7600,11701,14311,14312,19,20,14305,14303,9,10,15,16,6115,264,14304,952,14310,14309,14306,14301,3905,492,23,12,21,22,7192,2177],"class_list":{"0":"post-179425","1":"post","2":"type-post","3":"status-publish","4":"format-standard","5":"has-post-thumbnail","7":"category-espana","8":"tag-actualidad","9":"tag-alava","10":"tag-andar-en-bici","11":"tag-barakaldo","12":"tag-bbva","13":"tag-belen-ferreras","14":"tag-bilbao","15":"tag-bizkaia","16":"tag-brands","17":"tag-breaking-news","18":"tag-breakingnews","19":"tag-caso-de-miguel","20":"tag-corrupcion","21":"tag-donostia","22":"tag-educacion","23":"tag-eh-bildu","24":"tag-eibar","25":"tag-ela","26":"tag-eldiario-es","27":"tag-eldiario-es-euskadi","28":"tag-eldiario-eus","29":"tag-eldiarionorte-es","30":"tag-emergencia-climatica","31":"tag-eroski","32":"tag-ertzaintza","33":"tag-es","34":"tag-espana","35":"tag-euskadi","36":"tag-euskal-herria","37":"tag-featured-news","38":"tag-featurednews","39":"tag-feminismo","40":"tag-gernika","41":"tag-getxo","42":"tag-gipuzkoa","43":"tag-headlines","44":"tag-hondarribia","45":"tag-ignacio-escolar","46":"tag-igualdad","47":"tag-iker-rioja-andueza","48":"tag-imanol-pradales","49":"tag-irun","50":"tag-kutxabank","51":"tag-lab","52":"tag-lanbide","53":"tag-latest-news","54":"tag-latestnews","55":"tag-maialen-ferreira","56":"tag-montai","57":"tag-news","58":"tag-noticias","59":"tag-noticias-destacadas","60":"tag-noticiasdestacadas","61":"tag-osakidetza","62":"tag-pais-vasco","63":"tag-pnv","64":"tag-politica","65":"tag-pp-vasco","66":"tag-pse-ee","67":"tag-rodrigo-saiz","68":"tag-ruben-pereda","69":"tag-sindicatos","70":"tag-sociedad","71":"tag-spain","72":"tag-titulares","73":"tag-ultimas-noticias","74":"tag-ultimasnoticias","75":"tag-upv-ehu","76":"tag-vitoria"},"share_on_mastodon":{"url":"","error":""},"_links":{"self":[{"href":"https:\/\/www.europesays.com\/es\/wp-json\/wp\/v2\/posts\/179425","targetHints":{"allow":["GET"]}}],"collection":[{"href":"https:\/\/www.europesays.com\/es\/wp-json\/wp\/v2\/posts"}],"about":[{"href":"https:\/\/www.europesays.com\/es\/wp-json\/wp\/v2\/types\/post"}],"author":[{"embeddable":true,"href":"https:\/\/www.europesays.com\/es\/wp-json\/wp\/v2\/users\/2"}],"replies":[{"embeddable":true,"href":"https:\/\/www.europesays.com\/es\/wp-json\/wp\/v2\/comments?post=179425"}],"version-history":[{"count":0,"href":"https:\/\/www.europesays.com\/es\/wp-json\/wp\/v2\/posts\/179425\/revisions"}],"wp:featuredmedia":[{"embeddable":true,"href":"https:\/\/www.europesays.com\/es\/wp-json\/wp\/v2\/media\/179426"}],"wp:attachment":[{"href":"https:\/\/www.europesays.com\/es\/wp-json\/wp\/v2\/media?parent=179425"}],"wp:term":[{"taxonomy":"category","embeddable":true,"href":"https:\/\/www.europesays.com\/es\/wp-json\/wp\/v2\/categories?post=179425"},{"taxonomy":"post_tag","embeddable":true,"href":"https:\/\/www.europesays.com\/es\/wp-json\/wp\/v2\/tags?post=179425"}],"curies":[{"name":"wp","href":"https:\/\/api.w.org\/{rel}","templated":true}]}}