{"id":179437,"date":"2025-10-15T23:01:10","date_gmt":"2025-10-15T23:01:10","guid":{"rendered":"https:\/\/www.europesays.com\/es\/179437\/"},"modified":"2025-10-15T23:01:10","modified_gmt":"2025-10-15T23:01:10","slug":"ya-no-me-asusta-ser-sensible","status":"publish","type":"post","link":"https:\/\/www.europesays.com\/es\/179437\/","title":{"rendered":"Ya no me asusta ser sensible"},"content":{"rendered":"<p id=\"elsI3zqxaB\" data-wc=\"69\"><strong>Marina Romero<\/strong>, pareja de <strong>Javier Tudela<\/strong> y nuera de <strong>Makoke<\/strong>, ha publicado en las \u00faltimas horas una <strong>reflexi\u00f3n muy sincera<\/strong> sobre la <strong>enfermedad\u00a0<\/strong>que atraviesa y sobre sus sentimientos. <strong>\u00abYa no me asusta ser sensible, porque desde mi sensibilidad no hay debilidad<\/strong>\u00ab. La influencer,\u00a0que ya ha pasado por quir\u00f3fano, se centra ahora en lo verdaderamente importante. En el bienestar de su familia y en el de ella misma.\u00a0<\/p>\n<p>Amor incondicional\u00a0<\/p>\n<p id=\"emknvHiLO7\" data-wc=\"100\">Fue el pasado 12 de septiembre cuando la joven de 28 a\u00f1os anunci\u00f3 a sus seguidores que estaba enferma. Con un mensaje muy personal y emotivo, agradec\u00eda a su compa\u00f1ero de vida, Javier Tudela, <strong>todo el apoyo<\/strong> recibido en los ocho a\u00f1os de relaci\u00f3n. Todo ello en un mensaje que se asemejaba m\u00e1s a una <strong>carta de amor.\u00a0<\/strong>\u00abS\u00e9 que nos esperan d\u00edas dif\u00edciles, pero tambi\u00e9n s\u00e9 que contigo a mi lado <strong>no hay batalla que no podamos ganar<\/strong>\u00ab. Aunque la familia no haya querido hacer grandes revelaciones, poco a poco se han ido sabiendo detalles sobre este injusto proceso.\u00a0<\/p>\n<p> <img src=\"https:\/\/www.europesays.com\/es\/wp-content\/uploads\/2025\/10\/55bc4bd1c14c-dlu539100140.jpg\"   width=\"1024\" height=\"673\" loading=\"lazy\" decoding=\"async\" alt=\"Media Image\" fetchpriority=\"auto\" class=\"image ho-image\"\/>\u00a9 GTRES<\/p>\n<p id=\"ecG_iStMBs\" data-wc=\"73\">\u00abHace 8 a\u00f1os la vida me regal\u00f3 a mi persona, a mi amor, a mi compa\u00f1ero.\u2028Y si entonces ten\u00eda claro que eras el amor de mi vida, ahora s\u00e9 que ni siquiera alcanzaba a imaginar cu\u00e1nto\u00bb. La sevillana, con estas palabras tan bonitas, puso en valor todos los esfuerzos del amor de su vida por no soltarle \u00abla mano ni un segundo\u00bb y por <strong>cuidarla y hacerla sonre\u00edr<\/strong> cuando m\u00e1s lo ha necesitado.<\/p>\n<p id=\"eDo7lcQnVSw\" data-wc=\"57\">Y ha sido hace pocas horas cuando la influencer\u00a0ha resubido un escrito de su amiga <strong>Luna Serrat.\u00a0<\/strong><strong>\u00abYa no me asusta mi sensibilidad\u00bb.\u00a0<\/strong>Con un breve texto, la joven ha hablado sobre lo positivo de sentirse vulnerable, de poderse poner en la piel de los dem\u00e1s y sobre todo, de abrazar la sensibilidad de cada uno.\u00a0<\/p>\n<p>Una familia unida<\/p>\n<p id=\"etYYkiKNZu\" data-wc=\"76\"><strong>Makoke<\/strong>, nuera de Marina Romero, ha declarado que se trata de \u00abuna familia maravillosa\u00bb y que est\u00e1n \u00ab<strong>superunidos<\/strong>\u00ab. Ella sabe que pese a haber momentos muy duros que no han salido a la luz, su hijo es fuerte y siempre termina sacando una sonrisa. \u00abMe toca a m\u00ed en primera persona, me duele\u00bb. La figura televisiva, que ya decidi\u00f3 cancelar su boda con <strong>Gonzalo Fern\u00e1ndez\u00a0<\/strong>en agosto por este mismo motivo, <strong>apoya profundamente<\/strong> a los enamorados. \u00a0<\/p>\n<p> <img src=\"https:\/\/www.europesays.com\/es\/wp-content\/uploads\/2025\/10\/f912b8af1e42-dlu593035014.jpg\"   width=\"1024\" height=\"682\" loading=\"lazy\" decoding=\"async\" alt=\"Media Image\" fetchpriority=\"auto\" class=\"image ho-image\"\/>\u00a9 GTRES<\/p>\n<p id=\"enPwj1eGSx\" data-wc=\"69\">Marina Romero y Javier Tudela son padres de <strong>Javier y Bianca<\/strong>, de cuatro y dos a\u00f1os. La familia descansa en una urbanizaci\u00f3n de Madrid en la que pueden reposar y llevar, de la mejor forma posible, la situaci\u00f3n familiar actual. Ambos miran al futuro <strong>con positividad<\/strong>. Ella tiene claro que una vez est\u00e9 recuperada, <strong>la pareja saldr\u00e1 reforzada<\/strong> y todav\u00eda se querr\u00e1n m\u00e1s de lo que ya lo hacen.<\/p>\n","protected":false},"excerpt":{"rendered":"Marina Romero, pareja de Javier Tudela y nuera de Makoke, ha publicado en las \u00faltimas horas una reflexi\u00f3n&hellip;\n","protected":false},"author":2,"featured_media":179438,"comment_status":"","ping_status":"","sticky":false,"template":"","format":"standard","meta":{"footnotes":""},"categories":[174],"tags":[517,255,146,147,25,24,256,38146,23],"class_list":{"0":"post-179437","1":"post","2":"type-post","3":"status-publish","4":"format-standard","5":"has-post-thumbnail","7":"category-famosos","8":"tag-actualidad","9":"tag-celebrities","10":"tag-entertainment","11":"tag-entretenimiento","12":"tag-es","13":"tag-espana","14":"tag-famosos","15":"tag-javier-tudela","16":"tag-spain"},"share_on_mastodon":{"url":"","error":""},"_links":{"self":[{"href":"https:\/\/www.europesays.com\/es\/wp-json\/wp\/v2\/posts\/179437","targetHints":{"allow":["GET"]}}],"collection":[{"href":"https:\/\/www.europesays.com\/es\/wp-json\/wp\/v2\/posts"}],"about":[{"href":"https:\/\/www.europesays.com\/es\/wp-json\/wp\/v2\/types\/post"}],"author":[{"embeddable":true,"href":"https:\/\/www.europesays.com\/es\/wp-json\/wp\/v2\/users\/2"}],"replies":[{"embeddable":true,"href":"https:\/\/www.europesays.com\/es\/wp-json\/wp\/v2\/comments?post=179437"}],"version-history":[{"count":0,"href":"https:\/\/www.europesays.com\/es\/wp-json\/wp\/v2\/posts\/179437\/revisions"}],"wp:featuredmedia":[{"embeddable":true,"href":"https:\/\/www.europesays.com\/es\/wp-json\/wp\/v2\/media\/179438"}],"wp:attachment":[{"href":"https:\/\/www.europesays.com\/es\/wp-json\/wp\/v2\/media?parent=179437"}],"wp:term":[{"taxonomy":"category","embeddable":true,"href":"https:\/\/www.europesays.com\/es\/wp-json\/wp\/v2\/categories?post=179437"},{"taxonomy":"post_tag","embeddable":true,"href":"https:\/\/www.europesays.com\/es\/wp-json\/wp\/v2\/tags?post=179437"}],"curies":[{"name":"wp","href":"https:\/\/api.w.org\/{rel}","templated":true}]}}