{"id":179439,"date":"2025-10-15T23:02:08","date_gmt":"2025-10-15T23:02:08","guid":{"rendered":"https:\/\/www.europesays.com\/es\/179439\/"},"modified":"2025-10-15T23:02:08","modified_gmt":"2025-10-15T23:02:08","slug":"el-pintor-murchantino-ricardo-pardo-expone-su-obra-en-pamplona","status":"publish","type":"post","link":"https:\/\/www.europesays.com\/es\/179439\/","title":{"rendered":"El pintor murchantino Ricardo Pardo expone su obra en Pamplona"},"content":{"rendered":"<p class=\"paragraph\">El pintor murchantino Ricardo Pardo Mart\u00ednez abrir\u00e1 este s\u00e1bado, d\u00eda 18 de octubre, su exposici\u00f3n titulada \u2018Emociones\u2019 en Pamplona. La muestra, compuesta por 10 obras de gran formato al \u00f3leo, se podr\u00e1 contemplar hasta el pr\u00f3ximo 30 de noviembre<b> en la galer\u00eda Espacios Media Luna, ubicada en la avenida Baja Navarra, 34-36.<\/b><\/p>\n<p class=\"paragraph\">Seg\u00fan explica el artista ribero, cada una de las obras que viajar\u00e1n a Pamplona representa, tal y como reza el t\u00edtulo de la muestra, \u201cesas emociones humanas que residen o pueden residir en cada uno de nosotros\u201d. \u201cTodos los cuadros son figurativos y, en ellos, <b>aparecen emociones como la tristeza o la ira<\/b>; comportamientos como el de la gula; o, incluso, la representaci\u00f3n con rostro humano de una enfermedad como el Alzheimer\u201d, explica Pardo, quien reconoce que sus obras, \u201ccomo han llegado a decir varias personas que las han visto, pueden ser muy inquietantes\u201d. \u201cHe visto a gente estar m\u00e1s de 20 minutos delante de uno de mis cuadros y a personas salir de la exposici\u00f3n llorando al sentirse \u00edntimamente identificadas con alguna de las obras\u201d, asegura Pardo.<\/p>\n<p class=\"paragraph\"><b>EVOLUCI\u00d3N Y MEJORA<\/b><\/p>\n<p class=\"paragraph\">Con esta exposici\u00f3n, Pardo culmina <b>un a\u00f1o de trabajo y dedicaci\u00f3n en exclusiva a la pintura. <\/b>\u201cEstaba residiendo en Madrid y dedicado a la direcci\u00f3n de varios restaurantes&#8230;, y di el paso a tomarme este a\u00f1o para volcarme en mi pasi\u00f3n por la pintura. Este periodo me ha servido para evolucionar y mejorar mi t\u00e9cnica algo que, de haber estado compagin\u00e1ndolo como mi trabajo, hubiera tardado en conseguir 4 o 5 a\u00f1os\u201d, se\u00f1ala Pardo, quien asegura que el pr\u00f3ximo a\u00f1o regresar\u00e1 a Madrid, \u201cpero siempre con mis pinceles muy cerca\u201d.<\/p>\n","protected":false},"excerpt":{"rendered":"El pintor murchantino Ricardo Pardo Mart\u00ednez abrir\u00e1 este s\u00e1bado, d\u00eda 18 de octubre, su exposici\u00f3n titulada \u2018Emociones\u2019 en&hellip;\n","protected":false},"author":2,"featured_media":179440,"comment_status":"","ping_status":"","sticky":false,"template":"","format":"standard","meta":{"footnotes":""},"categories":[173],"tags":[229,233,231,230,232,234,146,147,25,24,18134,51091,8364,475,4764,23],"class_list":{"0":"post-179439","1":"post","2":"type-post","3":"status-publish","4":"format-standard","5":"has-post-thumbnail","7":"category-arte-y-diseno","8":"tag-arte","9":"tag-arte-y-diseno","10":"tag-arts","11":"tag-arts-and-design","12":"tag-design","13":"tag-diseno","14":"tag-entertainment","15":"tag-entretenimiento","16":"tag-es","17":"tag-espana","18":"tag-expone","19":"tag-murchantino","20":"tag-pardo","21":"tag-pintor","22":"tag-ricardo","23":"tag-spain"},"share_on_mastodon":{"url":"","error":""},"_links":{"self":[{"href":"https:\/\/www.europesays.com\/es\/wp-json\/wp\/v2\/posts\/179439","targetHints":{"allow":["GET"]}}],"collection":[{"href":"https:\/\/www.europesays.com\/es\/wp-json\/wp\/v2\/posts"}],"about":[{"href":"https:\/\/www.europesays.com\/es\/wp-json\/wp\/v2\/types\/post"}],"author":[{"embeddable":true,"href":"https:\/\/www.europesays.com\/es\/wp-json\/wp\/v2\/users\/2"}],"replies":[{"embeddable":true,"href":"https:\/\/www.europesays.com\/es\/wp-json\/wp\/v2\/comments?post=179439"}],"version-history":[{"count":0,"href":"https:\/\/www.europesays.com\/es\/wp-json\/wp\/v2\/posts\/179439\/revisions"}],"wp:featuredmedia":[{"embeddable":true,"href":"https:\/\/www.europesays.com\/es\/wp-json\/wp\/v2\/media\/179440"}],"wp:attachment":[{"href":"https:\/\/www.europesays.com\/es\/wp-json\/wp\/v2\/media?parent=179439"}],"wp:term":[{"taxonomy":"category","embeddable":true,"href":"https:\/\/www.europesays.com\/es\/wp-json\/wp\/v2\/categories?post=179439"},{"taxonomy":"post_tag","embeddable":true,"href":"https:\/\/www.europesays.com\/es\/wp-json\/wp\/v2\/tags?post=179439"}],"curies":[{"name":"wp","href":"https:\/\/api.w.org\/{rel}","templated":true}]}}