{"id":17944,"date":"2025-08-01T06:44:09","date_gmt":"2025-08-01T06:44:09","guid":{"rendered":"https:\/\/www.europesays.com\/es\/17944\/"},"modified":"2025-08-01T06:44:09","modified_gmt":"2025-08-01T06:44:09","slug":"el-athletic-confia-en-cerrar-el-fichaje-de-laporte-antes-del-inicio-de-la-liga","status":"publish","type":"post","link":"https:\/\/www.europesays.com\/es\/17944\/","title":{"rendered":"El Athletic conf\u00eda en cerrar el fichaje de Laporte antes del inicio de la Liga"},"content":{"rendered":"<p> El deseo del Athletic de fichar a Aymeric Laporte (Agen, Francia, 31 a\u00f1os) recibi\u00f3 un inesperado impulso cuando el nuevo entrenador del Al-Nassr  &#8230; le se\u00f1al\u00f3 la puerta de salida. \u00abLaporte va a dejar el equipo y llegar\u00e1 otro defensa\u00bb, lanz\u00f3 Jorge Jesus tras ganar 2-1 al Toulouse en un amistoso en Austria, pa\u00eds en el que los saud\u00edes llevan a cabo su pretemporada. El Athletic, en el papel de espectador a la espera de que el central resuelva su salida, conf\u00eda en cerrar el fichaje antes del inicio de la Liga.<\/p>\n<p class=\"v-p\">El club de Riad ya lanz\u00f3 su primer aviso sobre sus intenciones con Laporte cuando le dej\u00f3 fuera de la pretemporada. Las manifestaciones del t\u00e9cnico portugu\u00e9s significan adem\u00e1s el primer reconocimiento por parte de alguien del Al-Nassr de que el central va a salir.<\/p>\n<p class=\"v-p\">Es una buena noticia para el Athletic. Es evidente que el Al-Nassr no quiere contar con \u00e9l y eso fortalece la posici\u00f3n del central en la mesa de negociaci\u00f3n con su club.<\/p>\n<p class=\"v-p\">El asunto central en este caso es que Laporte cierre un acuerdo sobre las condiciones de salida del Al-Nassr. Tiene contrato por una campa\u00f1a m\u00e1s a cambio de 25 millones de euros netos con un club que pag\u00f3 27 millones de traspaso al Manchester City por \u00e9l hace dos a\u00f1os.<\/p>\n<p class=\"v-p\">Al Athletic le toca esperar. No puede dar un paso hasta que Laporte y Al-Nassr lleguen a un acuerdo. Luego todo ser\u00e1 m\u00e1s sencillo porque la voluntad del jugador es regresar al club rojiblanco, tal y como este peri\u00f3dico indic\u00f3 el 3 de junio cuando revel\u00f3 que el club rojiblanco hab\u00eda decidido intentar repescarle.<\/p>\n<p>Ya hay interlocutores<\/p>\n<p class=\"v-p\">Aunque el tiempo apremia, hay otra buena nueva para el Athletic. El jugador ya sabe quienes son los interlocutores con los que debe negociar. <\/p>\n<p class=\"v-p\">En apenas unas semanas el Al-Nassr ha cambiado su c\u00fapula. Cristiano Ronaldo, que amag\u00f3 con irse, ha colocado a tres personas de su m\u00e1xima confianza al frente del club de Arabia Saud\u00ed.<\/p>\n<p class=\"v-p\">Todos son adem\u00e1s compatriotas del portugu\u00e9s. Jorge Jes\u00fas fue nombrado entrenador. Fue quien decidi\u00f3 no llevar a Laporte a la pretemporada en Austria y el que le ha colocado el cartel de &#8216;debe salir&#8217;. <\/p>\n<p class=\"v-p\">Luego lleg\u00f3 Jos\u00e9 Semedo como nuevo director general en sustituci\u00f3n de Majed Jaman Alsorour. El \u00faltimo en caer ha sido del director deportivo, Fernando Hierro. Al-Nassr anunci\u00f3 el lunes que Simao Coutinho, agente de jugadores, es su nuevo director general.<\/p>\n<p class=\"v-p\">El exinternacional con Espa\u00f1a paga con su salida su gesti\u00f3n en el fallido fichaje del central David Hancko, se\u00f1alado como sustituto de Laporte. En una situaci\u00f3n ins\u00f3lita, el exjugador del Feyenoord fue rechazado por los saud\u00edes cuando lleg\u00f3 al hotel donde el equipo se hospeda en Austria para la pretemporada. El eslovaco acab\u00f3 por sumarse al Atl\u00e9tico de Madrid en una operaci\u00f3n rel\u00e1mpago. Fue el \u00faltimo episodio de la crisis institucional del Al-Nassr, que quiere relanzar su proyecto.<\/p>\n<p>Ver las condiciones<\/p>\n<p class=\"v-p\">La primera parte del problema ya est\u00e1 resuelta. Laporte sale s\u00ed o s\u00ed de Arabia Saud\u00ed. Ahora hay que ver en qu\u00e9 condiciones. Hay que resolver si Al-Nassr le da de baja con una compensaci\u00f3n econ\u00f3mica al jugador o reclama un traspaso por \u00e9l. <\/p>\n<p class=\"v-p\">Luego llega el problema de los plazos. Los dos clubes afectados tienen prisa. Los propietarios de los derechos del jugador deben darle salida cuanto antes para no quedarse con un futbolista con el que no cuentan y de ficha alt\u00edsima. Y al Athletic le apremia el tiempo porque si Laporte era importante hace un mes ahora es imprescindible en medio de la lastimosa situaci\u00f3n de la posici\u00f3n de central en el Athletic.<\/p>\n<p class=\"v-p\">El club rojiblanco decidi\u00f3 ir a por \u00e9l hace dos meses. Desde entonces, ha sufrido el apartamiento de Yeray tras ser acusado de dopaje por la UEFA, fich\u00f3 de prisa y corriendo a Egiluz, al que no hab\u00eda renovado, y se encuentra con que central estar\u00e1 un mes de baja tras caer lesionado en el amistoso del mi\u00e9rcoles ante el Racing.<\/p>\n<p class=\"v-p\">Al Athletic le gustar\u00eda tener a Laporte a su lado en el comienzo de Liga. En todo caso, la determinaci\u00f3n del club de cerrar la operaci\u00f3n es tal que est\u00e1 dispuesto a apurar los plazos hasta el cierre de mercado, el s\u00e1bado 30 de agosto a las 23,59 horas.<\/p>\n<p class=\"v-p\">Al fin y al cabo, el club tiene muy claro que no ficha a Laporte por sus urgencias del momento, sino que da el paso por su pleno convencimiento de que se trata de un central que eleva de forma significativa el nivel competitivo de la escuadra.<\/p>\n","protected":false},"excerpt":{"rendered":"El deseo del Athletic de fichar a Aymeric Laporte (Agen, Francia, 31 a\u00f1os) recibi\u00f3 un inesperado impulso cuando&hellip;\n","protected":false},"author":2,"featured_media":17945,"comment_status":"","ping_status":"","sticky":false,"template":"","format":"standard","meta":{"footnotes":""},"categories":[93],"tags":[2182,5417,3279,168,25,24,557,4712,2179,1044,23,167],"class_list":{"0":"post-17944","1":"post","2":"type-post","3":"status-publish","4":"format-standard","5":"has-post-thumbnail","7":"category-deportes","8":"tag-athletic","9":"tag-cerrar","10":"tag-confia","11":"tag-deportes","12":"tag-es","13":"tag-espana","14":"tag-fichaje","15":"tag-inicio","16":"tag-laporte","17":"tag-liga","18":"tag-spain","19":"tag-sports"},"share_on_mastodon":{"url":"","error":""},"_links":{"self":[{"href":"https:\/\/www.europesays.com\/es\/wp-json\/wp\/v2\/posts\/17944","targetHints":{"allow":["GET"]}}],"collection":[{"href":"https:\/\/www.europesays.com\/es\/wp-json\/wp\/v2\/posts"}],"about":[{"href":"https:\/\/www.europesays.com\/es\/wp-json\/wp\/v2\/types\/post"}],"author":[{"embeddable":true,"href":"https:\/\/www.europesays.com\/es\/wp-json\/wp\/v2\/users\/2"}],"replies":[{"embeddable":true,"href":"https:\/\/www.europesays.com\/es\/wp-json\/wp\/v2\/comments?post=17944"}],"version-history":[{"count":0,"href":"https:\/\/www.europesays.com\/es\/wp-json\/wp\/v2\/posts\/17944\/revisions"}],"wp:featuredmedia":[{"embeddable":true,"href":"https:\/\/www.europesays.com\/es\/wp-json\/wp\/v2\/media\/17945"}],"wp:attachment":[{"href":"https:\/\/www.europesays.com\/es\/wp-json\/wp\/v2\/media?parent=17944"}],"wp:term":[{"taxonomy":"category","embeddable":true,"href":"https:\/\/www.europesays.com\/es\/wp-json\/wp\/v2\/categories?post=17944"},{"taxonomy":"post_tag","embeddable":true,"href":"https:\/\/www.europesays.com\/es\/wp-json\/wp\/v2\/tags?post=17944"}],"curies":[{"name":"wp","href":"https:\/\/api.w.org\/{rel}","templated":true}]}}