{"id":179441,"date":"2025-10-15T23:03:10","date_gmt":"2025-10-15T23:03:10","guid":{"rendered":"https:\/\/www.europesays.com\/es\/179441\/"},"modified":"2025-10-15T23:03:10","modified_gmt":"2025-10-15T23:03:10","slug":"juan-del-val-gana-el-premio-planeta-por-vera-una-historia-de-amor","status":"publish","type":"post","link":"https:\/\/www.europesays.com\/es\/179441\/","title":{"rendered":"Juan del Val gana el premio Planeta por &#8216;Vera, una historia de amor&#8217;"},"content":{"rendered":"<p class=\"article-text\">\n        El escritor\u00a0Juan del Val\u00a0ha ganado el Premio Planeta 2025, dotado con un mill\u00f3n de euros, por la novela\u00a0Vera, una historia de amor.\u00a0El autor\u00a0fue galardonado con el Premio Primavera de Novela 2019 con su novela Candela, donde explica la historia de una mujer de mediana edad que regenta un bar de barrio con su abuela y su madre. Se trata de un autor que publica con Planeta, por lo que su presencia en la gala ha sido habitual en los \u00faltimos a\u00f1os.\n    <\/p>\n<p>    <a href=\"https:\/\/www.eldiario.es\/cultura\/libros\/paloma-sanchez-garnica-ganadora-premio-planeta-mujeres-generacion-revolucionamos-jovenes-puedan-son_1_11798076.html\" data-mrf-recirculation=\"saber-mas\" data-dl-event=\"saber-mas\" rel=\"nofollow noopener\" target=\"_blank\"><\/p>\n<p class=\"know-more__title\">Paloma S\u00e1nchez-Garnica, ganadora del Premio Planeta: \u00abLas mujeres de mi generaci\u00f3n revolucionamos todo para que las j\u00f3venes puedan ser como son\u00bb<\/p>\n<p>            <img decoding=\"async\" class=\"lazy\" loading=\"lazy\" data-src=\"https:\/\/static.eldiario.es\/clip\/0b6b084c-f415-4385-90d8-b60d2f18d991_16-9-aspect-ratio_default_0.jpg\" src=\"data:image\/svg+xml,%3Csvg xmlns=\" http:=\"\" viewbox=\"0 0 880 495\" alt=\"Paloma S\u00e1nchez-Garnica, ganadora del Premio Planeta: &quot;Las mujeres de mi generaci\u00f3n revolucionamos todo para que las j\u00f3venes puedan ser como son&quot;\"\/><\/p>\n<p>                        <\/a><\/p>\n<p class=\"article-text\">\n        El responsable de otros t\u00edtulos \u2013todos ellos en Planeta\u2013 como\u00a0Bocabesada y\u00a0Delpara\u00edso o Lo inevitable del amor, escrito a dos manos junto a su esposa, la presentadora televisiva Nuria Roca, sucede a la periodista <a href=\"https:\/\/www.eldiario.es\/cultura\/libros\/paloma-sanchez-garnica-ganadora-premio-planeta-mujeres-generacion-revolucionamos-jovenes-puedan-son_1_11798076.html\" target=\"_blank\" data-mrf-recirculation=\"links-noticia\" class=\"link\" rel=\"nofollow noopener\">Paloma S\u00e1nchez-Garnica<\/a>, homenajeada\u00a0<a href=\"https:\/\/www.eldiario.es\/cultura\/libros\/paloma-sanchez-garnica-gana-premio-planeta-2024-victoria_1_11735401.html\" target=\"_blank\" data-mrf-recirculation=\"links-noticia\" class=\"link\" rel=\"nofollow noopener\">el a\u00f1o pasado<\/a> con el reconocimiento de mayor dotaci\u00f3n econ\u00f3mica (por encima hasta del\u00a0<a href=\"https:\/\/www.eldiario.es\/cultura\/libros\/laszlo-krasznahorkai-gana-premio-nobel-literatura-2025_1_12669502.html\" target=\"_blank\" data-mrf-recirculation=\"links-noticia\" class=\"link\" rel=\"nofollow noopener\">Nobel de Literatura<\/a>). A su vez \u00c1ngela Banzas ha quedado finalista del premio Planeta 2025 por la novela  &#8216;Cuando el viento hable&#8217; y recibir\u00e1 200.00 euros.\n    <\/p>\n<p class=\"article-text\">\n        \u201cEste premio es una cosa tan fant\u00e1stica que parece que solo le pueda pasar a los dem\u00e1s, y mi vida es un poco as\u00ed, una sucesi\u00f3n de cosas buenas que no esperaba\u201d, ha dicho del Val. \u201cVera, una historia de amor, es la historia de una mujer que emprende un camino hacia la libertad y aprende a equivocarse, algo que nos sucede a todos cuando emprendemos el camino a la libertad\u201d, ha explicado sobre la novela.\n    <\/p>\n<p class=\"article-text\">\n        Ha desvelado posteriormente que la base es \u201cuna historia de amor entre la mujer de un marqu\u00e9s sevillano y un chico de barrio\u201d. \u201cSoy amante de lo f\u00e1cil pero enemigo de lo simple\u201d, ha apuntado a continuaci\u00f3n tras las preguntas de la presidenta del jurado Carmen Posadas, para enfatizar la complejidad de los personajes tras una trama aparentemente sencilla.\n    <\/p>\n<p class=\"article-text\">\n        \u201cSe escribe para la gente, no para una supuesta \u00e9lite intelectual\u201d, ha a\u00f1adido tras agradecer a la editorial Planeta que \u201chaga de ester premio una fiesta para la gente normal\u201d. Tambi\u00e9n ha agregado que \u201clos pol\u00edticos tambi\u00e9n viven de la gente\u201d. Finalmente le ha dedicado el libro a su esposa Nuria Roca.\n    <\/p>\n<p class=\"article-text\">\n        Juan \u00c1ngel del Val P\u00e9rez naci\u00f3 en Madrid en 1970 y si bien ha colaborado como columnista, guionista, director, productor, presentador y tertuliano de radio y televisi\u00f3n, tambi\u00e9n ha desarrollado una carrera paralela como escritor. Adem\u00e1s, ha trabajado en medios como\u00a0Radio Nacional de Espa\u00f1a,\u00a0Televisi\u00f3n Espa\u00f1ola,\u00a0Canal 9,\u00a0Antena 3\u00a0y\u00a0Telecinco, y copresent\u00f3\u00a0Lo mejor que te puede pasar\u00a0junto a Nuria Roca\u00a0en\u00a0Melod\u00eda FM\u00a0durante cuatro a\u00f1os. Actualmente es coguionista del programa televisivo de  Antena 3 El hormiguero y tertuliano La Roca, el programa que presenta y dirige su mujer en La Sexta.\n    <\/p>\n<p>    &#8216;Cuando el viento hable&#8217;, novela finalista<\/p>\n<p class=\"article-text\">\n        La finalista con Cuando el viento hable es la escritora gallega \u00c1ngela Banzas, natural de Santiago de Compostela. Es licenciada en Ciencias Pol\u00edticas y de la Administraci\u00f3n por la Universidad de Santiago. Si bien su trayectoria profesional ha estado siempre ligada a la consultor\u00eda de Administraci\u00f3n P\u00fablica, ha desarrollado paralelamente una fecunda carrera literaria.\n    <\/p>\n<p class=\"article-text\">\n        \u201cCuando el viento hable se trata de mi historia m\u00e1s especial, una novela muy \u00edntima que parte de un recuerdo de infancia\u201d, ha dicho la finalista tras conocer el veredicto. \u201cCuando yo era peque\u00f1a hab\u00eda una ni\u00f1a en el hospital que se llamaba \u00c1ngeles, sobre ella pesaba un diagn\u00f3stico fatal e iba a morir, y yo, que ya estaba herida por las letras, busqu\u00e9 en la biblioteca del hospital relatos que leerle a \u00c1ngeles\u201d, ha a\u00f1adido.\n    <\/p>\n<p class=\"article-text\">\n        Sin embargo, la autora ha matizado que la trama de la novela sucede en 1939 y la ni\u00f1a no es ella sino una ni\u00f1a llamada Sof\u00eda, que tambi\u00e9n es ingresada en un hospital y desde all\u00ed puede observar la realidad sin las diferencias que estaban tan marcadas en aquellos d\u00edas en su Galicia natal. Por su parte Luz Gab\u00e1s, en representaci\u00f3n del jurado, ha dicho que \u201ces una novela con intriga y con una descripci\u00f3n del paisaje fabulosa\u201d\n    <\/p>\n<p class=\"article-text\">\n        Su primera novela, El silencio de las olas (Suma, 2021), obtuvo un gran \u00e9xito de p\u00fablico y ventas, La conjura de la niebla fue su segunda novela y en 2023 publica La sombra de la rosa. En sus novelas se distingue por combinar el suspense con la descripci\u00f3n de los paisajes de su Galicia natal.\n    <\/p>\n<p>    1.320 ficciones presentadas a concurso<\/p>\n<p class=\"article-text\">\n        La septuag\u00e9sima cuarta edici\u00f3n del premio Planeta ha batido el r\u00e9cord de manuscritos enviados al contar con 1.320 novelas presentadas. \u201cHa sido un a\u00f1o de celebraci\u00f3n, se ha demostrado que estamos muy comprometidos con el proyecto, coment\u00f3 ayer el presidente del Grupo Planeta\u00a0Jos\u00e9 Creuheras durante la presentaci\u00f3n del galard\u00f3n, que se instaur\u00f3 a los dos a\u00f1os de la fundaci\u00f3n de la empresa. \u201dEn los momentos dif\u00edciles que estamos viviendo, nosotros intentamos que el mundo sea mejor tanto en libros, en educaci\u00f3n o en medios de comunicaci\u00f3n\u201c, a\u00f1adi\u00f3.\n    <\/p>\n<p class=\"article-text\">\n        Pero m\u00e1s all\u00e1 del gran n\u00famero de candidatos, lo que se ha apreciado este a\u00f1o es un fuerte cambio de tendencia donde la novela tradicional pierde fuelle y lo ganan nuevas narrativas vinculadas a las redes sociales, en especial Tik Tok y Book Tok. El jurado destac\u00f3 la irrupci\u00f3n de la novela fant\u00e1stica y de los romances enmarcados en distop\u00edas sociales o escenarios de ciencia ficci\u00f3n, la llamada romansy. \u201cNecesitamos evasi\u00f3n de la realidad y la vamos a encontrar en la fantas\u00eda y en el romance\u201d, dijo la escritora\u00a0<a href=\"https:\/\/elpais.com\/cultura\/2022-10-15\/luz-gabas-autora-de-palmeras-en-la-nieve-gana-el-premio-planeta.html\" target=\"_blank\" data-mrf-recirculation=\"links-noticia\" class=\"link\" rel=\"nofollow noopener\">Luz Gab\u00e1s<\/a>, miembro del jurado y encargada de presentar y resumir los diez finalistas.\u00a0\n    <\/p>\n<p>    <a href=\"https:\/\/www.eldiario.es\/cultura\/musica\/oreja-gogh-anuncia-regreso-amaia-montero-salida-pablo-benegas_1_12680233.html\" data-mrf-recirculation=\"saber-mas-abajo\" data-dl-event=\"saber-mas-abajo\" rel=\"nofollow noopener\" target=\"_blank\"><\/p>\n<p class=\"know-more__title\">La Oreja de Van Gogh anuncia el regreso de Amaia Montero y la salida de Pablo Benegas<\/p>\n<p>            <img decoding=\"async\" class=\"lazy\" loading=\"lazy\" data-src=\"https:\/\/static.eldiario.es\/clip\/563bf118-c365-4bf1-a4ac-537b4952f87a_16-9-aspect-ratio_default_0_x398y500.jpg\" src=\"data:image\/svg+xml,%3Csvg xmlns=\" http:=\"\" viewbox=\"0 0 880 495\" alt=\"La Oreja de Van Gogh anuncia el regreso de Amaia Montero y la salida de Pablo Benegas\"\/><\/p>\n<p>                        <\/a><\/p>\n<p class=\"article-text\">\n        El director de la Divisio\u0301n Editorial de Planeta, Jes\u00fas Badenes, especific\u00f3 por su parte que la industria del libro ha crecido un 4% en el primer trimestre de 2025 y que los motores de crecimiento son ficci\u00f3n y juvenil. \u201cLa poblaci\u00f3n lectora de 14 a 29 a\u00f1os ha pasado de ser la m\u00e1s rezagada en tiempos anteriores a la pandemia a alcanzar el 75% y cuando vamos a la cifra femenina esa cifra es del 84%\u201d.\u00a0El motivo de este empuje, seg\u00fan Badenes, est\u00e1 en la prescripci\u00f3n de TikTok y las redes sociales. El jurado del premio lo integran este a\u00f1o Jos\u00e9 Manuel Blecua, Juan Eslava Gal\u00e1n, Luz Gab\u00e1s, Pere Gimferrer, Eva Giner, Carmen Posadas y Bel\u00e9n L\u00f3pez.\n    <\/p>\n","protected":false},"excerpt":{"rendered":"El escritor\u00a0Juan del Val\u00a0ha ganado el Premio Planeta 2025, dotado con un mill\u00f3n de euros, por la novela\u00a0Vera,&hellip;\n","protected":false},"author":2,"featured_media":179442,"comment_status":"","ping_status":"","sticky":false,"template":"","format":"standard","meta":{"footnotes":""},"categories":[172],"tags":[1733,224,146,147,25,24,4355,448,409,225,5635,843,23,32693,7733],"class_list":{"0":"post-179441","1":"post","2":"type-post","3":"status-publish","4":"format-standard","5":"has-post-thumbnail","7":"category-libros","8":"tag-amor","9":"tag-books","10":"tag-entertainment","11":"tag-entretenimiento","12":"tag-es","13":"tag-espana","14":"tag-gana","15":"tag-historia","16":"tag-juan","17":"tag-libros","18":"tag-planeta","19":"tag-premio","20":"tag-spain","21":"tag-val","22":"tag-vera"},"share_on_mastodon":{"url":"","error":""},"_links":{"self":[{"href":"https:\/\/www.europesays.com\/es\/wp-json\/wp\/v2\/posts\/179441","targetHints":{"allow":["GET"]}}],"collection":[{"href":"https:\/\/www.europesays.com\/es\/wp-json\/wp\/v2\/posts"}],"about":[{"href":"https:\/\/www.europesays.com\/es\/wp-json\/wp\/v2\/types\/post"}],"author":[{"embeddable":true,"href":"https:\/\/www.europesays.com\/es\/wp-json\/wp\/v2\/users\/2"}],"replies":[{"embeddable":true,"href":"https:\/\/www.europesays.com\/es\/wp-json\/wp\/v2\/comments?post=179441"}],"version-history":[{"count":0,"href":"https:\/\/www.europesays.com\/es\/wp-json\/wp\/v2\/posts\/179441\/revisions"}],"wp:featuredmedia":[{"embeddable":true,"href":"https:\/\/www.europesays.com\/es\/wp-json\/wp\/v2\/media\/179442"}],"wp:attachment":[{"href":"https:\/\/www.europesays.com\/es\/wp-json\/wp\/v2\/media?parent=179441"}],"wp:term":[{"taxonomy":"category","embeddable":true,"href":"https:\/\/www.europesays.com\/es\/wp-json\/wp\/v2\/categories?post=179441"},{"taxonomy":"post_tag","embeddable":true,"href":"https:\/\/www.europesays.com\/es\/wp-json\/wp\/v2\/tags?post=179441"}],"curies":[{"name":"wp","href":"https:\/\/api.w.org\/{rel}","templated":true}]}}