{"id":179445,"date":"2025-10-15T23:05:09","date_gmt":"2025-10-15T23:05:09","guid":{"rendered":"https:\/\/www.europesays.com\/es\/179445\/"},"modified":"2025-10-15T23:05:09","modified_gmt":"2025-10-15T23:05:09","slug":"fiesta-presentacion-de-su-nuevo-album-aquelarre-la-noche-del-31-de-octubre-halloween-en-granada","status":"publish","type":"post","link":"https:\/\/www.europesays.com\/es\/179445\/","title":{"rendered":"Fiesta Presentaci\u00f3n de su nuevo \u00e1lbum \u00abAquelarre\u00bb la noche del 31 de octubre, Halloween, en GRANADA"},"content":{"rendered":"<p>\u00a0<\/p>\n<p><img fetchpriority=\"high\" decoding=\"async\" src=\"https:\/\/www.europesays.com\/es\/wp-content\/uploads\/2025\/10\/fiesta_granada25_500x267.jpg\" alt=\"AZRAEL\" width=\"500\" height=\"267\"\/><br \/>\n<strong>AZRAEL \u2013 Fiesta Presentaci\u00f3n de su nuevo \u00e1lbum \u00abAquelarre\u00bb la noche del 31 de octubre, Halloween, en GRANADA<\/strong><\/p>\n<p><strong><a href=\"https:\/\/www.facebook.com\/azraelmetaloficial\/\" target=\"_blank\" rel=\"noopener nofollow\">AZRAEL<\/a><\/strong>, presentar\u00e1 en p\u00fablico su nuevo \u00e1lbum \u00abAquelarre\u00bb la noche de Halloween en GRANADA<\/p>\n<p>La noche del 31 de octubre, coincidiendo con su salida, <strong><a href=\"https:\/\/www.facebook.com\/azraelmetaloficial\/\" target=\"_blank\" rel=\"noopener nofollow\">AZRAEL<\/a><\/strong> estar\u00e1n en persona en la Fiesta Halloween que se celebrar\u00e1 en el m\u00edtico <a href=\"https:\/\/www.instagram.com\/rainbow_metal_pub\/\" target=\"_blank\" rel=\"noopener nofollow\"><strong>Rainbow<\/strong><\/a>. Escucharemos el \u00e1lbum en primicia, la banda estar\u00e1 con los fans, y presentar\u00e1 Rafa Basa; todo ello coincidiendo con una gran Fiesta Halloween, con regalos, queimada, etc. Entrada Libre.<\/p>\n<p><img loading=\"lazy\" decoding=\"async\" src=\"https:\/\/www.europesays.com\/es\/wp-content\/uploads\/2025\/10\/fiesta_granada25.jpg\" alt=\"AZRAEL\" width=\"500\" height=\"357\"\/><\/p>\n<p><strong><a href=\"https:\/\/www.facebook.com\/azraelmetaloficial\/\" target=\"_blank\" rel=\"noopener nofollow\">AZRAEL<\/a><\/strong> tiene activa la pre-venta del \u00e1lbum<\/p>\n<p style=\"text-align: center;\">Os dejamos por aqu\u00ed el <a href=\"https:\/\/demonsshop.com\/brand\/19-azrael\" target=\"_blank\" rel=\"noopener nofollow\"><strong>link de compra<\/strong><\/a><\/p>\n<p>IMPORTANTE: Env\u00edos a todo el mundo<\/p>\n<p>Recordamos el primer adelanto que la banda subi\u00f3 a su canal de youtube, \u201cNoche de Brujas\u201d<\/p>\n<p>\u00a0<\/p>\n<p>\u00a0<\/p>\n<p>        <script async src=\"\/\/www.instagram.com\/embed.js\"><\/script><\/p>\n","protected":false},"excerpt":{"rendered":"\u00a0 AZRAEL \u2013 Fiesta Presentaci\u00f3n de su nuevo \u00e1lbum \u00abAquelarre\u00bb la noche del 31 de octubre, Halloween, en&hellip;\n","protected":false},"author":2,"featured_media":179446,"comment_status":"","ping_status":"","sticky":false,"template":"","format":"standard","meta":{"footnotes":""},"categories":[170],"tags":[35841,146,147,25,24,51092,51093,184,185,23],"class_list":{"0":"post-179445","1":"post","2":"type-post","3":"status-publish","4":"format-standard","5":"has-post-thumbnail","7":"category-musica","8":"tag-azrael","9":"tag-entertainment","10":"tag-entretenimiento","11":"tag-es","12":"tag-espana","13":"tag-fiesta-rafabasa","14":"tag-granada-cafe-pub-rainbow","15":"tag-music","16":"tag-musica","17":"tag-spain"},"share_on_mastodon":{"url":"","error":""},"_links":{"self":[{"href":"https:\/\/www.europesays.com\/es\/wp-json\/wp\/v2\/posts\/179445","targetHints":{"allow":["GET"]}}],"collection":[{"href":"https:\/\/www.europesays.com\/es\/wp-json\/wp\/v2\/posts"}],"about":[{"href":"https:\/\/www.europesays.com\/es\/wp-json\/wp\/v2\/types\/post"}],"author":[{"embeddable":true,"href":"https:\/\/www.europesays.com\/es\/wp-json\/wp\/v2\/users\/2"}],"replies":[{"embeddable":true,"href":"https:\/\/www.europesays.com\/es\/wp-json\/wp\/v2\/comments?post=179445"}],"version-history":[{"count":0,"href":"https:\/\/www.europesays.com\/es\/wp-json\/wp\/v2\/posts\/179445\/revisions"}],"wp:featuredmedia":[{"embeddable":true,"href":"https:\/\/www.europesays.com\/es\/wp-json\/wp\/v2\/media\/179446"}],"wp:attachment":[{"href":"https:\/\/www.europesays.com\/es\/wp-json\/wp\/v2\/media?parent=179445"}],"wp:term":[{"taxonomy":"category","embeddable":true,"href":"https:\/\/www.europesays.com\/es\/wp-json\/wp\/v2\/categories?post=179445"},{"taxonomy":"post_tag","embeddable":true,"href":"https:\/\/www.europesays.com\/es\/wp-json\/wp\/v2\/tags?post=179445"}],"curies":[{"name":"wp","href":"https:\/\/api.w.org\/{rel}","templated":true}]}}