{"id":179459,"date":"2025-10-15T23:12:09","date_gmt":"2025-10-15T23:12:09","guid":{"rendered":"https:\/\/www.europesays.com\/es\/179459\/"},"modified":"2025-10-15T23:12:09","modified_gmt":"2025-10-15T23:12:09","slug":"israel-amenaza-con-reanudar-los-combates-si-hamas-no-entrega-todos-los-restos-de-rehenes","status":"publish","type":"post","link":"https:\/\/www.europesays.com\/es\/179459\/","title":{"rendered":"Israel amenaza con reanudar los combates si Ham\u00e1s no entrega todos los restos de rehenes"},"content":{"rendered":"<p>    <img src=\"https:\/\/www.europesays.com\/es\/wp-content\/uploads\/2025\/10\/1760569929_585_2025-10-15T113A083A49Z-90170880.jpg\" width=\"1024\" height=\"682\" alt=\"\" loading=\"eager\" decoding=\"sync\" fetchpriority=\"high\"\/><\/p>\n<p>            afp_tickers        <\/p>\n<p>        Este contenido fue publicado en    <\/p>\n<p>        16 octubre 2025 &#8211; 00:12\n<\/p>\n<p>El ministro de Defensa israel\u00ed, Israel Katz, afirm\u00f3 el mi\u00e9rcoles por la noche que Israel reanudar\u00e1 los combates en la Franja de Gaza\u00a0si Ham\u00e1s no respeta el acuerdo del cese el fuego, al considerar que el grupo no ha entregado todos los restos de rehenes.<\/p>\n<p>Katz reaccionaba al anuncio del grupo islamista palestino, que afirm\u00f3 que entreg\u00f3 a Israel los cad\u00e1veres de rehenes a los que pudo acceder en la Franja de Gaza, luego de trasladar el mi\u00e9rcoles los cuerpos de dos cautivos en el marco del acuerdo de cese el fuego.<\/p>\n<p>El ministro lo consider\u00f3 como una violaci\u00f3n del acuerdo que estipula la obligaci\u00f3n de Ham\u00e1s de \u00abentregar todos los rehenes muertos que tengan\u00bb.<\/p>\n<p>La oficina del primer ministro israel\u00ed, Benjamin Netanyahu, anunci\u00f3 el mi\u00e9rcoles por la noche que los cuerpos de dos rehenes fueron entregados por la Cruz Roja a las fuerzas israel\u00edes en la Franja de Gaza.<\/p>\n<p>\u00abIsrael ha recibido, a trav\u00e9s de la Cruz Roja, dos ata\u00fades que contienen los restos de rehenes, entregados a las fuerzas de las FDI y del Shin Bet (servicio de seguridad interior) dentro de la Franja de Gaza\u00bb, precis\u00f3 en un comunicado.<\/p>\n<p>El ej\u00e9rcito israel\u00ed agreg\u00f3 que los ata\u00fades estaban en territorio israel\u00ed y \u00abse encuentran en camino hacia el Instituto Nacional de Medicina Forense para su identificaci\u00f3n\u00bb, seg\u00fan un comunicado militar.<\/p>\n<p>Desde el lunes, bajo un acuerdo de alto el fuego mediado por el presidente de Estados Unidos, Donald Trump, Ham\u00e1s ha entregado a Israel 20 rehenes sobrevivientes a cambio de casi 2.000 prisioneros palestinos liberados de c\u00e1rceles israel\u00edes.<\/p>\n<p>Antes de que los dos cuerpos fueran entregados el mi\u00e9rcoles por la noche, Ham\u00e1s ya hab\u00eda devuelto los restos de siete de los 28 rehenes fallecidos conocidos, junto con un octavo cuerpo que Israel dijo que no pertenec\u00eda a un reh\u00e9n.\u00a0<\/p>\n<p>Pero el mi\u00e9rcoles por la noche, el brazo armado del movimiento islamista palestino, las Brigadas Ezedin al Qasam, dijo que hab\u00eda transferido todos los cuerpos que pudo encontrar y que necesitar\u00eda equipo especializado para recuperar el resto de las ruinas de Gaza.\u00a0<\/p>\n<p>Esta facci\u00f3n de Ham\u00e1s anunci\u00f3 en un comunicado en redes sociales que hab\u00eda \u00abcumplido su compromiso en virtud del acuerdo al entregar a todos los prisioneros israel\u00edes vivos que ten\u00edan bajo su custodia, as\u00ed como los cad\u00e1veres a los que hab\u00eda podido acceder\u00bb.<\/p>\n<p>\u00abEn cuanto a los cad\u00e1veres restantes, se requieren esfuerzos extensivos y equipo especial para su recuperaci\u00f3n y extracci\u00f3n. Estamos haciendo un gran esfuerzo para cerrar este tema\u00bb a\u00f1adieron.<\/p>\n<p>Israel entreg\u00f3 el mi\u00e9rcoles otros 45 cuerpos de palestinos al Hospital Nasser, en el sur de Gaza, con lo que el n\u00famero total de cad\u00e1veres devueltos asciende a 90, inform\u00f3 el ministerio de Salud del territorio, gobernado por Ham\u00e1s.<\/p>\n<p>En Washington, asesores estadounidenses dijeron que Ham\u00e1s \u00abpretende honrar el acuerdo\u00bb sobre devoluci\u00f3n de cuerpos de rehenes.<\/p>\n<p>\u2013 Desarme \u00abquiz\u00e1 violento\u00bb \u2013<\/p>\n<p>El paso de Rafah, en la frontera entre Gaza y Egipto, permaneci\u00f3 cerrado el mi\u00e9rcoles pese a los informes de su reapertura para permitir la entrada masiva de ayuda humanitaria al territorio palestino, como estipula el acuerdo de alto el fuego entre Ham\u00e1s e Israel.<\/p>\n<p>El jefe de las operaciones humanitarias de la ONU, Tom Fletcher, expres\u00f3 su frustraci\u00f3n porque la ayuda humanitaria a\u00fan no est\u00e1 fluyendo al devastado territorio palestino a pesar del alto el fuego.<\/p>\n<p>\u00abTal y como acord\u00f3 Israel, deben permitir la llegada masiva de ayuda humanitaria -miles de camiones a la semana- de la que dependen tantas vidas y que el mundo ha exigido\u00bb, agreg\u00f3 Fletcher.\u00a0<\/p>\n<p>La guerra en Gaza, desencadenada por el ataque de Ham\u00e1s a suelo israel\u00ed el 7 de octubre de 2023, provoc\u00f3 una cat\u00e1strofe humanitaria en el territorio palestino, que fue asediado por Israel.<\/p>\n<p>A finales de agosto, Naciones Unidas declar\u00f3 algunas zonas de Gaza en hambruna, una consideraci\u00f3n que Israel rechaza.<\/p>\n<p>La reanudaci\u00f3n de la entrada de ayuda humanitaria figura en el plan de 20 puntos del presidente estadounidense Donald Trump para el estrecho territorio.\u00a0<\/p>\n<p>Otro punto es el desarme de Ham\u00e1s, una exigencia rechazada por el grupo islamista, que gobierna Gaza desde 2007.<\/p>\n<p>El movimiento refuerza actualmente su control sobre las ciudades en ruinas del territorio, con una campa\u00f1a de represi\u00f3n en la que ejecuta a presuntos colaboradores.<\/p>\n<p>En las \u00faltimas horas tambi\u00e9n se registraron enfrentamientos armados entre diversas unidades de seguridad de Ham\u00e1s y otros grupos palestinos armados, algunos de los cuales tendr\u00edan el respaldo de Israel.\u00a0<\/p>\n<p>La polic\u00eda armada del gobierno de Ham\u00e1s reanud\u00f3 las operaciones de patrullaje en las calles en el norte del territorio costero.<\/p>\n<p>\u00abSi no se desarman, los desarmaremos nosotros\u00bb, declar\u00f3 Trump a los periodistas en la Casa Blanca un d\u00eda despu\u00e9s de visitar Oriente Medio para celebrar el alto el fuego en Gaza. \u00abY ser\u00e1 algo r\u00e1pido y quiz\u00e1 violento\u00bb.<\/p>\n<p>bur\/dc\/ser\/sag\/dbh\/hgs\/rnr\/eg\/nn<\/p>\n","protected":false},"excerpt":{"rendered":"afp_tickers Este contenido fue publicado en 16 octubre 2025 &#8211; 00:12 El ministro de Defensa israel\u00ed, Israel Katz,&hellip;\n","protected":false},"author":2,"featured_media":179460,"comment_status":"","ping_status":"","sticky":false,"template":"","format":"standard","meta":{"footnotes":""},"categories":[42],"tags":[17,18,636,83,13,14,11,61,62,63,64,19,20,9,10,15,16,88,44965,90,12,21,22,3191,65,66,67],"class_list":{"0":"post-179459","1":"post","2":"type-post","3":"status-publish","4":"format-standard","5":"has-post-thumbnail","7":"category-internacional","8":"tag-breaking-news","9":"tag-breakingnews","10":"tag-conflict","11":"tag-diplomacy","12":"tag-featured-news","13":"tag-featurednews","14":"tag-headlines","15":"tag-internacional","16":"tag-international","17":"tag-international-news","18":"tag-internationalnews","19":"tag-latest-news","20":"tag-latestnews","21":"tag-news","22":"tag-noticias","23":"tag-noticias-destacadas","24":"tag-noticiasdestacadas","25":"tag-politics","26":"tag-prisoners-and-detainees","27":"tag-ticker","28":"tag-titulares","29":"tag-ultimas-noticias","30":"tag-ultimasnoticias","31":"tag-war","32":"tag-world","33":"tag-world-news","34":"tag-worldnews"},"share_on_mastodon":{"url":"","error":""},"_links":{"self":[{"href":"https:\/\/www.europesays.com\/es\/wp-json\/wp\/v2\/posts\/179459","targetHints":{"allow":["GET"]}}],"collection":[{"href":"https:\/\/www.europesays.com\/es\/wp-json\/wp\/v2\/posts"}],"about":[{"href":"https:\/\/www.europesays.com\/es\/wp-json\/wp\/v2\/types\/post"}],"author":[{"embeddable":true,"href":"https:\/\/www.europesays.com\/es\/wp-json\/wp\/v2\/users\/2"}],"replies":[{"embeddable":true,"href":"https:\/\/www.europesays.com\/es\/wp-json\/wp\/v2\/comments?post=179459"}],"version-history":[{"count":0,"href":"https:\/\/www.europesays.com\/es\/wp-json\/wp\/v2\/posts\/179459\/revisions"}],"wp:featuredmedia":[{"embeddable":true,"href":"https:\/\/www.europesays.com\/es\/wp-json\/wp\/v2\/media\/179460"}],"wp:attachment":[{"href":"https:\/\/www.europesays.com\/es\/wp-json\/wp\/v2\/media?parent=179459"}],"wp:term":[{"taxonomy":"category","embeddable":true,"href":"https:\/\/www.europesays.com\/es\/wp-json\/wp\/v2\/categories?post=179459"},{"taxonomy":"post_tag","embeddable":true,"href":"https:\/\/www.europesays.com\/es\/wp-json\/wp\/v2\/tags?post=179459"}],"curies":[{"name":"wp","href":"https:\/\/api.w.org\/{rel}","templated":true}]}}