{"id":179463,"date":"2025-10-15T23:14:10","date_gmt":"2025-10-15T23:14:10","guid":{"rendered":"https:\/\/www.europesays.com\/es\/179463\/"},"modified":"2025-10-15T23:14:10","modified_gmt":"2025-10-15T23:14:10","slug":"el-juez-deja-en-libertad-a-abalos-despues-de-que-la-fiscalia-no-pidiera-la-prision-preventiva","status":"publish","type":"post","link":"https:\/\/www.europesays.com\/es\/179463\/","title":{"rendered":"El juez deja en libertad a \u00c1balos despu\u00e9s de que la Fiscal\u00eda no pidiera la prisi\u00f3n preventiva"},"content":{"rendered":"<p style=\"\">El juez del Tribunal Supremo Leopoldo Puente ha acordado este mi\u00e9rcoles mantener las medidas cautelares exsitentes que pesan contra el exministro <a href=\"https:\/\/www.abc.es\/noticias\/jose-luis-abalos-meco\/\" title=\"www.abc.es\" data-voc-vtm-id=\"in-text-traffic\" data-mrf-link=\"www.abc.es\" rel=\"nofollow noopener\" target=\"_blank\">Jos\u00e9 Luis \u00c1balos<\/a> y <strong>no se ha decantado as\u00ed por enviarle a prisi\u00f3n provisional<\/strong> tal y como ped\u00edan las acusaciones populares. Adem\u00e1s,  &#8230; ha decidido no imponerle fianza.<\/p>\n<p class=\"voc-p\" style=\"\">Sigue as\u00ed el criterio del Ministerio P\u00fablico que en la vistilla para decidir sobre este extremo ha indicado que, si bien los indicios contra \u00e9l se han visto reforzados tras el informe patrimonial elaborado por la Unidad Central Operativa (UCO) de la Guardia Civil, <strong>no existe riesgo fuga habida cuenta que el investigado<\/strong> es diputado.<\/p>\n<p class=\"voc-p\" style=\"\">No obstante, resalta el juez en su auto, recogido por ABC, que \u00abno es ajeno al natural estupor que produce\u00ab que \u00c1balos, sobre el que \u00bbgravitan tan consistentes indicios de la eventual comisi\u00f3n de muy graves delitos estrechamente relacionados adem\u00e1s con el viciado ejercicio de la funci\u00f3n p\u00fablica\u00ab siga manteniendo durante la instrucci\u00f3n el esca\u00f1o de diputado. <\/p>\n<p class=\"voc-p\" style=\"\"> \u00abEjerce a la vez las altas funciones que corresponden a un miembro del Congreso de los Diputado (entre ellas, el control de la acci\u00f3n del Gobierno y la aprobaci\u00f3n de normas con rango de ley)\u00bb, puntualiza, para luego a\u00f1adir que este hecho \u00abes un buen motivo para la reflexi\u00f3n\u00bb. <\/p>\n<p class=\"voc-p\" style=\"\">El juez, en su resoluci\u00f3n analiza los requisitos por los que se pueden acordar la prisi\u00f3n de un investigado, y respecto al riesgo de reiteraci\u00f3n delictiva y el de alteraci\u00f3n de fuentes de prueba, descarta que concurran en este momento.<\/p>\n<p>\nRiesgo de fuga creciente\n<\/p>\n<p class=\"voc-p\" style=\"\">En cambio, sobre el riesgo de fuga coincide con el fiscal jefe Anticorrupci\u00f3n, Alejandro Luz\u00f3n, en que concurre un riesgo cierto, aunque no lo suficientemente intenso, de que el investigado pueda sustraerse a la acci\u00f3n de la justicia.<\/p>\n<p class=\"voc-p\" style=\"\">\u00abEs verdad que el se\u00f1or \u00c1balos Meco ha podido disponer de cantidades importantes de dinero opaco, tal vez en met\u00e1lico, tal vez depositados en cuentas de terceros que hasta el momento no han sido halladas, as\u00ed como de ciertos contactos y v\u00ednculos internacionales\u00ab, indica, pero matiza aque la existencia de dicho riesgo de fuga, sin embargo, \u00bbha sido conjurada hasta el momento con las medidas cautelares que tiene vigentes\u00bb.<\/p>\n<p class=\"voc-p\" style=\"\">Recalca que esa posibilidad de que \u00c1balos acabe fug\u00e1ndose ser\u00e1 creciente \u00abconforme el conjunto de indicios de la posible comisi\u00f3n de graves delitos, sancionados con penas privativas de libertad muy significativas se robustece; y conforme tambi\u00e9n se aproxima la fecha de celebraci\u00f3n del juicio oral, lo que, acaso, pudiera justificar, como sugiri\u00f3 el fiscal en su informe, la adopci\u00f3n de medidas cautelares m\u00e1s gravosas\u00ab en el futuro. <\/p>\n<p class=\"voc-p\" style=\"\">Cabe recordar que en el \u00faltimo informe de la Unidad Central Operativa (UCO) de la Guardia Civil se apuntaba que ten\u00eda una fuente de ingresos desconocida por medio de la cual abonaba gastos personales. \u00ab<strong>Los indicios apuntan a la presunta existencia de una fuente de ingresos no declarada <\/strong>-efectivo-\u00bb, recalcaba.<\/p>\n<p class=\"voc-p\" style=\"\">Fue el pasado 20 de febrero cuando el magistrado acord\u00f3 la retirada del pasaporte y le prohibi\u00f3 salir de Espa\u00f1a. Este mi\u00e9rcoles las acusaciones populares (a excepci\u00f3n de Adade) han pedido la prisi\u00f3n provisional incondicional o subsidiariamente la prisi\u00f3n eludible bajo fianza de 650.000 euros.<\/p>\n<p>\n\u00abEsto no es el Congreso\u00bb\n<\/p>\n<p class=\"voc-p\" style=\"\">Ante el juez, \u00c1balos ha se\u00f1alado que<strong> se encuentra en una situaci\u00f3n de indefensi\u00f3n<\/strong> y que por eso no declara. El exministro <a href=\"https:\/\/www.abc.es\/espana\/tension-juez-puente-abalos-congreso-20251015140822-nt.html\" title=\"www.abc.es\" data-voc-vtm-id=\"in-text-traffic\" data-mrf-link=\"www.abc.es\" rel=\"nofollow noopener\" target=\"_blank\">ha tenido un rifirrafe con el magistrado Leopoldo Puente<\/a> dado que el primero ha insistido en explicar por qu\u00e9 estaba en indefensi\u00f3n. El magistrado le ha acabado se\u00f1alando que <strong>\u00abesto no es el Congreso\u00bb<\/strong> y le ha conminado a que dijera solo si declarar\u00eda o no, seg\u00fan fuentes consultadas por ABC presentes en la comparecencia.<\/p>\n<p class=\"voc-p\" style=\"\">La comparecencia del exministros socialista ha durado unos 40 minutos. <strong>\u00c1balos lleg\u00f3 al alto tribunal con bastante antelaci\u00f3n a su citaci\u00f3n<\/strong> -a las diez de la ma\u00f1ana-, solo y en taxi.<\/p>\n","protected":false},"excerpt":{"rendered":"El juez del Tribunal Supremo Leopoldo Puente ha acordado este mi\u00e9rcoles mantener las medidas cautelares exsitentes que pesan&hellip;\n","protected":false},"author":2,"featured_media":179464,"comment_status":"","ping_status":"","sticky":false,"template":"","format":"standard","meta":{"footnotes":""},"categories":[5],"tags":[32397,771,1575,17,18,3637,11209,25,24,13,14,11,19,20,9,10,15,16,23,8312,12,21,22],"class_list":{"0":"post-179463","1":"post","2":"type-post","3":"status-publish","4":"format-standard","5":"has-post-thumbnail","7":"category-titulares","8":"tag-abalos","9":"tag-acoge","10":"tag-ante","11":"tag-breaking-news","12":"tag-breakingnews","13":"tag-declarar","14":"tag-derecho","15":"tag-es","16":"tag-espana","17":"tag-featured-news","18":"tag-featurednews","19":"tag-headlines","20":"tag-latest-news","21":"tag-latestnews","22":"tag-news","23":"tag-noticias","24":"tag-noticias-destacadas","25":"tag-noticiasdestacadas","26":"tag-spain","27":"tag-supremo","28":"tag-titulares","29":"tag-ultimas-noticias","30":"tag-ultimasnoticias"},"share_on_mastodon":{"url":"","error":""},"_links":{"self":[{"href":"https:\/\/www.europesays.com\/es\/wp-json\/wp\/v2\/posts\/179463","targetHints":{"allow":["GET"]}}],"collection":[{"href":"https:\/\/www.europesays.com\/es\/wp-json\/wp\/v2\/posts"}],"about":[{"href":"https:\/\/www.europesays.com\/es\/wp-json\/wp\/v2\/types\/post"}],"author":[{"embeddable":true,"href":"https:\/\/www.europesays.com\/es\/wp-json\/wp\/v2\/users\/2"}],"replies":[{"embeddable":true,"href":"https:\/\/www.europesays.com\/es\/wp-json\/wp\/v2\/comments?post=179463"}],"version-history":[{"count":0,"href":"https:\/\/www.europesays.com\/es\/wp-json\/wp\/v2\/posts\/179463\/revisions"}],"wp:featuredmedia":[{"embeddable":true,"href":"https:\/\/www.europesays.com\/es\/wp-json\/wp\/v2\/media\/179464"}],"wp:attachment":[{"href":"https:\/\/www.europesays.com\/es\/wp-json\/wp\/v2\/media?parent=179463"}],"wp:term":[{"taxonomy":"category","embeddable":true,"href":"https:\/\/www.europesays.com\/es\/wp-json\/wp\/v2\/categories?post=179463"},{"taxonomy":"post_tag","embeddable":true,"href":"https:\/\/www.europesays.com\/es\/wp-json\/wp\/v2\/tags?post=179463"}],"curies":[{"name":"wp","href":"https:\/\/api.w.org\/{rel}","templated":true}]}}