{"id":179465,"date":"2025-10-15T23:21:11","date_gmt":"2025-10-15T23:21:11","guid":{"rendered":"https:\/\/www.europesays.com\/es\/179465\/"},"modified":"2025-10-15T23:21:11","modified_gmt":"2025-10-15T23:21:11","slug":"el-hermano-de-schumacher-ubico-a-colapinto-entre-los-tres-peores-pilotos-de-f1-que-dijo","status":"publish","type":"post","link":"https:\/\/www.europesays.com\/es\/179465\/","title":{"rendered":"El hermano de Schumacher ubic\u00f3 a Colapinto entre los tres peores pilotos de F1: \u00bfqu\u00e9 dijo?"},"content":{"rendered":"<p><strong>Ralf Schumacher<\/strong>, expiloto de F\u00f3rmula 1 y hermano del m\u00faltiple campe\u00f3n del mundo Michael Schumacher, se\u00f1al\u00f3 a quienes seg\u00fan su criterio <strong>son los tres peores pilotos<\/strong> de la categor\u00eda, y tambi\u00e9n indic\u00f3 que est\u00e1n <strong>por debajo del nivel de su sobrino, Mick Schumacher<\/strong>, quien tuvo un frustrante paso por la meca del automovilismo.<\/p>\n<p>En un reciente episodio del podcast Backstage Pit Lane de Sky Sports, Ralf Schumacher se refiri\u00f3 con dureza a varios pilotos actuales de F\u00f3rmula 1, al compararlos con Mick Schumacher, y manifest\u00f3 su sorpresa por<strong> la falta de segundas oportunidades que se le han dado a su sobrino.<\/strong><\/p>\n<p>\u201cCreo que Mick ser\u00eda <strong>definitivamente mejor que Yuki Tsunoda<\/strong>\u201d, dijo en primera instancia, y luego afirm\u00f3 que tambi\u00e9n es<strong> \u201cmejor\u201d que Liam Lawson<\/strong>, seg\u00fan lo consignado por el portal especializado MotorSport, as\u00ed como por varios medios argentinos.<\/p>\n<p>Asimismo, se\u00f1al\u00f3 que<strong> Colapinto no ha logrado demostrar<\/strong> todo lo que se esperaba de \u00e9l. Y zanj\u00f3: <strong>\u201cEn mi opini\u00f3n, los tres son peores que Mick, incluso bastante peores\u201d.<\/strong><\/p>\n","protected":false},"excerpt":{"rendered":"Ralf Schumacher, expiloto de F\u00f3rmula 1 y hermano del m\u00faltiple campe\u00f3n del mundo Michael Schumacher, se\u00f1al\u00f3 a quienes&hellip;\n","protected":false},"author":2,"featured_media":179466,"comment_status":"","ping_status":"","sticky":false,"template":"","format":"standard","meta":{"footnotes":""},"categories":[270],"tags":[168,25,24,306,271,272,23,167],"class_list":{"0":"post-179465","1":"post","2":"type-post","3":"status-publish","4":"format-standard","5":"has-post-thumbnail","7":"category-formula-1","8":"tag-deportes","9":"tag-es","10":"tag-espana","11":"tag-f1","12":"tag-formula-1","13":"tag-formula1","14":"tag-spain","15":"tag-sports"},"share_on_mastodon":{"url":"","error":""},"_links":{"self":[{"href":"https:\/\/www.europesays.com\/es\/wp-json\/wp\/v2\/posts\/179465","targetHints":{"allow":["GET"]}}],"collection":[{"href":"https:\/\/www.europesays.com\/es\/wp-json\/wp\/v2\/posts"}],"about":[{"href":"https:\/\/www.europesays.com\/es\/wp-json\/wp\/v2\/types\/post"}],"author":[{"embeddable":true,"href":"https:\/\/www.europesays.com\/es\/wp-json\/wp\/v2\/users\/2"}],"replies":[{"embeddable":true,"href":"https:\/\/www.europesays.com\/es\/wp-json\/wp\/v2\/comments?post=179465"}],"version-history":[{"count":0,"href":"https:\/\/www.europesays.com\/es\/wp-json\/wp\/v2\/posts\/179465\/revisions"}],"wp:featuredmedia":[{"embeddable":true,"href":"https:\/\/www.europesays.com\/es\/wp-json\/wp\/v2\/media\/179466"}],"wp:attachment":[{"href":"https:\/\/www.europesays.com\/es\/wp-json\/wp\/v2\/media?parent=179465"}],"wp:term":[{"taxonomy":"category","embeddable":true,"href":"https:\/\/www.europesays.com\/es\/wp-json\/wp\/v2\/categories?post=179465"},{"taxonomy":"post_tag","embeddable":true,"href":"https:\/\/www.europesays.com\/es\/wp-json\/wp\/v2\/tags?post=179465"}],"curies":[{"name":"wp","href":"https:\/\/api.w.org\/{rel}","templated":true}]}}