{"id":179469,"date":"2025-10-15T23:23:13","date_gmt":"2025-10-15T23:23:13","guid":{"rendered":"https:\/\/www.europesays.com\/es\/179469\/"},"modified":"2025-10-15T23:23:13","modified_gmt":"2025-10-15T23:23:13","slug":"osasuna-confia-en-renovar-a-su-canterano-ally-kall-pretendido-por-el-athletic","status":"publish","type":"post","link":"https:\/\/www.europesays.com\/es\/179469\/","title":{"rendered":"Osasuna conf\u00eda en renovar a su canterano Ally Kall, pretendido por el Athletic"},"content":{"rendered":"<p><a class=\"v-mdl-ath__fig-a\" href=\"https:\/\/www.elcorreo.com\/autor\/javier-ortiz-de-lazcano-634.html\" title=\"Javier Ortiz de Lazcano\" rel=\"nofollow noopener\" target=\"_blank\"><br \/>\n<img decoding=\"async\" class=\"v-mdl-ath__img\" src=\"https:\/\/www.europesays.com\/es\/wp-content\/uploads\/2025\/08\/autor-634-foto-2.jpeg\" alt=\"Javier Ortiz de Lazcano\"\/><br \/>\n<\/a><\/p>\n<p class=\"v-mdl-ath__p v-mdl-ath__p--6\">\nMi\u00e9rcoles, 15 de octubre 2025, 19:28<\/p>\n<p>| Actualizado 20:54h.<\/p>\n<p class=\"v-p\">Osasuna conf\u00eda en que renovar\u00e1 a Aly Kall, uno de los jugadores con m\u00e1s proyecci\u00f3n de la cantera de Osasuna y en la agenda del  &#8230; Athletic. El extremo (Villaba, 17 a\u00f1os) anot\u00f3 seis goles en categor\u00eda juvenil y esta campa\u00f1a fue ascendido al filial de Tercera, el Subiza. Su gran proyecci\u00f3n provoc\u00f3 que se le subiera de inmediato a Osasuna Promesas de Primera RFEF, aunque s\u00f3lo ha disputado siete minutos porque est\u00e1 lesionado. Concluye contrato en 2026.<\/p>\n<p class=\"v-p\">El club rojillo y el entorno del jugador mantienen conversaciones para ampliar su vinculaci\u00f3n y asegurar su continuidad en Pamplona. Desde la direcci\u00f3n deportiva navarra se considera a Kall una apuesta de futuro y se espera alcanzar un acuerdo.<\/p>\n<p class=\"v-p\">Osasuna tiene prisa ante el evidente inter\u00e9s rojiblanco. En las \u00faltimas semanas el jugador ha roto con sus anteriores agentes, F\u00e9lix Tainta y Juan Oyaga, que tienen en su empresa a varios jugadores del Athletic y que han tra\u00eddo en los \u00faltimos tiempos a Lezama a futbolistas como Robert Navarro, Gorosabel y Oyono. Esta ruptura es interpretada en la entidad navarra como un paso en la buena direcci\u00f3n del jugador para continuar all\u00ed.<\/p>\n<p class=\"v-crt__t\"> L\u00edmite de sesiones alcanzadas<\/p>\n<p class=\"v-crt__p\">El acceso al contenido Premium est\u00e1 abierto por cortes\u00eda del establecimiento donde te encuentras, pero ahora mismo hay demasiados usuarios conectados a las vez.<\/p>\n<p class=\"v-crt__p\">Por favor, int\u00e9ntalo pasados unos minutos.<\/p>\n<p>\nVolver a intentar\n<\/p>\n<p class=\"v-crt__t\">Sesi\u00f3n cerrada<\/p>\n<p class=\"v-crt__p\">Al iniciar sesi\u00f3n desde un dispositivo distinto, por seguridad, se cerr\u00f3 la \u00faltima sesi\u00f3n en este.<\/p>\n<p class=\"v-crt__p\">Para continuar disfrutando de su suscripci\u00f3n digital, inicie sesi\u00f3n en este dispositivo.<\/p>\n<p>\nEste contenido es exclusivo para suscriptores\n<\/p>\n<p>Reporta un error<\/p>\n","protected":false},"excerpt":{"rendered":"Mi\u00e9rcoles, 15 de octubre 2025, 19:28 | Actualizado 20:54h. Osasuna conf\u00eda en que renovar\u00e1 a Aly Kall, uno&hellip;\n","protected":false},"author":2,"featured_media":179470,"comment_status":"","ping_status":"","sticky":false,"template":"","format":"standard","meta":{"footnotes":""},"categories":[268],"tags":[10091,2182,13883,3279,168,25,24,280,282,51094,621,51095,2138,281,23,167],"class_list":{"0":"post-179469","1":"post","2":"type-post","3":"status-publish","4":"format-standard","5":"has-post-thumbnail","7":"category-futbol","8":"tag-ally","9":"tag-athletic","10":"tag-canterano","11":"tag-confia","12":"tag-deportes","13":"tag-es","14":"tag-espana","15":"tag-football","16":"tag-futbol","17":"tag-kall","18":"tag-osasuna","19":"tag-pretendido","20":"tag-renovar","21":"tag-soccer","22":"tag-spain","23":"tag-sports"},"share_on_mastodon":{"url":"","error":""},"_links":{"self":[{"href":"https:\/\/www.europesays.com\/es\/wp-json\/wp\/v2\/posts\/179469","targetHints":{"allow":["GET"]}}],"collection":[{"href":"https:\/\/www.europesays.com\/es\/wp-json\/wp\/v2\/posts"}],"about":[{"href":"https:\/\/www.europesays.com\/es\/wp-json\/wp\/v2\/types\/post"}],"author":[{"embeddable":true,"href":"https:\/\/www.europesays.com\/es\/wp-json\/wp\/v2\/users\/2"}],"replies":[{"embeddable":true,"href":"https:\/\/www.europesays.com\/es\/wp-json\/wp\/v2\/comments?post=179469"}],"version-history":[{"count":0,"href":"https:\/\/www.europesays.com\/es\/wp-json\/wp\/v2\/posts\/179469\/revisions"}],"wp:featuredmedia":[{"embeddable":true,"href":"https:\/\/www.europesays.com\/es\/wp-json\/wp\/v2\/media\/179470"}],"wp:attachment":[{"href":"https:\/\/www.europesays.com\/es\/wp-json\/wp\/v2\/media?parent=179469"}],"wp:term":[{"taxonomy":"category","embeddable":true,"href":"https:\/\/www.europesays.com\/es\/wp-json\/wp\/v2\/categories?post=179469"},{"taxonomy":"post_tag","embeddable":true,"href":"https:\/\/www.europesays.com\/es\/wp-json\/wp\/v2\/tags?post=179469"}],"curies":[{"name":"wp","href":"https:\/\/api.w.org\/{rel}","templated":true}]}}