{"id":179473,"date":"2025-10-15T23:25:11","date_gmt":"2025-10-15T23:25:11","guid":{"rendered":"https:\/\/www.europesays.com\/es\/179473\/"},"modified":"2025-10-15T23:25:11","modified_gmt":"2025-10-15T23:25:11","slug":"el-escultor-julio-carazo-y-la-pintora-paula-trueba-artistas-de-la-autogestion-en-miranda","status":"publish","type":"post","link":"https:\/\/www.europesays.com\/es\/179473\/","title":{"rendered":"El escultor Julio Carazo y la pintora Paula Trueba, artistas de la autogesti\u00f3n en Miranda"},"content":{"rendered":"<p>Julio Carazo mueve con mimo sus esculturas para dar con el lugar exacto en el que la iluminaci\u00f3n aporte esplendor a toda la pieza. Lo hace con obras propias, pero lo verdaderamente peculiar de esta muestra es que no ocupa una sala de exposiciones al uso, sino que se pueden admirar en un local que \u00e9l mismo compr\u00f3 para mostrar todas sus creaciones. Y no son pocas, porque acumula m\u00e1s de tres d\u00e9cadas trabajando la piedra. Como \u00e9l, aunque con alguna peculiaridad, la pintora tambi\u00e9n mirandesa Paula Trueba decidi\u00f3 colgar de las paredes vac\u00edas de su lonja cuadros, abanicos y otros objetos creados por ella con los que la llena de color.<\/p>\n<p>\u00abLa puse en marcha el a\u00f1o pasado y me decid\u00ed porque en estos momentos es casi imposible hacer exposiciones en salas privadas\u00bb, puntualiza Carazo, quien remarca que como cada vez hay menos espacios, los que aguantan \u00abpueden aumentar los precios y ahora se han subido much\u00edsimo con 300 \u00f3 400 euros de antemano\u00bb. Con esas cifras, lamenta que sin ventas en las que apoyarse \u00abes algo a lo que no se llega\u00bb. Por este motivo dio el paso, porque adem\u00e1s recuerda que en Miranda desde hace a\u00f1os los lugares en los que poder exponer trabajos escasean y eso hace que haya una fuerte demanda y por lo tanto lista de espera, aunque remarca que \u00abel problema no solo se tiene aqu\u00ed\u00bb.<\/p>\n<p>De hecho, recuerda que ha expuesto en una gran cantidad de lugares, pero solo tiene pendiente montar una muestra conjunta en M\u00e1laga y al a\u00f1o que viene sin salir de esa provincia ir a Ronda. En el caso de Lucia Trueba no hace tanto tiempo que comenz\u00f3 a mostrar su obra. La primera vez que lo hizo fue hace unos meses en Alcoba, la colchoner\u00eda que ofrec\u00eda una posibilidad cultural y que ahora est\u00e1 cerrada. \u00abYo ten\u00eda un local de mis padres que se qued\u00f3 vac\u00edo por un tiempo y me decid\u00ed a colgar mis cuadros a la espera de que la persona que lo regentaba volviera\u00bb, detalla Trueba, quien reconoce que \u00abahora est\u00e1 a punto de volver\u00bb.<\/p>\n<p><img decoding=\"async\" loading=\"lazy\" src=\"https:\/\/www.europesays.com\/es\/wp-content\/uploads\/2025\/10\/FBD9D1F2-07EB-4B3A-87A606DE73BC012B.JPG\" alt=\"Las creaciones de la pintora Paula Trueba iluminan su propia lonja.\" border=\"0\"\/>Las creaciones de la pintora Paula Trueba iluminan su propia lonja. &#8211; Foto: DB<\/p>\n<p>Sin embargo, parece que eso no supondr\u00e1 el cierre de la exposici\u00f3n, \u00abporque la persona que montar\u00e1 un nuevo negocio me ha propuesto que deje mis cuadros, as\u00ed que estamos viendo c\u00f3mo podemos hacerlo\u00bb. De esta manera, admite que dar\u00e1 continuidad a una iniciativa en la que se embarc\u00f3 \u00abpara que no estuviera la lonja vac\u00eda\u00bb. Sin embargo, la gente ha respondido y \u00abcuando la abro los fines de semana que vengo, porque yo vivo en Logro\u00f1o, las personas que entran se interesan\u00bb, ensalza Trueba, quien a\u00f1ade que otras sin cruzar la puerta del negocio, la han conocido por las redes sociales \u00aby hay quien me ha comprado alg\u00fan abanico y tambi\u00e9n he tenido encargos\u00bb, agradece.<\/p>\n<p>Como en el caso de la pintora, el escultor afirma \u00abque no entra todo el mundo, igual porque todav\u00eda no se conoce mucho, pero la gente que quiere viene\u00bb. Al ser autogestionado, \u00e9l mismo acude por las ma\u00f1anas \u00aby dejo un n\u00famero de tel\u00e9fono y si me llaman estoy en el taller y vengo porque no me cuesta nada venir\u00bb, apunta.<\/p>\n<p>Carazo indica que el local que tiene en la calle Arenal \u00aben principio va a ser para m\u00ed, m\u00e1s tarde ya se ver\u00e1 si puedo traer a gente para exponer\u00bb. En el caso de Trueba, est\u00e1 en Comuneros de Castilla y se plantea ir rotando sus cuadros, aunque en el futuro tampoco descarta abrir su local a otros artistas, \u00abpero por ahora me centrar\u00e9 en c\u00f3mo prepararlo para cuando el local tenga actividad\u00bb.<\/p>\n","protected":false},"excerpt":{"rendered":"Julio Carazo mueve con mimo sus esculturas para dar con el lugar exacto en el que la iluminaci\u00f3n&hellip;\n","protected":false},"author":2,"featured_media":179474,"comment_status":"","ping_status":"","sticky":false,"template":"","format":"standard","meta":{"footnotes":""},"categories":[173],"tags":[229,233,231,230,232,234,146,147,25,24,241,51096,6173,3855,17650,8038,23],"class_list":{"0":"post-179473","1":"post","2":"type-post","3":"status-publish","4":"format-standard","5":"has-post-thumbnail","7":"category-arte-y-diseno","8":"tag-arte","9":"tag-arte-y-diseno","10":"tag-arts","11":"tag-arts-and-design","12":"tag-design","13":"tag-diseno","14":"tag-entertainment","15":"tag-entretenimiento","16":"tag-es","17":"tag-espana","18":"tag-exposiciones","19":"tag-listas-de-espera","20":"tag-logrono","21":"tag-malaga","22":"tag-miranda-de-ebro","23":"tag-precios","24":"tag-spain"},"share_on_mastodon":{"url":"","error":""},"_links":{"self":[{"href":"https:\/\/www.europesays.com\/es\/wp-json\/wp\/v2\/posts\/179473","targetHints":{"allow":["GET"]}}],"collection":[{"href":"https:\/\/www.europesays.com\/es\/wp-json\/wp\/v2\/posts"}],"about":[{"href":"https:\/\/www.europesays.com\/es\/wp-json\/wp\/v2\/types\/post"}],"author":[{"embeddable":true,"href":"https:\/\/www.europesays.com\/es\/wp-json\/wp\/v2\/users\/2"}],"replies":[{"embeddable":true,"href":"https:\/\/www.europesays.com\/es\/wp-json\/wp\/v2\/comments?post=179473"}],"version-history":[{"count":0,"href":"https:\/\/www.europesays.com\/es\/wp-json\/wp\/v2\/posts\/179473\/revisions"}],"wp:featuredmedia":[{"embeddable":true,"href":"https:\/\/www.europesays.com\/es\/wp-json\/wp\/v2\/media\/179474"}],"wp:attachment":[{"href":"https:\/\/www.europesays.com\/es\/wp-json\/wp\/v2\/media?parent=179473"}],"wp:term":[{"taxonomy":"category","embeddable":true,"href":"https:\/\/www.europesays.com\/es\/wp-json\/wp\/v2\/categories?post=179473"},{"taxonomy":"post_tag","embeddable":true,"href":"https:\/\/www.europesays.com\/es\/wp-json\/wp\/v2\/tags?post=179473"}],"curies":[{"name":"wp","href":"https:\/\/api.w.org\/{rel}","templated":true}]}}