{"id":179491,"date":"2025-10-15T23:36:24","date_gmt":"2025-10-15T23:36:24","guid":{"rendered":"https:\/\/www.europesays.com\/es\/179491\/"},"modified":"2025-10-15T23:36:24","modified_gmt":"2025-10-15T23:36:24","slug":"juanma-moreno-anuncia-que-antonio-sanz-sera-el-nuevo-consejero-de-sanidad-presidencia-y-emergencias-de-la-junta-de-andalucia","status":"publish","type":"post","link":"https:\/\/www.europesays.com\/es\/179491\/","title":{"rendered":"Juanma Moreno anuncia que Antonio Sanz ser\u00e1 el nuevo consejero de Sanidad, Presidencia y Emergencias de la Junta de Andaluc\u00eda"},"content":{"rendered":"<p style=\"\">No ha habido sorpresas a pesar del hermetismo que suele rodear a las decisiones importantes del presidente de la Junta de Andaluc\u00eda, <strong>Juanma Moreno<\/strong> (PP). El mandatario andaluz conf\u00eda en su consejero <strong>Antonio Sanz Cabello<\/strong> (Jerez de la Frontera, C\u00e1diz, 57 a\u00f1os) la  &#8230; resoluci\u00f3n de la grave crisis abierta por los cribados fallidos del c\u00e1ncer de mama en el Servicio Andaluz de Salud (SAS). El presidente ha optado por un equipo con perfil pol\u00edtico para remontar el momento m\u00e1s complicado que <strong>vive desde que lleg\u00f3 al Palacio de San Telmo<\/strong> hace casi ocho a\u00f1os al situar a Sanz al frente de Sanidad, que se ha revelado como el tal\u00f3n de Aquiles de la gesti\u00f3n de la Junta, a la vez que reparte juego aumentando las competencias de <strong>Carolina Espa\u00f1a y Jorge Paradela<\/strong>.<\/p>\n<p class=\"voc-p\" style=\"\">En un mensaje en su cuenta oficial en X publicado este mi\u00e9rcoles, ha anunciado que <strong>Antonio Sanz Cabello ser\u00e1 el nuevo consejero de Sanidad, Presidencia y Emergencias de Andaluc\u00eda,<\/strong> para los ocho meses, como mucho, que restan para que concluya la legislatura con la convocatoria de elecciones auton\u00f3micas en la pr\u00f3xima primavera. El Gobierno andaluz se queda con un consejer\u00eda menos de las que ten\u00eda y estar\u00e1 compuesta por 13 carteras. <\/p>\n<blockquote class=\"twitter-tweet\" data-width=\"550\">\n<p lang=\"es\" dir=\"ltr\">La salud es una prioridad absoluta para mi Gobierno.<\/p>\n<p>Antonio Sanz ser\u00e1 desde hoy consejero de Sanidad, Presidencia y Emergencias de Andaluc\u00eda.<\/p>\n<p>Su experiencia de gesti\u00f3n, capacidad de trabajo y di\u00e1logo ser\u00e1n fundamentales para lo que resta de legislatura.  <a href=\"https:\/\/twitter.com\/hashtag\/Andaluc%C3%ADaAvanza?src=hash&amp;ref_src=twsrc%5Etfw\" rel=\"nofollow noopener\" target=\"_blank\">#Andaluc\u00edaAvanza<\/a><\/p>\n<p>\u2014 Juanma Moreno (@JuanMa_Moreno) <a href=\"https:\/\/twitter.com\/JuanMa_Moreno\/status\/1978389267677090185?ref_src=twsrc%5Etfw\" rel=\"nofollow noopener\" target=\"_blank\">October 15, 2025<\/a><\/p><\/blockquote>\n<p class=\"voc-p\" style=\"\">El actual consejero de la Presidencia, Interior, Di\u00e1logo Social y Simplificaci\u00f3n Administrativa, el gaditano Antonio Sanz Cabello, <a href=\"https:\/\/www.abc.es\/espana\/andalucia\/antonio-sanz-cargo-forma-provisional-consejeria-salud-20251008230140-nts.html\" target=\"_self\" data-voc-vtm-id=\"in-text-traffic\" title=\"hab\u00eda asumido de manera interina hace una semana las competencias de Salud\" data-mrf-link=\"www.abc.es\" rel=\"nofollow noopener\">hab\u00eda asumido de manera interina hace una semana las competencias de Salud<\/a> y Consumo tras la dimisi\u00f3n  de la anterior responsable, <strong>Roc\u00edo Hern\u00e1ndez Soto<\/strong>, que asumi\u00f3 el cargo a finales de julio de 2024 con el cartel de \u00abt\u00e9cnica\u00bb experta en gesti\u00f3n sanitaria y sin experiencia pol\u00edtica previa. Esta<strong> pediatra curtida como directiva del Servicio Andaluz de Salud (SAS)<\/strong> present\u00f3 su renuncia sobrepasada por la crisis generada a cuenta de los retrasos injustificados en la informaci\u00f3n y la citaci\u00f3n de mujeres que se sometieron al cribado de c\u00e1ncer de mama y cuyo diagn\u00f3stico arrojaba resultados sospechosos. <\/p>\n<p class=\"voc-p\" style=\"\">A falta de que se comuniquen los detalles tras el Consejo de Gobierno que se re\u00fane este mi\u00e9rcoles, el baile de carteras afectar\u00e1 al menos a dos consejeros m\u00e1s. La portavoz del Gobierno y responsable de Econom\u00eda, Hacienda y Fondos Europeos,<strong> Carolina Espa\u00f1a, asumir\u00e1 las competencias en Di\u00e1logo Social y Simplificaci\u00f3n Administrativa<\/strong>. Por su parte, el consejero de Industria, Energ\u00eda y Minas<strong>, Jorge Paradela, asume las de digitalizaci\u00f3n<\/strong>, incorporando a su \u00e1rea la Agencia Digital de Andaluc\u00eda (ADA).<\/p>\n<p>\nSegunda crisis de gobierno en esta legislatura\n<\/p>\n<p class=\"voc-p\" style=\"\">\u00c9sta es la segunda remodelaci\u00f3n de su gobierno que hace el tambi\u00e9n presidente del PP andaluz en esta legislatura. En julio de 2024 incorpor\u00f3 a dos nuevas consejeras<strong>, Carmen Castillo Mena y Roc\u00edo Hern\u00e1ndez<\/strong>, que estrenaron las carteras de Desarrollo Educativo y Salud, respectivamente. Hern\u00e1ndez solo ha estado 14 meses en el cargo.<\/p>\n<p class=\"voc-p\" style=\"\">Para resolver la crisis del cribado de c\u00e1ncer de mama, el Gobierno ha llamado a unas <strong>2.000 mujeres afectadas por los retrasos con el compromiso de darles un diagn\u00f3stico certero antes del 30 de noviembre<\/strong>, dentro de un plan de choque m\u00e1s amplio que obligar\u00e1 a revisar los fallidos sistemas de comunicaci\u00f3n e informaci\u00f3n y a incorporar a m\u00e1s profesionales.<\/p>\n<p>\nUn eficaz hombre del aparato del partido\n<\/p>\n<p class=\"voc-p\" style=\"\">Antonio Sanz cuenta con una dilatada experiencia pol\u00edtica como eficaz hombre del aparato del PP andaluz. Durante a\u00f1os fue la mano derecha de Javier Arenas durante su etapa de presidente del partido. En el primer gobierno de coalici\u00f3n entre el PP y Ciudadanos, entre 2019 y 2022, ocup\u00f3 la viceconsejer\u00eda de la Presidencia.<strong> Era el &#8216;n\u00famero dos&#8217; de El\u00edas Bendodo<\/strong>. Con la marcha del pol\u00edtico malague\u00f1o a Madrid, cuando Alberto N\u00fa\u00f1ez Feij\u00f3o lo fich\u00f3 para organizar el PP nacional, despu\u00e9s de obtener una mayor\u00eda absoluta en las elecciones de junio de 2022, <strong>Moreno puso a Sanz al frente de una macro consejer\u00eda de Presidencia, Interior,<\/strong> Di\u00e1logo Social y Simplificaci\u00f3n Administrativa, entre cuyas tareas est\u00e1 la coordinaci\u00f3n de todas las consejer\u00edas de la Junta.<\/p>\n<p class=\"voc-p\" style=\"\">Entre 2015 y hasta la moci\u00f3n de censura en junio de 2018, Antonio Sanz se convirti\u00f3 en el delegado del Gobierno de Mariano Rajoy en Andaluc\u00eda en sustituci\u00f3n de Carmen Crespo.<\/p>\n<p class=\"voc-p\" style=\"\">Fue secretario general <strong>del PP-A desde el Congreso Regional celebrado en Granada en 1999 hasta abril de 2004,<\/strong> cuando fue designado coordinador general del partido. En octubre de ese a\u00f1o fue designado vicepresidente del PP-A. Asimismo fue portavoz del Grupo Popular en el Parlamento andaluz en las legislaturas V, VI y VII, desde 20 febrero de 1999 hasta julio de 2006.<\/p>\n<p><script async src=\"https:\/\/platform.twitter.com\/widgets.js\" charset=\"utf-8\"><\/script><\/p>\n","protected":false},"excerpt":{"rendered":"No ha habido sorpresas a pesar del hermetismo que suele rodear a las decisiones importantes del presidente de&hellip;\n","protected":false},"author":2,"featured_media":179492,"comment_status":"","ping_status":"","sticky":false,"template":"","format":"standard","meta":{"footnotes":""},"categories":[8],"tags":[259,1247,4187,17,18,13293,4978,25,24,13,14,11,20482,2024,19,20,1712,9,10,15,16,524,15913,1811,7457,23,12,21,22],"class_list":{"0":"post-179491","1":"post","2":"type-post","3":"status-publish","4":"format-standard","5":"has-post-thumbnail","7":"category-espana","8":"tag-andalucia","9":"tag-antonio","10":"tag-anuncia","11":"tag-breaking-news","12":"tag-breakingnews","13":"tag-consejero","14":"tag-emergencias","15":"tag-es","16":"tag-espana","17":"tag-featured-news","18":"tag-featurednews","19":"tag-headlines","20":"tag-juanma","21":"tag-junta","22":"tag-latest-news","23":"tag-latestnews","24":"tag-moreno","25":"tag-news","26":"tag-noticias","27":"tag-noticias-destacadas","28":"tag-noticiasdestacadas","29":"tag-nuevo","30":"tag-presidencia","31":"tag-sanidad","32":"tag-sanz","33":"tag-spain","34":"tag-titulares","35":"tag-ultimas-noticias","36":"tag-ultimasnoticias"},"share_on_mastodon":{"url":"","error":""},"_links":{"self":[{"href":"https:\/\/www.europesays.com\/es\/wp-json\/wp\/v2\/posts\/179491","targetHints":{"allow":["GET"]}}],"collection":[{"href":"https:\/\/www.europesays.com\/es\/wp-json\/wp\/v2\/posts"}],"about":[{"href":"https:\/\/www.europesays.com\/es\/wp-json\/wp\/v2\/types\/post"}],"author":[{"embeddable":true,"href":"https:\/\/www.europesays.com\/es\/wp-json\/wp\/v2\/users\/2"}],"replies":[{"embeddable":true,"href":"https:\/\/www.europesays.com\/es\/wp-json\/wp\/v2\/comments?post=179491"}],"version-history":[{"count":0,"href":"https:\/\/www.europesays.com\/es\/wp-json\/wp\/v2\/posts\/179491\/revisions"}],"wp:featuredmedia":[{"embeddable":true,"href":"https:\/\/www.europesays.com\/es\/wp-json\/wp\/v2\/media\/179492"}],"wp:attachment":[{"href":"https:\/\/www.europesays.com\/es\/wp-json\/wp\/v2\/media?parent=179491"}],"wp:term":[{"taxonomy":"category","embeddable":true,"href":"https:\/\/www.europesays.com\/es\/wp-json\/wp\/v2\/categories?post=179491"},{"taxonomy":"post_tag","embeddable":true,"href":"https:\/\/www.europesays.com\/es\/wp-json\/wp\/v2\/tags?post=179491"}],"curies":[{"name":"wp","href":"https:\/\/api.w.org\/{rel}","templated":true}]}}