{"id":179494,"date":"2025-10-15T23:44:12","date_gmt":"2025-10-15T23:44:12","guid":{"rendered":"https:\/\/www.europesays.com\/es\/179494\/"},"modified":"2025-10-15T23:44:12","modified_gmt":"2025-10-15T23:44:12","slug":"continua-el-baile-de-decoraciones-especiales-aston-martin-cambia-para-austin-mclaren-tambien-para-mexico","status":"publish","type":"post","link":"https:\/\/www.europesays.com\/es\/179494\/","title":{"rendered":"Contin\u00faa el baile de decoraciones especiales: Aston Martin cambia para Austin, McLaren tambi\u00e9n para M\u00e9xico"},"content":{"rendered":"<p class=\"gt-block\">Para cualquier fan de <a href=\"https:\/\/es.autohebdo.fr\/noticias\/-resistencia%2C\/WEC\/24-horas-de-Le-Mans-b\" data-internallinksmanager029f6b8e52c=\"56\" title=\"24 horas de Le Mans\" rel=\"nofollow noopener\" target=\"_blank\">24 Horas de Le Mans<\/a>,\u00a0gu\u00eda de observaci\u00f3n\u00a0Es imprescindible. Este documento enumera todos los prototipos inscritos, desde el LMGT3 hasta la categor\u00eda Hypercar, con fotos de apoyo. Gracias a \u00e9l, es m\u00e1s f\u00e1cil identificar los diferentes modelos a medida que pasan por el circuito de Sarthe. La historia a\u00fan no dice si los organizadores del Gran Premio de Estados Unidos&#8230; <a href=\"https:\/\/es.autohebdo.fr\/noticias\/f1\" data-internallinksmanager029f6b8e52c=\"1\" title=\"F1\" rel=\"nofollow noopener\" target=\"_blank\">f\u00f3rmula 1<\/a> Han planeado un sistema similar, pero har\u00edan bien en pensarlo despu\u00e9s de los anuncios de <a href=\"https:\/\/es.autohebdo.fr\/noticias\/estable\/mclaren\" data-internallinksmanager029f6b8e52c=\"76\" title=\"Equipo McLaren Racing F1\" rel=\"nofollow noopener\" target=\"_blank\">McLaren<\/a> et <a href=\"https:\/\/es.autohebdo.fr\/noticias\/estable\/aston-martin\" data-internallinksmanager029f6b8e52c=\"77\" title=\"Equipo Aston Martin F1\" rel=\"nofollow noopener\" target=\"_blank\">Aston Martin<\/a>.<br \/>.<br \/>Los equipos brit\u00e1nicos siguieron los pasos de Racing Bulls, que ese mismo d\u00eda present\u00f3 una decoraci\u00f3n especial para la decimonovena ronda de la temporada. Al igual que el <a href=\"https:\/\/es.autohebdo.fr\/noticias\/estable\/escuder%C3%ADa-alphatauri-escuder%C3%ADa-toro-rojo\" data-internallinksmanager029f6b8e52c=\"75\" title=\"Equipo F1 Racing Bulls\" rel=\"nofollow noopener\" target=\"_blank\">Faenza<\/a>Aston Martin y McLaren cambiar\u00e1n sus colores habituales por una vestimenta elegida especialmente para la cita tejana. Por el lado de los Papayas, reci\u00e9n coronados Campeones Mundiales de Constructores por d\u00e9cima vez en su historia en Singapur, es Gemini, la inteligencia artificial de Google, socio del equipo a trav\u00e9s de su motor de b\u00fasqueda Chrome, quien acapara la atenci\u00f3n.<\/p>\n<p class=\"gt-block\">En homenaje a la tecnolog\u00eda creada por el gigante californiano, el equipo de Zak Brown se viste de blanco este fin de semana y con el logo arco\u00edris de G\u00e9minis. \u201cLa decoraci\u00f3n iridiscente est\u00e1 inspirada en la vitalidad de la paleta de colores de Gemini y resalta el papel de Gemini como un asistente personal proactivo y poderoso, capaz de dar rienda suelta a la creatividad e inspirar y guiar a sus usuarios todos los d\u00edas\u201d.explica el equipo de Woking en un comunicado de prensa.\u00a0 Esta decoraci\u00f3n y la experiencia dedicada a los fan\u00e1ticos forman parte de la campa\u00f1a &#8216;Never Stop Racing&#8217; de McLaren y buscan transmitir la sensaci\u00f3n de estar &#8216;en la zona&#8217;.<\/p>\n<p class=\"gt-block\"><strong>LEA TAMBI\u00c9N &gt;\u00a0<a href=\"https:\/\/es.autohebdo.fr\/noticias\/f1\/Una-decoraci%C3%B3n-especial--bastante-particular-para-los-toros-de-carreras-en-los-EE.-UU..html\" rel=\"nofollow noopener\" target=\"_blank\">Una decoraci\u00f3n especial bastante especial para Racing Bulls en los EE. UU.<\/a><\/strong><\/p>\n<p><strong>Cuatro equipos cambian de color en Austin<\/strong><\/p>\n<p class=\"gt-block\">Lo mismo ocurre en Aston Martin, que tambi\u00e9n est\u00e1 poniendo la innovaci\u00f3n en el punto de mira. Entre los Verdes, es m\u00e1s precisamente la ciencia, el eje central de la batalla tecnol\u00f3gica en la F\u00f3rmula 1, representada por una serie de f\u00f3rmulas matem\u00e1ticas inscritas en los AMR35 de&#8230; <a href=\"https:\/\/es.autohebdo.fr\/pilote\/f1\/paseo-de-la-lanza\" data-internallinksmanager029f6b8e52c=\"48\" title=\"Lance Stroll\" rel=\"nofollow noopener\" target=\"_blank\">Lance Stroll<\/a> et <a href=\"https:\/\/es.autohebdo.fr\/pilote\/f1\/fernando-alonso\" data-internallinksmanager029f6b8e52c=\"27\" title=\"Fernando Alonso\" rel=\"nofollow noopener\" target=\"_blank\">Fernando Alonso<\/a>. \u00bb\u00a0La decoraci\u00f3n tomar\u00e1 la ciencia normalmente invisible de un coche de F\u00f3rmula 1 y la har\u00e1 visible a trav\u00e9s de un dise\u00f1o que incluye una serie de f\u00f3rmulas cient\u00edficas relacionadas con la F1. detalla el equipo de Silverstone, que lanza esta decoraci\u00f3n en asociaci\u00f3n con su patrocinador principal, Aramco. \u201cEl concepto busca dar vida a las innovaciones que dieron origen a la colaboraci\u00f3n y destacar a las personas talentosas que trabajan para hacerla posible\u201d.<\/p>\n<p><a href=\"https:\/\/www.autohebdo.fr\/app\/uploads\/2025\/10\/G3VFbk1WoAA4-jk.jpg\" data-lbwps-width=\"1200\" data-lbwps-height=\"800\" data-lbwps-srcsmall=\"https:\/\/www.autohebdo.fr\/app\/uploads\/2025\/10\/G3VFbk1WoAA4-jk-300x200.jpg\" rel=\"nofollow noopener\" target=\"_blank\"><img fetchpriority=\"high\" decoding=\"async\" class=\"aligncenter size-large wp-image-638216\" src=\"https:\/\/www.europesays.com\/es\/wp-content\/uploads\/2025\/10\/G3VFbk1WoAA4-jk-1024x683.jpg\" alt=\"\" width=\"1024\" height=\"683\"  \/><\/a><\/p>\n<p class=\"gt-block\">La decoraci\u00f3n fue presentada por primera vez a los empleados de Aramco en su sede estadounidense en Houston por Fernando Alonso y el piloto <a href=\"https:\/\/es.autohebdo.fr\/noticias\/coche\/f%C3%B3rmula-2\" data-internallinksmanager029f6b8e52c=\"14\" title=\"f\u00f3rmula 2\" rel=\"nofollow noopener\" target=\"_blank\">f\u00f3rmula 2<\/a> Jak Crawford, aspirante al t\u00edtulo y con el apoyo de Aston Martin. Esta es tambi\u00e9n la primera decoraci\u00f3n especial creada por el equipo de Lawrence Stroll desde su incorporaci\u00f3n a la parrilla en 2021. Para McLaren, sin embargo, no es la primera vez que lo hace: el equipo brit\u00e1nico ya hab\u00eda presentado decoraciones especiales con Google Chrome en los Grandes Premios de Gran Breta\u00f1a de 2023 y 2025, as\u00ed como en el Gran Premio de Estados Unidos de 2024. Adem\u00e1s, la decoraci\u00f3n presentada se utilizar\u00e1 en Estados Unidos y M\u00e9xico durante la siguiente ronda del campeonato mundial. Los nuevos colores tambi\u00e9n se aplican a los monos de los pilotos, que son blancos para la ocasi\u00f3n.<\/p>\n<p class=\"gt-block\">En Austin, cuatro equipos cambiar\u00e1n de color, a la espera de nuevos anuncios. Adem\u00e1s de Racing Bulls, Aston Martin y McLaren, <a href=\"https:\/\/es.autohebdo.fr\/noticias\/estable\/haas\" data-internallinksmanager029f6b8e52c=\"82\" title=\"Equipo Haas F1\" rel=\"nofollow noopener\" target=\"_blank\">Haas<\/a> utilizar\u00e1 la decoraci\u00f3n especial presentada al inicio de la temporada para los tres Grandes Premios que se disputar\u00e1n en Estados Unidos, la patria del equipo dirigido por Ayao Komatsu.<\/p>\n<p class=\"gt-block\"><strong>LEA TAMBI\u00c9N &gt;\u00a0<a href=\"https:\/\/es.autohebdo.fr\/breve\/f1\/Haas-presenta-una-nueva-decoraci%C3%B3n-especial-para-el-Gran-Premio-de-Estados-Unidos.html\" rel=\"nofollow noopener\" target=\"_blank\">Haas presenta una nueva decoraci\u00f3n especial para el Gran Premio de Estados Unidos<\/a><\/strong><\/p>\n","protected":false},"excerpt":{"rendered":"Para cualquier fan de 24 Horas de Le Mans,\u00a0gu\u00eda de observaci\u00f3n\u00a0Es imprescindible. Este documento enumera todos los prototipos&hellip;\n","protected":false},"author":2,"featured_media":179495,"comment_status":"","ping_status":"","sticky":false,"template":"","format":"standard","meta":{"footnotes":""},"categories":[270],"tags":[168,25,24,306,271,272,23,167],"class_list":{"0":"post-179494","1":"post","2":"type-post","3":"status-publish","4":"format-standard","5":"has-post-thumbnail","7":"category-formula-1","8":"tag-deportes","9":"tag-es","10":"tag-espana","11":"tag-f1","12":"tag-formula-1","13":"tag-formula1","14":"tag-spain","15":"tag-sports"},"share_on_mastodon":{"url":"","error":""},"_links":{"self":[{"href":"https:\/\/www.europesays.com\/es\/wp-json\/wp\/v2\/posts\/179494","targetHints":{"allow":["GET"]}}],"collection":[{"href":"https:\/\/www.europesays.com\/es\/wp-json\/wp\/v2\/posts"}],"about":[{"href":"https:\/\/www.europesays.com\/es\/wp-json\/wp\/v2\/types\/post"}],"author":[{"embeddable":true,"href":"https:\/\/www.europesays.com\/es\/wp-json\/wp\/v2\/users\/2"}],"replies":[{"embeddable":true,"href":"https:\/\/www.europesays.com\/es\/wp-json\/wp\/v2\/comments?post=179494"}],"version-history":[{"count":0,"href":"https:\/\/www.europesays.com\/es\/wp-json\/wp\/v2\/posts\/179494\/revisions"}],"wp:featuredmedia":[{"embeddable":true,"href":"https:\/\/www.europesays.com\/es\/wp-json\/wp\/v2\/media\/179495"}],"wp:attachment":[{"href":"https:\/\/www.europesays.com\/es\/wp-json\/wp\/v2\/media?parent=179494"}],"wp:term":[{"taxonomy":"category","embeddable":true,"href":"https:\/\/www.europesays.com\/es\/wp-json\/wp\/v2\/categories?post=179494"},{"taxonomy":"post_tag","embeddable":true,"href":"https:\/\/www.europesays.com\/es\/wp-json\/wp\/v2\/tags?post=179494"}],"curies":[{"name":"wp","href":"https:\/\/api.w.org\/{rel}","templated":true}]}}