{"id":179496,"date":"2025-10-15T23:45:14","date_gmt":"2025-10-15T23:45:14","guid":{"rendered":"https:\/\/www.europesays.com\/es\/179496\/"},"modified":"2025-10-15T23:45:14","modified_gmt":"2025-10-15T23:45:14","slug":"el-gran-canaria-olvida-las-penas-en-europa-aunque-con-un-agonico-triunfo-ante-el-le-mans-73-68","status":"publish","type":"post","link":"https:\/\/www.europesays.com\/es\/179496\/","title":{"rendered":"El Gran Canaria olvida las penas en Europa, aunque con un ag\u00f3nico triunfo ante el Le Mans (73-68)"},"content":{"rendered":"<p><a class=\"v-mdl-ath__fig-a\" href=\"https:\/\/www.canarias7.es\/autor\/daniel-herrera-rodriguez-6598.html\" title=\"Daniel Herrera Rodr\u00edguez\" rel=\"nofollow noopener\" target=\"_blank\"><br \/>\n<img decoding=\"async\" class=\"v-mdl-ath__img\" src=\"https:\/\/www.europesays.com\/es\/wp-content\/uploads\/2025\/08\/autor-6598-foto-1.jpeg\" alt=\"Daniel Herrera Rodr\u00edguez\"\/><br \/>\n<\/a><\/p>\n<p class=\"v-mdl-ath__p v-mdl-ath__p--6\">\nMi\u00e9rcoles, 15 de octubre 2025, 22:46<\/p>\n<p>| Actualizado 23:36h.<\/p>\n<p class=\"v-p\">De nuevo, el Dreamland GranCanaria acudi\u00f3 a su ya habitual terapia continental, donde logr\u00f3 nuevamente el b\u00e1lsamo necesario para olvidar por unos instantes las dos derrotas cosechadas en la Liga Endesa frente al Real Madrid y el Unicaja, tomando ahora como analg\u00e9sico al Le Mans franc\u00e9s al que super\u00f3 por 73-68.<\/p>\n<p class=\"v-p\">El t\u00e9cnico amarillo, Jaka Lakovic, arranc\u00f3 la contienda con un quinteto que ofreci\u00f3 como novedad la presencia de Angola, Salv\u00f3 y Vila, que deb\u00eda contrarrestar la dosis f\u00edsica que por regla suele imponer el conjunto galo. No obstante, los claretianos sufrieron de lo lindo en el primer cuarto, con Salv\u00f3 y Angola frenando las acometidas en la pintura de Shannon Bogues y Jeanne (19-18). <\/p>\n<p class=\"v-p\">En el segundo periodo, el equipo galo se puso incluso en vanguardia aprovechando la versatilidad de Williams en el exterior (21-25). El tiro libre y el acierto del per\u00edmetro volv\u00edan a pasar factura como principal tormento de los isle\u00f1os. Con el paso de los minutos, Tobey despertaba, Brussino espabilaba&#8230; y Salv\u00f3 decid\u00eda. El Dreamland se pon\u00eda por delante, pero el intercambio de canastas se antojaba interminable, con Bogues convirti\u00e9ndose en el principal incordio para la pizarra de Lakovic. Hasta que Vila y el propio Vila dieron ox\u00edgeno desde el exterior al cierre de la primera parte (46-39).<\/p>\n<p><a href=\"http:\/\/www.canarias7.es\/deportes\/cb-gran-canaria\/dreamland-gran-canaria-mans-partido-parciales-resultado-20251015192639-di.html#vtm_modulosEngag=mod-rel:deportes:noticia:1:cmp:1-not\" class=\"v-a-link\" aria-label=\"Imagen\" rel=\"nofollow noopener\" target=\"_blank\"><\/p>\n<p><img decoding=\"async\" loading=\"lazy\" src=\"https:\/\/www.europesays.com\/es\/wp-content\/uploads\/2025\/10\/Granca2-U23048236484kwF--366x256@Canarias7.jpg\" class=\"v-a-img\" width=\"258\" height=\"180\" alt=\"\" data-voc-vtm-id=\"in-text-traffic\"\/><\/p>\n<p><\/a><\/p>\n<p><img decoding=\"async\" loading=\"lazy\" src=\"https:\/\/www.europesays.com\/es\/wp-content\/uploads\/2025\/10\/Lakovic-BCL-U23048236484HB--1200x841@Canarias7.jpg\" class=\"v-mdl__img-z\" width=\"1200\" height=\"841\" alt=\"Imagen principal - El Gran Canaria olvida las penas en Europa, aunque con un ag\u00f3nico triunfo ante el Le Mans (73-68)\"\/><\/p>\n<p><img decoding=\"async\" loading=\"lazy\" src=\"https:\/\/www.europesays.com\/es\/wp-content\/uploads\/2025\/10\/TObey-U23048236484HB--1200x851@Canarias7.jpg\" class=\"v-mdl__img-z\" width=\"1200\" height=\"851\" alt=\"Imagen secundaria 1 - El Gran Canaria olvida las penas en Europa, aunque con un ag\u00f3nico triunfo ante el Le Mans (73-68)\"\/><\/p>\n<p><img decoding=\"async\" loading=\"lazy\" src=\"https:\/\/www.europesays.com\/es\/wp-content\/uploads\/2025\/10\/Vila-U23048236484HB--711x841@Canarias7.jpg\" class=\"v-mdl__img-z\" width=\"711\" height=\"841\" alt=\"Imagen secundaria 2 - El Gran Canaria olvida las penas en Europa, aunque con un ag\u00f3nico triunfo ante el Le Mans (73-68)\"\/><\/p>\n<p class=\"v-p\">En la reanudaci\u00f3n, el equipo insular intent\u00f3 poner tierra de por medio, y con un arre\u00f3n de 8-2, fraguado entre Angola y Vila, elev\u00f3 las diferencias a 13 puntos (54-41). A la causa tambi\u00e9n se sumaba Wong, que ya contabilizaba 13 puntos en el ecuador del tercer parcial. Parec\u00eda que el Le Mans empezaba a quedarse sin gasolina, sufriendo los rigores que le impon\u00eda un rival con mayor profundidad de armario pero que segu\u00eda repitiendo errores en ambos aros que le permit\u00edan estar a\u00fan muy vivo sobre el parqu\u00e9 de Siete Palmas. Hudgins tom\u00f3 la batuta del equipo galo, tras estar in\u00e9dito durante el primer acto, pero no era suficiente. <\/p>\n<p class=\"v-p\">Wong se soltaba la melena -literalmente y metaf\u00f3ricamente- en ataque mientras Jeanne y Bogues trataban de minimizar p\u00e9rdidas. Con ello, Jaka Lakovic trat\u00f3 de romper la din\u00e1mica francesa como otra parada t\u00e9cnica (59-50), a 1:39 para afrontar el \u00faltimo cuarto. <\/p>\n<p class=\"v-p\">El efecto fue el menos esperado para el libreto del esloveno. Hudgins se hizo amo y se\u00f1or del parqu\u00e9 y el ecosistema del Gran Canaria cambi\u00f3 por completo: 59-58 a la conclusi\u00f3n del tercer asalto y todo por decidir en la recta final.<\/p>\n<p class=\"v-p\">El \u00faltimo asalto arranc\u00f3 con una nueva concatenaci\u00f3n de errores y faltas que llev\u00f3 a menguar el caudal ofensivo de los dos equipo. Pasados los primeros cuatro minutos, solo la canasta de Tobey a tablero hab\u00eda cambiado algo el panorama (61-58). <\/p>\n<p><img decoding=\"async\" loading=\"lazy\" src=\"https:\/\/www.europesays.com\/es\/wp-content\/uploads\/2025\/10\/Angola2-U23048236484HB--748x524@Canarias7.jpg\" class=\"v-a-img\" width=\"748\" height=\"524\" alt=\"\" data-voc-vtm-id=\"in-text-traffic\"\/><\/p>\n<p>BCL<\/p>\n<p><img loading=\"lazy\" decoding=\"async\" src=\"https:\/\/www.europesays.com\/es\/wp-content\/uploads\/2025\/10\/Angola2-U23048236484HB--748x524@Canarias7.jpg\" class=\"v-mdl__img-z\" width=\"748\" height=\"524\" alt=\"\"\/><\/p>\n<p class=\"v-p\">Un triple de Angola desatasc\u00f3 el juego isle\u00f1o, mientras el Le Mans acumulaba m\u00e1s de cinco minutos sin anotar. Ni siquiera en los tiros libres romp\u00eda el cortocircuito el equipo de Guillaume Vizada. Tampoco era un balance anotador como para presumir (6-1 de parcial a falta de 4:32 para el desenlace), pero ya con el posterior lanzamiento de Albicy desde su casa, conjugado con los posteriores tiros desde el 4,60 de Kuath y Labeyrie -uno cada uno, por cierto-, el Gran Canaria tomaba una vez m\u00e1s aire en esta sorpresiva odisea (70-60).<\/p>\n<p class=\"v-p\">El equipo de la regi\u00f3n de Sarthe, mientras tanto, dej\u00f3 tras de s\u00ed una aut\u00e9ntica oda al desprop\u00f3sito anotador, ya que solo lograba convertir desde la l\u00ednea de personales, aunque los hombres de Lakovic se negaban a aprovecharlo. Un tiro desde el carril central de DiLeo y otro de Hudgins apret\u00f3 el panorama (73-68) a 40 segundos para que concluyera el \u00f3rdago franc\u00e9s.<\/p>\n<p class=\"v-p\">Los pupilos de de Guillaume Vizade siguieron negados a aro, acumulando solo tres puntos desde la l\u00ednea de 4,60 a falta de 2:44 para el desenlace, si bien el Granca se negaba a aprovecharlo en una recta final que segu\u00eda m\u00e1s que intensa (71-61) aunque m\u00e1s por los dem\u00e9ritos de ambos.Dos triples de DiLeo y Hudgins apretaron el panorama a 40 segundos para la conclusi\u00f3n (73-68). Pero en la agon\u00eda final, Tobey tom\u00f3 un rebote decisivo para contemporizar en los segundos finales, haciendo est\u00e9ril la reacci\u00f3n gala.<\/p>\n<p class=\"v-p\"><strong>Ficha t\u00e9cnica:<\/strong><\/p>\n<p class=\"v-p\"><strong>73. Dreamland Gran Canaria <\/strong>(19+27+13+14): Albicy (5), Wong (18), Salv\u00f3 (10), Vila (10) y Tobey (8) -quinteto titular-; Kuath (6), Samar (-), Angola (7), Brussino (6), Labeyrie (3) y Maniema (-).<\/p>\n<p class=\"v-p\"><strong>Entrenador<\/strong>: Jaka Lakovic.<\/p>\n<p class=\"v-p\"><strong>68. Le Mans Sarthe<\/strong> (18+21+19+10): Williams (7), Hudgins (14), Yeguete (3), DiLeo (10) y Thomas (11) -quinteto titular-; Bogues (11), Doumbia (2), Jeanne (8) y Dufeal (2).<\/p>\n<p class=\"v-p\"><strong>Entrenador<\/strong>: Guillaume Vizade.<\/p>\n<p class=\"v-p\"><strong>\u00c1rbitros<\/strong>: Martin Vulic (Croacia), Yener Yilmaz (Turqu\u00eda) e Ilias Kounelles (Chipre). Eliminaron por personales al jugador del Dreamland Gran Canaria Kur Kuath.<\/p>\n<p class=\"v-p\"><strong>Incidencias<\/strong>: Encuentro correspondiente a la segunda jornada del Grupo H de la Liga de Campeones de Baloncesto (BCL) disputado en el Gran Canaria Arena ante 3.581 espectadores.<\/p>\n<p>Reporta un error<\/p>\n","protected":false},"excerpt":{"rendered":"Mi\u00e9rcoles, 15 de octubre 2025, 22:46 | Actualizado 23:36h. De nuevo, el Dreamland GranCanaria acudi\u00f3 a su ya&hellip;\n","protected":false},"author":2,"featured_media":179497,"comment_status":"","ping_status":"","sticky":false,"template":"","format":"standard","meta":{"footnotes":""},"categories":[269],"tags":[299,298,7221,168,25,24,700,3956,5651,2445,23,167,47598],"class_list":{"0":"post-179496","1":"post","2":"type-post","3":"status-publish","4":"format-standard","5":"has-post-thumbnail","7":"category-baloncesto","8":"tag-baloncesto","9":"tag-basketball","10":"tag-canaria","11":"tag-deportes","12":"tag-es","13":"tag-espana","14":"tag-europa","15":"tag-gran","16":"tag-olvida","17":"tag-penas","18":"tag-spain","19":"tag-sports","20":"tag-xxxx"},"share_on_mastodon":{"url":"","error":""},"_links":{"self":[{"href":"https:\/\/www.europesays.com\/es\/wp-json\/wp\/v2\/posts\/179496","targetHints":{"allow":["GET"]}}],"collection":[{"href":"https:\/\/www.europesays.com\/es\/wp-json\/wp\/v2\/posts"}],"about":[{"href":"https:\/\/www.europesays.com\/es\/wp-json\/wp\/v2\/types\/post"}],"author":[{"embeddable":true,"href":"https:\/\/www.europesays.com\/es\/wp-json\/wp\/v2\/users\/2"}],"replies":[{"embeddable":true,"href":"https:\/\/www.europesays.com\/es\/wp-json\/wp\/v2\/comments?post=179496"}],"version-history":[{"count":0,"href":"https:\/\/www.europesays.com\/es\/wp-json\/wp\/v2\/posts\/179496\/revisions"}],"wp:featuredmedia":[{"embeddable":true,"href":"https:\/\/www.europesays.com\/es\/wp-json\/wp\/v2\/media\/179497"}],"wp:attachment":[{"href":"https:\/\/www.europesays.com\/es\/wp-json\/wp\/v2\/media?parent=179496"}],"wp:term":[{"taxonomy":"category","embeddable":true,"href":"https:\/\/www.europesays.com\/es\/wp-json\/wp\/v2\/categories?post=179496"},{"taxonomy":"post_tag","embeddable":true,"href":"https:\/\/www.europesays.com\/es\/wp-json\/wp\/v2\/tags?post=179496"}],"curies":[{"name":"wp","href":"https:\/\/api.w.org\/{rel}","templated":true}]}}