{"id":17950,"date":"2025-08-01T06:48:08","date_gmt":"2025-08-01T06:48:08","guid":{"rendered":"https:\/\/www.europesays.com\/es\/17950\/"},"modified":"2025-08-01T06:48:08","modified_gmt":"2025-08-01T06:48:08","slug":"cellnex-reduce-sus-perdidas-y-aumenta-sus-ingresos","status":"publish","type":"post","link":"https:\/\/www.europesays.com\/es\/17950\/","title":{"rendered":"Cellnex reduce sus p\u00e9rdidas y aumenta sus ingresos"},"content":{"rendered":"<p><strong>Cellnex <\/strong>ha cerrado el semestre con una <strong>reducci\u00f3n del 70% de sus p\u00e9rdidas<\/strong>. De los 418 millones en negativo con los que finaliz\u00f3 la primera mitad del a\u00f1o 2024, a los <strong>115 millones de euros<\/strong>.<\/p>\n<p>Asimismo, en t\u00e9rminos de crecimiento org\u00e1nico (incluyendo \u00fanicamente los ingresos org\u00e1nicos generados en el per\u00edodo y excluyendo la contribuci\u00f3n de Irlanda, el efecto del tipo de cambio, cambios de per\u00edmetro y otros, detallan), <strong>los ingresos aumentaron un 6% alcanzando y los reportados lo hicieron un 1,1% hasta los 1.942 millones de euros<\/strong><\/p>\n<p>Por su parte, el <strong>EBITDAaL<\/strong> (EBITDA despu\u00e9s de arrendamientos) se ha situado en <strong>1.157 millones de euros<\/strong>, un <strong>3,8% m\u00e1s<\/strong>.<\/p>\n<p><img loading=\"lazy\" decoding=\"async\" width=\"792\" height=\"831\" alt=\"\" class=\"wp-image-61917 lazyload\" data-eio=\"p\" src=\"https:\/\/www.europesays.com\/es\/wp-content\/uploads\/2025\/08\/Resultados-Cellnex.jpg\"  data- data-eio-rwidth=\"792\" data-eio-rheight=\"831\"\/><\/p>\n<p>Otro aspecto destacado de esta primera mitad del a\u00f1o es que <strong>el RLFCF por acci\u00f3n ha aumentado un 10,2%<\/strong>. Adem\u00e1s, para reforzar su capacidad financiera, ha completado con \u00e9xito una <strong>emisi\u00f3n de bonos por 750 millones<\/strong> y ha refinanciado una l\u00ednea de cr\u00e9dito sindicada por 2.800 millones, elevando la liquidez total disponible a 4.900 millones de euros. Adem\u00e1s, <strong><a href=\"https:\/\/guialbc.redestelecom.es\/cellnex\/\" rel=\"nofollow noopener\" target=\"_blank\">Cellnex<\/a><\/strong> ha completado la recompra de 24 millones de acciones, equivalentes al 3,41% de su capital social.<\/p>\n<p>En cuanto a su <strong>deuda<\/strong>, a cierre del primer semestre se sit\u00faa en <strong>17.100 millones<\/strong> de euros.<\/p>\n<p>Ante estos resultados, la compa\u00f1\u00eda <strong>reitera su hoja de ruta para el conjunto del a\u00f1o<\/strong> que estima en unos ingresos entre 3.950 y 4.050 millones de euros, EBITDA ajustado entre 3.275 y 3.375 millones de euros, RLFCF entre 1.900 y 1.950 millones de euros y FCF entre 280 y 380 millones de euros.<\/p>\n<p>\u201cLos resultados del primer semestre de 2025 consolidan la trayectoria de crecimiento org\u00e1nico de Cellnex, con mejoras sostenidas en ingresos y EBITDAaL\u201d, afirma su CEO Marco Patuano. \u201cLa compa\u00f1\u00eda ha <strong>reforzado su estructura de capital<\/strong> mediante la emisi\u00f3n de deuda a largo plazo y la refinanciaci\u00f3n de una l\u00ednea de cr\u00e9dito sindicada, lo que mejora significativamente nuestra liquidez y flexibilidad financiera. Estas acciones, combinadas con una <strong>ejecuci\u00f3n disciplinada de nuestro plan estrat\u00e9gico<\/strong>, nos posicionan para seguir generando valor recurrente, optimizar nuestro perfil de riesgo y acelerar la remuneraci\u00f3n al accionista\u201d.<\/p>\n<p><strong>Ampliaci\u00f3n de negocio<\/strong><\/p>\n<p>Otro de los aspectos destacados del negocio del operador de <strong><a href=\"https:\/\/www.redestelecom.es\/infraestructuras\/torres-de-telecomunicaciones-tipos-y-usos\/\" target=\"_blank\" rel=\"noreferrer noopener nofollow\">torres de telecomunicaciones<\/a><\/strong> ha sido el crecimiento del 4% de los Puntos de Presencia (PoPs) en los emplazamientos. Ello se suma a acuerdos estrat\u00e9gicos como el firmado con Odido en Pa\u00edses Bajos.<\/p>\n<p>As\u00ed las cosas, a 31 de julio, Cellnex opera 110.310 emplazamientos: 88.779 en sus cinco mercados principales \u2013 26.259 en Francia, 22.667 en Italia, 17.323 en Polonia, 13.691 en Reino Unido y 8.839 en Espa\u00f1a \u2013 y 21.531 en el resto de Europa, incluyendo \u20136.729 en Portugal, 5.606 en Suiza, 4.019 en Pa\u00edses Bajos, 3.459 en Suecia y 1.718 en Dinamarca \u2013 que se complementan con 1.971 emplazamientos de radiodifusi\u00f3n y otros y 13.858 nodos DAS y <strong><a href=\"https:\/\/www.redestelecom.es\/conectividad\/que-es-una-small-cell-y-como-funcionan-casos-de-uso\/\" target=\"_blank\" rel=\"noreferrer noopener nofollow\">small cells<\/a><\/strong>.<\/p>\n<p><strong>Resultados por unidades de negocio<\/strong><\/p>\n<p>La compa\u00f1\u00eda confirma un crecimiento en todas las unidades de negocio durante esta primera mitad del a\u00f1o:<\/p>\n<p>\u2022 Los <strong>servicios de infraestructuras de telecomunicaciones<\/strong> han generado unos ingresos reportados de 1.568 millones de euros, en l\u00ednea con el a\u00f1o anterior debido a la desconsolidaci\u00f3n de Irlanda y Austria. Excluyendo la contribuci\u00f3n de estos dos pa\u00edses, el crecimiento org\u00e1nico de ingresos en la l\u00ednea de negocio de torres representa un aumento del 5,2%.<\/p>\n<p>\u2022 <strong>DAS, small cells y otras soluciones de red<\/strong> han aportado 126 millones de euros, un 2,8% m\u00e1s, reflejando la creciente demanda de soluciones de cobertura en entornos urbanos y de alta densidad.<\/p>\n<p>\u2022 Los <strong>servicios mayoristas de <a href=\"https:\/\/www.redestelecom.es\/especiales\/fibra-optica-que-es-como-funciona-y-mejores-aplicaciones\/\" target=\"_blank\" rel=\"noreferrer noopener nofollow\">fibra<\/a>, conectividad y alojamiento<\/strong> registraron un fuerte crecimiento, alcanzando los 116 millones de euros (+20,8%), impulsados por la expansi\u00f3n en otros servicios de infraestructura digital.<\/p>\n<p>\u2022 Finalmente, los <strong>ingresos por radiodifusi\u00f3n<\/strong> han ascendido a 132 millones de euros, un 2% m\u00e1s, reforzando su papel como l\u00ednea de negocio complementaria.<\/p>\n","protected":false},"excerpt":{"rendered":"Cellnex ha cerrado el semestre con una reducci\u00f3n del 70% de sus p\u00e9rdidas. De los 418 millones en&hellip;\n","protected":false},"author":2,"featured_media":17951,"comment_status":"","ping_status":"","sticky":false,"template":"","format":"standard","meta":{"footnotes":""},"categories":[80],"tags":[82,95,94,25,24,1090,11400,5056,7076,885,23,6538],"class_list":{"0":"post-17950","1":"post","2":"type-post","3":"status-publish","4":"format-standard","5":"has-post-thumbnail","7":"category-economia","8":"tag-business","9":"tag-economia","10":"tag-economy","11":"tag-es","12":"tag-espana","13":"tag-estrategia","14":"tag-facturacion","15":"tag-negocio","16":"tag-operadoras","17":"tag-resultados","18":"tag-spain","19":"tag-telecomunicaciones"},"share_on_mastodon":{"url":"","error":""},"_links":{"self":[{"href":"https:\/\/www.europesays.com\/es\/wp-json\/wp\/v2\/posts\/17950","targetHints":{"allow":["GET"]}}],"collection":[{"href":"https:\/\/www.europesays.com\/es\/wp-json\/wp\/v2\/posts"}],"about":[{"href":"https:\/\/www.europesays.com\/es\/wp-json\/wp\/v2\/types\/post"}],"author":[{"embeddable":true,"href":"https:\/\/www.europesays.com\/es\/wp-json\/wp\/v2\/users\/2"}],"replies":[{"embeddable":true,"href":"https:\/\/www.europesays.com\/es\/wp-json\/wp\/v2\/comments?post=17950"}],"version-history":[{"count":0,"href":"https:\/\/www.europesays.com\/es\/wp-json\/wp\/v2\/posts\/17950\/revisions"}],"wp:featuredmedia":[{"embeddable":true,"href":"https:\/\/www.europesays.com\/es\/wp-json\/wp\/v2\/media\/17951"}],"wp:attachment":[{"href":"https:\/\/www.europesays.com\/es\/wp-json\/wp\/v2\/media?parent=17950"}],"wp:term":[{"taxonomy":"category","embeddable":true,"href":"https:\/\/www.europesays.com\/es\/wp-json\/wp\/v2\/categories?post=17950"},{"taxonomy":"post_tag","embeddable":true,"href":"https:\/\/www.europesays.com\/es\/wp-json\/wp\/v2\/tags?post=17950"}],"curies":[{"name":"wp","href":"https:\/\/api.w.org\/{rel}","templated":true}]}}