{"id":179500,"date":"2025-10-15T23:47:10","date_gmt":"2025-10-15T23:47:10","guid":{"rendered":"https:\/\/www.europesays.com\/es\/179500\/"},"modified":"2025-10-15T23:47:10","modified_gmt":"2025-10-15T23:47:10","slug":"la-desgarradora-carta-de-dani-rovira-tras-la-muerte-de-su-padre-soy-lo-que-soy-porque-mis-suenos-fueron-tu-prioridad","status":"publish","type":"post","link":"https:\/\/www.europesays.com\/es\/179500\/","title":{"rendered":"La desgarradora carta de Dani Rovira tras la muerte de su padre: \u00abSoy lo que soy porque mis sue\u00f1os fueron tu prioridad\u00bb"},"content":{"rendered":"<p><a class=\"v-mdl-ath__fig-a\" href=\"https:\/\/www.elcorreo.com\/autor\/silvia-osorio-3311.html\" title=\"Silvia Osorio\" rel=\"nofollow noopener\" target=\"_blank\"><br \/>\n<img decoding=\"async\" class=\"v-mdl-ath__img\" src=\"https:\/\/www.europesays.com\/es\/wp-content\/uploads\/2025\/07\/autor-3311-foto-1.jpeg\" alt=\"Silvia Osorio\"\/><br \/>\n<\/a><\/p>\n<p class=\"v-mdl-ath__p v-mdl-ath__p--6\">\nMi\u00e9rcoles, 15 de octubre 2025, 19:52<\/p>\n<p class=\"v-p\">Dani Rovira llora la muerte de su padre. El humorista y actor ha confirmado la triste noticia con una desgarradora carta publicada este mi\u00e9rcoles en su perfil de Instagram en la que dedica conmovedoras palabras a su progenitor \u00abCrec\u00ed de tu mano. No recuerdo ni una sola vez que me la hayas soltado. Solo soltabas para que me atreviera a volar solo, como aquella vez que, despu\u00e9s de quitarle los ruedines a mi primera bicicleta, corr\u00edas de mi lado sujetando fuerte el sill\u00edn por la parte de atr\u00e1s. Solo tu amor te hac\u00eda soltarme para poder mirar atr\u00e1s y verte ya a unos metros vi\u00e9ndote re\u00edr y gritarme \u00a1vas solo, ya vas solo, Danilillo!\u00bb, comienza diciendo.<\/p>\n<p class=\"v-p\">El int\u00e9rprete de pel\u00edculas tan exitosas como &#8216;Ocho apellidos vascos&#8217;, destaca el amor incondicional de su padre, sobre todo, en los malos momentos como los que vivi\u00f3 cuando al actor le diagnosticaron de c\u00e1ncer. \u00abY las veces que ca\u00eda, que eran muchas, tardabas medio segundo en llegar y levantarme. Cuando ve\u00edas que mi llanto era m\u00e1s por miedo que por dolor, re\u00edas y celebrabas como un gol el peque\u00f1o trecho recorrido\u00bb.<\/p>\n<p class=\"v-p\">El artista malague\u00f1o recuerda que su padre, adem\u00e1s del espejo en el que mirarse, fue una de las personas que le m\u00e1s le ayud\u00f3 a perseguir sus sue\u00f1os. \u00abSoy lo que soy porque mis sue\u00f1os fueron tu prioridad. Cre\u00edste en m\u00ed en todos mis aciertos y en todas mis cagadas. No hace ni dos d\u00edas que decidiste marcharte y ya noto que algo falta. Como si hubiera perdido un poco el equilibrio de todo, como si tuviera que entender de nuevo la vida, como si doliera el aire. Ser\u00e1 que perder tu ra\u00edz dentro m\u00ed, hace que se me tambaleen todas las ramas. Y no paran de ca\u00e9rseme las hojas\u00bb, se\u00f1ala.<\/p>\n<p>\u00abTu bondad y nobleza traspasaba el pecho\u00bb<\/p>\n<p class=\"v-p\">Rovira muestra abiertamente su dolor por la irreparable p\u00e9rdida. \u00abEstos d\u00edas tus amigos de siempre me hablaban de todo lo bueno que hab\u00eda en ti, que era todo y mi amor crec\u00eda y crec\u00eda de saber que elegiste estar en la cara buena y amorosa del mundo. Tu bondad y nobleza traspasaba el pecho de cada persona que tuvo la dicha de cruzarse contigo. Porque ese era tu s\u00faper poder, el amor que irradiabas y tu risa, exagerada y disfrutona. Ojal\u00e1 volver a escucharte re\u00edr as\u00ed una vez m\u00e1s\u2026dar\u00eda lo que el diablo me pidiera. Est\u00e9s donde est\u00e9s, estate tranquilo. Aunque ahora no exista consuelo entre nosotros, estaremos bien, seguiremos cuid\u00e1ndonos los unos a los otros. Gracias por la vida que nos has regalado. Gracias por tu hermoso legado\u00bb, finaliza. <\/p>\n<p>Reporta un error<\/p>\n","protected":false},"excerpt":{"rendered":"Mi\u00e9rcoles, 15 de octubre 2025, 19:52 Dani Rovira llora la muerte de su padre. El humorista y actor&hellip;\n","protected":false},"author":2,"featured_media":179501,"comment_status":"","ping_status":"","sticky":false,"template":"","format":"standard","meta":{"footnotes":""},"categories":[174],"tags":[4187,2471,255,1996,51097,146,147,25,24,256,4920,39,51098,23],"class_list":{"0":"post-179500","1":"post","2":"type-post","3":"status-publish","4":"format-standard","5":"has-post-thumbnail","7":"category-famosos","8":"tag-anuncia","9":"tag-carta","10":"tag-celebrities","11":"tag-dani","12":"tag-desgarradora","13":"tag-entertainment","14":"tag-entretenimiento","15":"tag-es","16":"tag-espana","17":"tag-famosos","18":"tag-muerte","19":"tag-padre","20":"tag-rovira","21":"tag-spain"},"share_on_mastodon":{"url":"","error":""},"_links":{"self":[{"href":"https:\/\/www.europesays.com\/es\/wp-json\/wp\/v2\/posts\/179500","targetHints":{"allow":["GET"]}}],"collection":[{"href":"https:\/\/www.europesays.com\/es\/wp-json\/wp\/v2\/posts"}],"about":[{"href":"https:\/\/www.europesays.com\/es\/wp-json\/wp\/v2\/types\/post"}],"author":[{"embeddable":true,"href":"https:\/\/www.europesays.com\/es\/wp-json\/wp\/v2\/users\/2"}],"replies":[{"embeddable":true,"href":"https:\/\/www.europesays.com\/es\/wp-json\/wp\/v2\/comments?post=179500"}],"version-history":[{"count":0,"href":"https:\/\/www.europesays.com\/es\/wp-json\/wp\/v2\/posts\/179500\/revisions"}],"wp:featuredmedia":[{"embeddable":true,"href":"https:\/\/www.europesays.com\/es\/wp-json\/wp\/v2\/media\/179501"}],"wp:attachment":[{"href":"https:\/\/www.europesays.com\/es\/wp-json\/wp\/v2\/media?parent=179500"}],"wp:term":[{"taxonomy":"category","embeddable":true,"href":"https:\/\/www.europesays.com\/es\/wp-json\/wp\/v2\/categories?post=179500"},{"taxonomy":"post_tag","embeddable":true,"href":"https:\/\/www.europesays.com\/es\/wp-json\/wp\/v2\/tags?post=179500"}],"curies":[{"name":"wp","href":"https:\/\/api.w.org\/{rel}","templated":true}]}}