{"id":179504,"date":"2025-10-15T23:49:15","date_gmt":"2025-10-15T23:49:15","guid":{"rendered":"https:\/\/www.europesays.com\/es\/179504\/"},"modified":"2025-10-15T23:49:15","modified_gmt":"2025-10-15T23:49:15","slug":"juan-del-val-ganador-del-premio-planeta-2025","status":"publish","type":"post","link":"https:\/\/www.europesays.com\/es\/179504\/","title":{"rendered":"Juan del Val, ganador del Premio Planeta 2025"},"content":{"rendered":"<p class=\"paragraph text-xl pb-7 w-full text-pretty [&amp;_a]:text-link-normal dark:[&amp;_a]:text-link-dark [&amp;_a]:decoration-1 [&amp;_a:hover]:underline [&amp;_a:hover]:text-link-hover [&amp;_a:hover]:decoration-2 [&amp;_b_a]:text-link-normal dark:[&amp;_b_a]:text-link-dark [&amp;_b_a]:decoration-1 [&amp;_b_a:hover]:underline [&amp;_b_a:hover]:text-link-hover desktop:leading-relaxed break-words font-serif\" data-original-text-size=\"text-xl\">El escritor <b>Juan del Val<\/b> ha sido galardonado con el <b>Premio Planeta 2025<\/b>, dotado con un mill\u00f3n de euros, seg\u00fan ha anunciado el <a href=\"https:\/\/www.publico.es\/tag\/grupo-planeta\" title=\"Grupo Planeta\" rel=\"nofollow noopener\" target=\"_blank\">grupo editorial <\/a>en la gala de entrega de este mi\u00e9rcoles<br \/>\nen el Museu Nacional d&#8217;Art de Catalunya (MNAC), en Barcelona.<\/p>\n<p class=\"paragraph text-xl pb-7 w-full text-pretty [&amp;_a]:text-link-normal dark:[&amp;_a]:text-link-dark [&amp;_a]:decoration-1 [&amp;_a:hover]:underline [&amp;_a:hover]:text-link-hover [&amp;_a:hover]:decoration-2 [&amp;_b_a]:text-link-normal dark:[&amp;_b_a]:text-link-dark [&amp;_b_a]:decoration-1 [&amp;_b_a:hover]:underline [&amp;_b_a:hover]:text-link-hover desktop:leading-relaxed break-words font-serif\" data-original-text-size=\"text-xl\">El madrile\u00f1o ha ganado la 74\u00aa edici\u00f3n del premio literario con la obra Vera, una historia de amor, protagonizada por <b>una mujer de la alta sociedad<\/b> que rompe con su marido y mantiene una relaci\u00f3n con un hombre mucho m\u00e1s joven que ella.<\/p>\n<p class=\"paragraph text-xl pb-7 w-full text-pretty [&amp;_a]:text-link-normal dark:[&amp;_a]:text-link-dark [&amp;_a]:decoration-1 [&amp;_a:hover]:underline [&amp;_a:hover]:text-link-hover [&amp;_a:hover]:decoration-2 [&amp;_b_a]:text-link-normal dark:[&amp;_b_a]:text-link-dark [&amp;_b_a]:decoration-1 [&amp;_b_a:hover]:underline [&amp;_b_a:hover]:text-link-hover desktop:leading-relaxed break-words font-serif\" data-original-text-size=\"text-xl\">El ganador del Planeta, que ha recibido el galard\u00f3n de manos de la vicepresidenta segunda <b>Yolanda D\u00edaz<\/b>, se hab\u00eda presentado bajo el seud\u00f3nimo de Elvira Torres y hab\u00eda ocultado el t\u00edtulo de su novela bajo el ficticio No es tan f\u00e1cil morir de amor, seg\u00fan el jurado, \u00abuna novela contempor\u00e1nea, con una abierta cr\u00edtica social y alg\u00fan toque de thriller en el contexto de Sevilla\u00bb.<\/p>\n<p>Relacionado con este tema<\/p>\n<p class=\"paragraph text-xl pb-7 w-full text-pretty [&amp;_a]:text-link-normal dark:[&amp;_a]:text-link-dark [&amp;_a]:decoration-1 [&amp;_a:hover]:underline [&amp;_a:hover]:text-link-hover [&amp;_a:hover]:decoration-2 [&amp;_b_a]:text-link-normal dark:[&amp;_b_a]:text-link-dark [&amp;_b_a]:decoration-1 [&amp;_b_a:hover]:underline [&amp;_b_a:hover]:text-link-hover desktop:leading-relaxed break-words font-serif\" data-original-text-size=\"text-xl\">Al recibir el premio, Del Val ha asegurado que su obra es una novela de amor \u00aben todas las direcciones\u00bb, y ha explicado que tambi\u00e9n es un camino hacia la libertad, en el que se debe perder el miedo a equivocarse. El ganador del Planeta 2025 ha dicho que prefiere que le lea cuanta m\u00e1s gente mejor, y ha dicho que <b>considerar diferentes calidad y comercial es \u00abfaltarle el respeto a la gente\u00bb<\/b>, esa gente de la que tambi\u00e9n viven los pol\u00edticos. Ha dicho que al margen de aparecer en la televisi\u00f3n escribe y ha a\u00f1adido: \u00abSoy lo que escribo y a escribir le debo todo lo que soy\u00bb.<\/p>\n<p><a class=\"content-image image-zoomin\">  <img decoding=\"async\" loading=\"lazy\" class=\"mx-auto\" alt=\"Juan del Val (d), ganador del premio Planeta, con la escritora \u00c1ngela Banzas (c), finalista, durante la gala celebrada en Barcelona.\" title=\"Juan del Val (d), ganador del premio Planeta, con la escritora \u00c1ngela Banzas (c), finalista, durante la gala celebrada en Barcelona.\" width=\"480\" height=\"270\" src=\"https:\/\/www.publico.es\/files\/image_horizontal_mobile\/files\/fp\/uploads\/2025\/10\/16\/68f01b2f65e1a.r_d.1120-607-2182.jpeg\" data-full-src=\"https:\/\/www.europesays.com\/es\/wp-content\/uploads\/2025\/10\/68f01b2f65e1a.jpeg\"\/>Juan del Val (d), ganador del premio Planeta, con la escritora \u00c1ngela Banzas (c), finalista, durante la gala celebrada en Barcelona.<strong title=\"EFE\/Quique Garc\u00eda\" class=\"author ml-1.5\">EFE\/Quique Garc\u00eda<\/strong><\/a><\/p>\n<p class=\"paragraph text-xl pb-7 w-full text-pretty [&amp;_a]:text-link-normal dark:[&amp;_a]:text-link-dark [&amp;_a]:decoration-1 [&amp;_a:hover]:underline [&amp;_a:hover]:text-link-hover [&amp;_a:hover]:decoration-2 [&amp;_b_a]:text-link-normal dark:[&amp;_b_a]:text-link-dark [&amp;_b_a]:decoration-1 [&amp;_b_a:hover]:underline [&amp;_b_a:hover]:text-link-hover desktop:leading-relaxed break-words font-serif\" data-original-text-size=\"text-xl\">El jurado del premio, formado por Jos\u00e9 Manuel Blecua, Juan Eslava Gal\u00e1n, Pere Gimferrer, Carmen Posadas, Luz Gab\u00e1s, Eva Giner y la editora Bel\u00e9n L\u00f3pez, como secretaria con voto, ha elegido como finalista la novela Cuando el viento hable, de <b>\u00c1ngela Banzas<\/b>.<\/p>\n<p class=\"paragraph text-xl pb-7 w-full text-pretty [&amp;_a]:text-link-normal dark:[&amp;_a]:text-link-dark [&amp;_a]:decoration-1 [&amp;_a:hover]:underline [&amp;_a:hover]:text-link-hover [&amp;_a:hover]:decoration-2 [&amp;_b_a]:text-link-normal dark:[&amp;_b_a]:text-link-dark [&amp;_b_a]:decoration-1 [&amp;_b_a:hover]:underline [&amp;_b_a:hover]:text-link-hover desktop:leading-relaxed break-words font-serif\" data-original-text-size=\"text-xl\">Presentada con el t\u00edtulo El color de la lluvia\u00a0y el seud\u00f3nimo Sof\u00eda Garc\u00eda, trata la historia de una mujer, criada por sus abuelos en la Galicia rural, a quien una extra\u00f1a dolencia la lleva al hospital, donde se ocultan los horrores de los experimentos con personas y descubre la existencia de una hermana gemela perdida. La historia se desarrolla en 1939, <b>en plena posguerra espa\u00f1ola<\/b>, una etapa que Banzas ha definido como \u00abuna larga noche de difuntos y ausentes\u00bb<\/p>\n<p>Relacionado con este tema<\/p>\n<p class=\"paragraph text-xl pb-7 w-full text-pretty [&amp;_a]:text-link-normal dark:[&amp;_a]:text-link-dark [&amp;_a]:decoration-1 [&amp;_a:hover]:underline [&amp;_a:hover]:text-link-hover [&amp;_a:hover]:decoration-2 [&amp;_b_a]:text-link-normal dark:[&amp;_b_a]:text-link-dark [&amp;_b_a]:decoration-1 [&amp;_b_a:hover]:underline [&amp;_b_a:hover]:text-link-hover desktop:leading-relaxed break-words font-serif\" data-original-text-size=\"text-xl\">Licenciada en Ciencias Pol\u00edticas y de la Administraci\u00f3n por la Universidad de Santiago y MBA por la Escuela Europea de Negocios, public\u00f3 su primera novela, El silencio de las olas, en 2021, a las que sigui\u00f3 La conjura de la niebla, La sombra de la rosa\u00a0y El aliento de las llamas.<\/p>\n<p class=\"paragraph text-xl pb-7 w-full text-pretty [&amp;_a]:text-link-normal dark:[&amp;_a]:text-link-dark [&amp;_a]:decoration-1 [&amp;_a:hover]:underline [&amp;_a:hover]:text-link-hover [&amp;_a:hover]:decoration-2 [&amp;_b_a]:text-link-normal dark:[&amp;_b_a]:text-link-dark [&amp;_b_a]:decoration-1 [&amp;_b_a:hover]:underline [&amp;_b_a:hover]:text-link-hover desktop:leading-relaxed break-words font-serif\" data-original-text-size=\"text-xl\">El Premio Planeta 2025 <b>ha recibido 1.320 originales<\/b>, r\u00e9cord de participaci\u00f3n en un a\u00f1o en el que se ha habilitado la posibilidad de enviar los originales a trav\u00e9s de un formulario en la web del galard\u00f3n.<\/p>\n<p>Relacionado con este tema<a class=\"content-image image-zoomin\">  <img decoding=\"async\" loading=\"lazy\" class=\"mx-auto\" alt=\"Juan del Val (c) acompa\u00f1ado por el alcalde de Barcelona, Jaume Collbini, la ministra de Trabajo, Yolanda D\u00edaz, la escritora \u00c1ngeles Banzas y el presidente del Grupo Planeta, Jos\u00e9 Creuheras, tras recibir el premio Planeta.\" title=\"Juan del Val (c) acompa\u00f1ado por el alcalde de Barcelona, Jaume Collbini, la ministra de Trabajo, Yolanda D\u00edaz, la escritora \u00c1ngeles Banzas y el presidente del Grupo Planeta, Jos\u00e9 Creuheras, tras recibir el premio Planeta.\" width=\"480\" height=\"270\" src=\"https:\/\/www.publico.es\/files\/image_horizontal_mobile\/uploads\/2025\/10\/16\/68f021f42942c.jpeg\" data-full-src=\"https:\/\/www.europesays.com\/es\/wp-content\/uploads\/2025\/10\/68f021f42942c.jpeg\"\/>Juan del Val\u00a0 \u00a0acompa\u00f1ado por el alcalde de Barcelona, Jaume Collbini, la ministra de Trabajo, Yolanda D\u00edaz, la escritora \u00c1ngeles Banzas y el presidente del Grupo Planeta, Jos\u00e9 Creuheras, tras recibir el premio Planeta.<strong title=\"EFE\/Quique Garc\u00eda\" class=\"author ml-1.5\">EFE\/Quique Garc\u00eda<\/strong><\/a><\/p>\n<p class=\"paragraph text-xl pb-7 w-full text-pretty [&amp;_a]:text-link-normal dark:[&amp;_a]:text-link-dark [&amp;_a]:decoration-1 [&amp;_a:hover]:underline [&amp;_a:hover]:text-link-hover [&amp;_a:hover]:decoration-2 [&amp;_b_a]:text-link-normal dark:[&amp;_b_a]:text-link-dark [&amp;_b_a]:decoration-1 [&amp;_b_a:hover]:underline [&amp;_b_a:hover]:text-link-hover desktop:leading-relaxed break-words font-serif\" data-original-text-size=\"text-xl\">Del Val, con una notable presencia televisiva, <a href=\"https:\/\/www.publico.es\/tremending\/redes-recuperan-video-juan-val-hormiguero-hablando-gobierno-le-responden-repites-vez-mentiras.html\" title=\"Las redes recuperan un video de Juan del Val en &#039;El Hormiguero&#039; hablando del Gobierno y le responden: &quot;Repites una y otra vez mentiras&quot;\" rel=\"nofollow noopener\" target=\"_blank\">sin huir en muchas ocasiones de la pol\u00e9mica<\/a>, ha trabajado como <b>columnista, guionista, director, productor, presentador y colaborador<\/b> de radio y televisi\u00f3n en diversos medios. En la actualidad, interviene como guionista y tertuliano en el El Hormiguero de\u00a0Pablo Motos.<\/p>\n<p class=\"paragraph text-xl pb-7 w-full text-pretty [&amp;_a]:text-link-normal dark:[&amp;_a]:text-link-dark [&amp;_a]:decoration-1 [&amp;_a:hover]:underline [&amp;_a:hover]:text-link-hover [&amp;_a:hover]:decoration-2 [&amp;_b_a]:text-link-normal dark:[&amp;_b_a]:text-link-dark [&amp;_b_a]:decoration-1 [&amp;_b_a:hover]:underline [&amp;_b_a:hover]:text-link-hover desktop:leading-relaxed break-words font-serif\" data-original-text-size=\"text-xl\">Sus dos primeros libros fueron Para Ana (de t\u00fa muerto)\u00a0(2011) y Lo inevitable del amor\u00a0(2012), los dos escritos con <b>su mujer Nuria Roca<\/b>.<\/p>\n<p class=\"paragraph text-xl pb-7 w-full text-pretty [&amp;_a]:text-link-normal dark:[&amp;_a]:text-link-dark [&amp;_a]:decoration-1 [&amp;_a:hover]:underline [&amp;_a:hover]:text-link-hover [&amp;_a:hover]:decoration-2 [&amp;_b_a]:text-link-normal dark:[&amp;_b_a]:text-link-dark [&amp;_b_a]:decoration-1 [&amp;_b_a:hover]:underline [&amp;_b_a:hover]:text-link-hover desktop:leading-relaxed break-words font-serif\" data-original-text-size=\"text-xl\">Despu\u00e9s de publicar en 2017 Parece mentira, el 2019 gan\u00f3 el premio Primavera con su novela Candela, donde explica la historia de una mujer de media edad que regenta un bar de barrio con su abuela y su madre.\u00a0Dos a\u00f1os despu\u00e9s public\u00f3 Delpara\u00edso, una novela sobre los secretos de una urbanizaci\u00f3n de lujo, que gan\u00f3 el premio a la mejor novela concedida por Hoy Magazine. En 2023 public\u00f3 la hasta ahora su \u00faltima novela, Bocabesada.<\/p>\n","protected":false},"excerpt":{"rendered":"El escritor Juan del Val ha sido galardonado con el Premio Planeta 2025, dotado con un mill\u00f3n de&hellip;\n","protected":false},"author":2,"featured_media":179505,"comment_status":"","ping_status":"","sticky":false,"template":"","format":"standard","meta":{"footnotes":""},"categories":[172],"tags":[224,146,147,25,24,5138,409,225,5635,843,23,32693],"class_list":{"0":"post-179504","1":"post","2":"type-post","3":"status-publish","4":"format-standard","5":"has-post-thumbnail","7":"category-libros","8":"tag-books","9":"tag-entertainment","10":"tag-entretenimiento","11":"tag-es","12":"tag-espana","13":"tag-ganador","14":"tag-juan","15":"tag-libros","16":"tag-planeta","17":"tag-premio","18":"tag-spain","19":"tag-val"},"share_on_mastodon":{"url":"","error":""},"_links":{"self":[{"href":"https:\/\/www.europesays.com\/es\/wp-json\/wp\/v2\/posts\/179504","targetHints":{"allow":["GET"]}}],"collection":[{"href":"https:\/\/www.europesays.com\/es\/wp-json\/wp\/v2\/posts"}],"about":[{"href":"https:\/\/www.europesays.com\/es\/wp-json\/wp\/v2\/types\/post"}],"author":[{"embeddable":true,"href":"https:\/\/www.europesays.com\/es\/wp-json\/wp\/v2\/users\/2"}],"replies":[{"embeddable":true,"href":"https:\/\/www.europesays.com\/es\/wp-json\/wp\/v2\/comments?post=179504"}],"version-history":[{"count":0,"href":"https:\/\/www.europesays.com\/es\/wp-json\/wp\/v2\/posts\/179504\/revisions"}],"wp:featuredmedia":[{"embeddable":true,"href":"https:\/\/www.europesays.com\/es\/wp-json\/wp\/v2\/media\/179505"}],"wp:attachment":[{"href":"https:\/\/www.europesays.com\/es\/wp-json\/wp\/v2\/media?parent=179504"}],"wp:term":[{"taxonomy":"category","embeddable":true,"href":"https:\/\/www.europesays.com\/es\/wp-json\/wp\/v2\/categories?post=179504"},{"taxonomy":"post_tag","embeddable":true,"href":"https:\/\/www.europesays.com\/es\/wp-json\/wp\/v2\/tags?post=179504"}],"curies":[{"name":"wp","href":"https:\/\/api.w.org\/{rel}","templated":true}]}}