{"id":179508,"date":"2025-10-15T23:51:14","date_gmt":"2025-10-15T23:51:14","guid":{"rendered":"https:\/\/www.europesays.com\/es\/179508\/"},"modified":"2025-10-15T23:51:14","modified_gmt":"2025-10-15T23:51:14","slug":"lee-areum-exestrella-del-grupo-de-k-pop-t-ara-es-condenada-a-prision-por-abuso-y-fraude-asi-respondio-la-cantante-shows-famosos","status":"publish","type":"post","link":"https:\/\/www.europesays.com\/es\/179508\/","title":{"rendered":"Lee Areum, exestrella del grupo de K-Pop T-ara, es condenada a prisi\u00f3n por abuso y fraude; as\u00ed respondi\u00f3 la cantante | Shows Famosos"},"content":{"rendered":"<p>La cantante surcoreana Lee Areum, de 31 a\u00f1os, se hizo viral tras ser condenada por un tribunal a 8 meses de prisi\u00f3n con suspensi\u00f3n de dos a\u00f1os, tras ser declarada culpable de abuso infantil y difamaci\u00f3n. Adem\u00e1s, se le orden\u00f3 cumplir 40 horas de educaci\u00f3n enfocada en la prevenci\u00f3n del maltrato infantil.<\/p>\n<p>Lee Areum, exestrella de K-pop, es condenada a prisi\u00f3n <\/p>\n<p>Lee Areum, pertenec\u00eda al grupo T-ara desde 2012, sin embargo, un a\u00f1o despu\u00e9s anunci\u00f3 que no seguir\u00eda con la banda para intentar su carrera como solista.<\/p>\n<p>De acuerdo con el sitio \u2018El Financiero\u2019, los pleitos legales de la cantante comenzaron cuando denunci\u00f3 a su exesposo Kim Young-gul, de abuso infantil en contra de sus 2 hijos, as\u00ed como de violencia dom\u00e9stica. En ese momento, la investigaci\u00f3n concluy\u00f3 en que no hab\u00eda elementos para proceder contra el empresario.<\/p>\n<p>Pero eso no fue todo. Seg\u00fan el portal \u2018Daily Mail\u2019, Lee habr\u00eda obligado a uno de sus hijos a declarar en contra de su padre, lo que se considera como un delito de abuso infantil.<\/p>\n<p><img alt=\"Lee Areum, exestrella del grupo de K-Pop T-ara, es condenada a prisi\u00f3n\" loading=\"lazy\" decoding=\"async\" data-nimg=\"fill\" class=\"object-cover\" style=\"position:absolute;height:100%;width:100%;left:0;top:0;right:0;bottom:0;color:transparent\"   src=\"https:\/\/www.europesays.com\/es\/wp-content\/uploads\/2025\/10\/1760572274_21_image\"\/><\/p>\n<p>Lee Areum, exestrella del grupo de K-Pop T-ara, es condenada a prisi\u00f3n<\/p>\n<p>Imagen <strong>Instagram @onlykgirlss\/Facebook @officialtara<\/strong><\/p>\n<p>Tras la revelaci\u00f3n, Kim Young-Gul, de quien se divorci\u00f3 en 2023, comenz\u00f3 un proceso legal en contra de la int\u00e9rprete surcoreana por abuso y por difamaci\u00f3n.<\/p>\n<p>Adem\u00e1s, la mujer fue acusada de fraude tras solicitar dinero a amigos y fans cercanos, recaudando 26 mil d\u00f3lares (cerca de 480 mil pesos mexicanos), con lo que planeaba cubrir algunos gastos m\u00e9dicos de sus hijos, lo cual result\u00f3 ser una mentira.<\/p>\n<p>A pesar de solicitar una apelaci\u00f3n, le fue negada, por lo que fue condenada a pasar 4 meses en prisi\u00f3n por el fraude y 8 meses m\u00e1s por el delito de difamaci\u00f3n y abuso.<\/p>\n<p>Lee Areum reacciona a su sentencia<\/p>\n<p>En <a href=\"https:\/\/www.youtube.com\/post\/UgkxZQbN_KTF2EDPrY0h9Kleafq_tT9bwn75\" target=\"_blank\" rel=\"nofollow noopener\">su canal de Youtube,<\/a> Lee Areum lanz\u00f3 un texto el pasado 9 de octubre, donde comparti\u00f3 que ha sido un momento dif\u00edcil, ya que por varios a\u00f1os ha tenido que pasar por se\u00f1alamientos falsos.<\/p>\n<p>\u201cDurante m\u00e1s de 10 a\u00f1os, he soportado en silencio las historias falsas. Me han herido repetidamente cosas que desconoc\u00eda, y recientemente, art\u00edculos sin verificar e historias distorsionadas me han vuelto a causar una sensaci\u00f3n de injusticia. Nunca, ni una sola vez, he exigido dinero voluntariamente a nadie\u201d, escribi\u00f3.<\/p>\n<p>En cuanto al asunto del abuso infantil, la cantante reconoci\u00f3 que el incidente ocurri\u00f3 cuando tuvo una pelea conyugal delante de su hijo, situaci\u00f3n que se reconoci\u00f3 como \u201cabuso emocional\u201d.<\/p>\n<p>\u201cContrariamente a lo que algunos han afirmado, nunca he abusado f\u00edsicamente del ni\u00f1o. He criado a mis preciosos hijos, a quienes amo tanto, hasta el punto de no haberles dado ni una sola nalgada\u201d, explic\u00f3.<\/p>\n<p>\u201cLamento profundamente haber discutido delante de mi hijo debido a mi inmadurez en ese momento. Incluso inmediatamente despu\u00e9s de la discusi\u00f3n, le ped\u00ed disculpas a mi hijo, lo abrac\u00e9 y le expres\u00e9 mi arrepentimiento como madre\u201d.<\/p>\n<p>Al final, Lee comparti\u00f3 que seguir\u00e1 viviendo con integridad y sin verg\u00fcenza, adem\u00e1s de que seguir\u00e1 desmintiendo noticias falsas porque desea mantener su \u201csinceridad y dignidad hasta el final\u201d.<\/p>\n<p>Sigue m\u00e1s noticias de tus artistas preferidos en <a href=\"https:\/\/www.lasestrellas.tv\/\" rel=\"nofollow noopener\" target=\"_blank\"> el sitio oficial de Las Estrellas dando clic aqu\u00ed.<\/a> <\/p>\n","protected":false},"excerpt":{"rendered":"La cantante surcoreana Lee Areum, de 31 a\u00f1os, se hizo viral tras ser condenada por un tribunal a&hellip;\n","protected":false},"author":2,"featured_media":179509,"comment_status":"","ping_status":"","sticky":false,"template":"","format":"standard","meta":{"footnotes":""},"categories":[170],"tags":[146,147,25,24,51100,2502,51099,184,185,23,51101],"class_list":{"0":"post-179508","1":"post","2":"type-post","3":"status-publish","4":"format-standard","5":"has-post-thumbnail","7":"category-musica","8":"tag-entertainment","9":"tag-entretenimiento","10":"tag-es","11":"tag-espana","12":"tag-idol-lee-areum","13":"tag-k-pop","14":"tag-lee-areum","15":"tag-music","16":"tag-musica","17":"tag-spain","18":"tag-t-ara"},"share_on_mastodon":{"url":"","error":""},"_links":{"self":[{"href":"https:\/\/www.europesays.com\/es\/wp-json\/wp\/v2\/posts\/179508","targetHints":{"allow":["GET"]}}],"collection":[{"href":"https:\/\/www.europesays.com\/es\/wp-json\/wp\/v2\/posts"}],"about":[{"href":"https:\/\/www.europesays.com\/es\/wp-json\/wp\/v2\/types\/post"}],"author":[{"embeddable":true,"href":"https:\/\/www.europesays.com\/es\/wp-json\/wp\/v2\/users\/2"}],"replies":[{"embeddable":true,"href":"https:\/\/www.europesays.com\/es\/wp-json\/wp\/v2\/comments?post=179508"}],"version-history":[{"count":0,"href":"https:\/\/www.europesays.com\/es\/wp-json\/wp\/v2\/posts\/179508\/revisions"}],"wp:featuredmedia":[{"embeddable":true,"href":"https:\/\/www.europesays.com\/es\/wp-json\/wp\/v2\/media\/179509"}],"wp:attachment":[{"href":"https:\/\/www.europesays.com\/es\/wp-json\/wp\/v2\/media?parent=179508"}],"wp:term":[{"taxonomy":"category","embeddable":true,"href":"https:\/\/www.europesays.com\/es\/wp-json\/wp\/v2\/categories?post=179508"},{"taxonomy":"post_tag","embeddable":true,"href":"https:\/\/www.europesays.com\/es\/wp-json\/wp\/v2\/tags?post=179508"}],"curies":[{"name":"wp","href":"https:\/\/api.w.org\/{rel}","templated":true}]}}