{"id":179524,"date":"2025-10-16T00:10:13","date_gmt":"2025-10-16T00:10:13","guid":{"rendered":"https:\/\/www.europesays.com\/es\/179524\/"},"modified":"2025-10-16T00:10:13","modified_gmt":"2025-10-16T00:10:13","slug":"el-amor-de-nuestras-vidas","status":"publish","type":"post","link":"https:\/\/www.europesays.com\/es\/179524\/","title":{"rendered":"El amor de nuestras vidas"},"content":{"rendered":"<p id=\"eyH2UdS0D2\" data-wc=\"94\"><strong>Josefina Vargas Llosa\u00a0<\/strong>est\u00e1 de celebraci\u00f3n. <a class=\"hm-link ho-link\" href=\"https:\/\/www.hola.com\/actualidad\/20250414826199\/muere-mario-vargas-llosa\/\" data-mrf-recirculation=\"article-body-link\" rel=\"nofollow noopener\" target=\"_blank\">La nieta de Mario Vargas Llosa<\/a> y el ingeniero mexicano Emiliano Camarena, con quien se cas\u00f3 hace dos a\u00f1os ante m\u00e1s de 400 invitados en Lima, tras una rom\u00e1ntica propuesta de matrimonio en 2022 durante unas vacaciones en Jalisco, se han convertido en padres por primera vez. Una feliz noticia que han compartido los propios y orgullosos pap\u00e1s a trav\u00e9s de sus redes sociales, acompa\u00f1ada de un tierno y emotivo mensaje que refleja la alegr\u00eda que sienten ante la llegada de su beb\u00e9: \u00abEl amor de nuestras vidas\u00bb.\u00a0<\/p>\n<p> <img src=\"https:\/\/www.europesays.com\/es\/wp-content\/uploads\/2025\/10\/6cc5043f180b-mom-dad-4.jpg\"   width=\"819\" height=\"1024\" loading=\"lazy\" decoding=\"async\" alt=\"Josefina Vargas Llosa y Emiliano Camarena\" fetchpriority=\"auto\" class=\"image ho-image\"\/>\u00a9 Montibeller Photography<\/p>\n<p> <img src=\"https:\/\/www.europesays.com\/es\/wp-content\/uploads\/2025\/10\/6c25113aa817-leonor-camarena-vargas-llosa-300925el-amor-de-nuestras-vidas-2.jpg\"   width=\"1024\" height=\"818\" loading=\"lazy\" decoding=\"async\" alt=\"Media Image\" fetchpriority=\"auto\" class=\"image ho-image\"\/>\u00a9 josefinavargasllosa<\/p>\n<p class=\"\" id=\"eo2CC5isG9c\" data-wc=\"110\">Los reci\u00e9n estrenados pap\u00e1s, que se conocieron en 2019 mientras cursaban un m\u00e1ster en la prestigiosa Universidad de Columbia y se dieron el &#8216;s\u00ed, quiero&#8217; en una ceremonia religiosa en la Bas\u00edlica del Cercado de Lima, oficializada por el arzobispo Javier del R\u00edo, est\u00e1n radiantes de felicidad y no pueden &#8211; ni quieren &#8211; ocultarlo. La peque\u00f1a ha llegado para convertirse, tal y como ellos mismos han definido, en el \u00abamor de sus vidas\u00bb. Aunque la beb\u00e9, a quien han llamado Leonor Camarena Vargas Llosa, naci\u00f3 el pasado 30 de septiembre, los orgullosos padres han esperado unos d\u00edas para adaptarse a su nueva realidad antes de anunciar oficialmente su llegada.\u00a0<\/p>\n<p> <img src=\"https:\/\/www.europesays.com\/es\/wp-content\/uploads\/2025\/10\/418034e1bb57-leonor-camarena-vargas-llosa-300925el-amor-de-nuestras-vidas-1.jpg\"   width=\"1024\" height=\"819\" loading=\"lazy\" decoding=\"async\" alt=\"Media Image\" fetchpriority=\"auto\" class=\"image ho-image\"\/>\u00a9 josefinavargasllosa<\/p>\n<p> <img src=\"https:\/\/www.europesays.com\/es\/wp-content\/uploads\/2025\/10\/21279a66db22-leonor-camarena-vargas-llosa-300925el-amor-de-nuestras-vidas-4.jpg\"   width=\"1024\" height=\"819\" loading=\"lazy\" decoding=\"async\" alt=\"Media Image\" fetchpriority=\"auto\" class=\"image ho-image\"\/><\/p>\n<p class=\"\" id=\"eW2A5lxCnAk\" data-wc=\"101\"><strong data-gid=\"eyIXWnJUj8\">Josefina Vargas Llosa y Emiliano Camarena\u00a0<\/strong>han hecho este anuncio compartiendo un carrusel de fotograf\u00edas in\u00e9ditas que capturan los primeros instantes de su reci\u00e9n nacida y los momentos iniciales que est\u00e1n disfrutando junto a ella. Entre las im\u00e1genes publicadas, en blanco y negro, se puede ver a la peque\u00f1a luciendo un delicado body de punto, arropada con una mantita y sosteniendo entre sus manos un sonajero con forma de conejo. En otra de las instant\u00e1neas, la nieta del escritor posa con ternura su mano sobre el pecho de su ni\u00f1a, mostrando la conexi\u00f3n que existe entre una madre y una hija.<\/p>\n<p> <img src=\"https:\/\/www.europesays.com\/es\/wp-content\/uploads\/2025\/10\/dc8be7334b40-leonor-camarena-vargas-llosa-300925el-amor-de-nuestras-vidas.jpg\"   width=\"1024\" height=\"819\" loading=\"lazy\" decoding=\"async\" alt=\"Media Image\" fetchpriority=\"auto\" class=\"image ho-image\"\/>\u00a9 josefinavargasllosa<\/p>\n<p id=\"e06-kvrFM-L\" data-wc=\"158\">Fue el pasado mes de mayo cuando Josefina, quien estudi\u00f3 en el prestigioso internado suizo Le Rosey, por cuyas aulas se formaron miembros de la realeza internacional como Alberto de M\u00f3naco, el Aga Khan, el duque de Kent, Marie-Chantal de Grecia y Farouk de Egipto y posteriormente se licenci\u00f3 en Ciencias Pol\u00edticas, Derecho y Sociedad en la Universidad de Nueva York y realiz\u00f3 un m\u00e1ster en Estudios Internacionales en la Universidad de Columbia, junto a su marido, Emiliano Camarena, anunciaron que estaban esperando a su primer hijo. \u00abTu llegada ha sido la sorpresa m\u00e1s bonita que la vida nos ha regalado. Has llenado mi vida de una felicidad y una fuera que nunca imagin\u00e9. Eres el centro de nuestro universo. Te esperamos con todo nuestro amor\u00bb, escribi\u00f3 en ese momento la hija de Gonzalo Vargas Lolsa y Josefina Said, acompa\u00f1ando el mensaje con una sesi\u00f3n fotogr\u00e1fica en la que ella mostraba por primera vez su tripita de embarazada.<\/p>\n<p> <img src=\"https:\/\/www.europesays.com\/es\/wp-content\/uploads\/2025\/10\/68bfba759885-mom-dad-2.jpg\"   width=\"819\" height=\"1024\" loading=\"lazy\" decoding=\"async\" alt=\"Josefina Vargas Llosa y Emiliano Camarena\" fetchpriority=\"auto\" class=\"image ho-image\"\/>\u00a9 Montibeller Photography<br \/>\nLa uni\u00f3n de Josefina y Mario Vargas Llosa<\/p>\n<p id=\"eCjK0xEMfG\" data-wc=\"187\">La estrenada mam\u00e1 era una de las nietas del prestigioso escritor. El coraz\u00f3n de<strong>\u00a0Josefina Vargas Llosa<\/strong> se rompi\u00f3 el pasado mes de abril con <a class=\"hm-link ho-link\" href=\"https:\/\/www.hola.com\/actualidad\/20250505830205\/alvaro-vargas-llosa-zanja-rumores-surgieron-morir-padre-ultimos-dias-escritor\/\" data-mrf-recirculation=\"article-body-link\" rel=\"nofollow noopener\" target=\"_blank\">la muerte de su adorado abuelo<\/a>, al que consideraba \u00abun segundo pap\u00e1 que me regal\u00f3 la vida y me acompa\u00f1\u00f3 durante treinta a\u00f1os\u00bb. La p\u00e9rdida del Nobel de Literatura le hizo sentir \u00abla tristeza m\u00e1s profunda\u00bb, y por ello, le escribi\u00f3 una emocionante carta de despedida en la que dijo que \u00abel privilegio y orgullo de mi vida\u00bb es ser nieta del miembro de la Academia francesa y de la RAE. En esas l\u00edneas, en las que se entremezclaba la pena con los recuerdos eternos, se escond\u00eda un secreto, ya que daba las primeras pistas de su pr\u00f3xima maternidad: \u00abMe entristece pensar que no podr\u00e9 tener momentos as\u00ed otra vez y que no conocer\u00e1s a mis hijos, pero <strong>ellos crecer\u00e1n sabiendo que su bisabuelo fue un genio absoluto<\/strong>\u00ab. Con toda seguridad, su hijo crecer\u00e1 entre referentes culturales de Vargas Llosa y rodeado del amor de toda la familia, para la que el escritor era mucho m\u00e1s que un genio de las letras.<\/p>\n","protected":false},"excerpt":{"rendered":"Josefina Vargas Llosa\u00a0est\u00e1 de celebraci\u00f3n. La nieta de Mario Vargas Llosa y el ingeniero mexicano Emiliano Camarena, con&hellip;\n","protected":false},"author":2,"featured_media":179525,"comment_status":"","ping_status":"","sticky":false,"template":"","format":"standard","meta":{"footnotes":""},"categories":[174],"tags":[517,255,253,146,147,25,24,256,991,23],"class_list":{"0":"post-179524","1":"post","2":"type-post","3":"status-publish","4":"format-standard","5":"has-post-thumbnail","7":"category-famosos","8":"tag-actualidad","9":"tag-celebrities","10":"tag-discover","11":"tag-entertainment","12":"tag-entretenimiento","13":"tag-es","14":"tag-espana","15":"tag-famosos","16":"tag-mario-vargas-llosa","17":"tag-spain"},"share_on_mastodon":{"url":"","error":""},"_links":{"self":[{"href":"https:\/\/www.europesays.com\/es\/wp-json\/wp\/v2\/posts\/179524","targetHints":{"allow":["GET"]}}],"collection":[{"href":"https:\/\/www.europesays.com\/es\/wp-json\/wp\/v2\/posts"}],"about":[{"href":"https:\/\/www.europesays.com\/es\/wp-json\/wp\/v2\/types\/post"}],"author":[{"embeddable":true,"href":"https:\/\/www.europesays.com\/es\/wp-json\/wp\/v2\/users\/2"}],"replies":[{"embeddable":true,"href":"https:\/\/www.europesays.com\/es\/wp-json\/wp\/v2\/comments?post=179524"}],"version-history":[{"count":0,"href":"https:\/\/www.europesays.com\/es\/wp-json\/wp\/v2\/posts\/179524\/revisions"}],"wp:featuredmedia":[{"embeddable":true,"href":"https:\/\/www.europesays.com\/es\/wp-json\/wp\/v2\/media\/179525"}],"wp:attachment":[{"href":"https:\/\/www.europesays.com\/es\/wp-json\/wp\/v2\/media?parent=179524"}],"wp:term":[{"taxonomy":"category","embeddable":true,"href":"https:\/\/www.europesays.com\/es\/wp-json\/wp\/v2\/categories?post=179524"},{"taxonomy":"post_tag","embeddable":true,"href":"https:\/\/www.europesays.com\/es\/wp-json\/wp\/v2\/tags?post=179524"}],"curies":[{"name":"wp","href":"https:\/\/api.w.org\/{rel}","templated":true}]}}