{"id":179538,"date":"2025-10-16T00:21:08","date_gmt":"2025-10-16T00:21:08","guid":{"rendered":"https:\/\/www.europesays.com\/es\/179538\/"},"modified":"2025-10-16T00:21:08","modified_gmt":"2025-10-16T00:21:08","slug":"unos-fosiles-hallados-en-kenia-iluminan-el-origen-de-las-manos-humanas-ciencia","status":"publish","type":"post","link":"https:\/\/www.europesays.com\/es\/179538\/","title":{"rendered":"Unos f\u00f3siles hallados en Kenia iluminan el origen de las manos humanas | Ciencia"},"content":{"rendered":"<p class=\"\">Durante mucho tiempo, el Paranthropus boisei, <a href=\"https:\/\/elpais.com\/ciencia\/las-cientificas-responden\/2024-06-13\/que-son-los-hominidos.html\" target=\"_blank\" rel=\"nofollow noopener\" title=\"https:\/\/elpais.com\/ciencia\/las-cientificas-responden\/2024-06-13\/que-son-los-hominidos.html\">un hom\u00ednido que habit\u00f3 la Tierra<\/a> desde hace 2,6 millones de a\u00f1os hasta hace 1,3, hab\u00eda sido calificado por los expertos como un pariente del ser humano. Su mand\u00edbula robusta, grandes molares y poderosos m\u00fasculos masticadores evidenciaban una dieta tan primitiva como dif\u00edcil de procesar, integrada por hierbas duras y juncos que otras especies quiz\u00e1 no pod\u00edan consumir. Por el contrario, sus manos, las extremidades que en nuestra especie se volvieron puente entre la materia y la idea, eran una inc\u00f3gnita hasta hoy, que <a href=\"https:\/\/www.nature.com\/articles\/s41586-025-09594-8\" target=\"_blank\" rel=\"nofollow noopener\" title=\"https:\/\/www.nature.com\/articles\/s41586-025-09594-8\">se publica un estudio en la revista Nature para ponerle fin al misterio<\/a>.<\/p>\n<p class=\"\">Un equipo de <a href=\"https:\/\/elpais.com\/ciencia\/2024-07-26\/ludovic-slimak-paleoantropologo-hemos-matado-al-neandertal-por-segunda-vez-al-no-querer-comprenderlo-tal-como-fue.html\" target=\"_blank\" rel=\"nofollow noopener\" title=\"https:\/\/elpais.com\/ciencia\/2024-07-26\/ludovic-slimak-paleoantropologo-hemos-matado-al-neandertal-por-segunda-vez-al-no-querer-comprenderlo-tal-como-fue.html\">paleoantrop\u00f3logos<\/a>, liderados por la investigadora Carrie Mongle, de la Universidad de Stony Brook (Estados Unidos), ha hallado los primeros huesos de la mano de Paranthropus boisei identificados con certeza. Los restos KNM-ER 101000, de unos 1,5 millones de a\u00f1os, fueron encontrados a orillas del lago Turkana, en el norte de Kenia, entre los a\u00f1os 2019 y 2021. Esta parte del cuerpo, descrito por los especialistas como \u201clargamente buscado\u201d, aporta una de las piezas m\u00e1s codiciadas del rompecabezas evolutivo y cambia la imagen de c\u00f3mo viv\u00eda y se mov\u00eda este antiguo pariente humano. <\/p>\n<p>M\u00e1s informaci\u00f3n<\/p>\n<p class=\"\">Mongle, <a href=\"https:\/\/elpais.com\/ciencia\/2025-08-13\/un-equipo-cientifico-anuncia-el-descubrimiento-de-una-nueva-especie-vinculada-al-origen-del-ser-humano.html\" target=\"_blank\" rel=\"nofollow noopener\" title=\"https:\/\/elpais.com\/ciencia\/2025-08-13\/un-equipo-cientifico-anuncia-el-descubrimiento-de-una-nueva-especie-vinculada-al-origen-del-ser-humano.html\">experta en evoluci\u00f3n<\/a> y filogen\u00e9tica, comenta que el hallazgo devino despu\u00e9s de que uno de los investigadores percibiera en la superficie del suelo el esmalte brillante de una muela. Cuando el equipo comenz\u00f3 a buscar en la zona, encontraron un hueso de dedo tan grande que al principio no estaban seguros de que perteneciera a un hom\u00ednido. \u201cEn cierto modo, fue sorprendente cu\u00e1ntos aspectos de esta mano eran similares a los nuestros\u201d, recuerda.<\/p>\n<p class=\"\">La mano combina rasgos humanos con otros t\u00edpicos de los grandes <a href=\"https:\/\/elpais.com\/ciencia\/2025-02-03\/los-bonobos-reconocen-la-ignorancia-de-los-demas-cae-otra-habilidad-que-se-creia-exclusiva-de-los-humanos.html\" target=\"_blank\" rel=\"nofollow noopener\" title=\"https:\/\/elpais.com\/ciencia\/2025-02-03\/los-bonobos-reconocen-la-ignorancia-de-los-demas-cae-otra-habilidad-que-se-creia-exclusiva-de-los-humanos.html\">simios africanos<\/a>. Encontraron un pulgar largo y robusto, dedos cortos y un me\u00f1ique m\u00f3vil: proporciones muy similares a las de nuestra propia especie, que permiten realizar movimientos de precisi\u00f3n. \u201cDado que el Paranthropus y el Homo comparten un antepasado de hace unos tres millones y medio de a\u00f1os, la comparaci\u00f3n de esta mano con nuestro propio linaje nos permite inferir tambi\u00e9n c\u00f3mo podr\u00eda haber sido la morfolog\u00eda del \u00faltimo antepasado com\u00fan\u201d, detalla Mongle.<\/p>\n<p>Una mano sorprendente <\/p>\n<p class=\"\">Los investigadores creen que esta poderosa mano no solo serv\u00eda principalmente para trepar, como se hab\u00eda supuesto en el pasado, sino para manipular con fuerza objetos y alimentos. \u00bfEra el <a href=\"https:\/\/elpais.com\/noticias\/homo-sapiens\/\" target=\"_blank\" rel=\"nofollow noopener\" title=\"https:\/\/elpais.com\/noticias\/homo-sapiens\/\">g\u00e9nero Homo<\/a> el \u00fanico capaz de fabricar herramientas? Hasta ahora, los f\u00f3siles de Paranthropus no se hab\u00edan asociado de forma clara con utensilios de piedra, pero los restos revelan una capacidad mec\u00e1nica para sujetar, golpear o raspar objetos, comparable a la de una persona que agarra un martillo moderno, aunque los investigadores creen que su precisi\u00f3n era limitada.<\/p>\n<p class=\"\">De acuerdo con los autores, pod\u00eda manipular, pero no tallar con la finura del <a href=\"https:\/\/elpais.com\/ciencia\/2025-03-12\/una-cara-fosil-en-atapuerca-demuestra-que-los-primeros-humanos-llegaron-a-europa-hace-14-millones-de-anos.html\" target=\"_blank\" rel=\"nofollow noopener\" title=\"https:\/\/elpais.com\/ciencia\/2025-03-12\/una-cara-fosil-en-atapuerca-demuestra-que-los-primeros-humanos-llegaron-a-europa-hace-14-millones-de-anos.html\">Homo habilis<\/a>. Es decir, P. boisei, descubierto en 1959 por la antrop\u00f3loga brit\u00e1nica Mary Leakey en Tanzania, habr\u00eda desarrollado una destreza funcional, m\u00e1s que tecnol\u00f3gica. Para Samar Syeda, investigadora del Museo Americano de Historia Natural, en Nueva York, las proporciones similares a las humanas sugieren que ten\u00eda cierta capacidad para realizar agarres que habr\u00edan permitido el uso de herramientas. Sin embargo, \u201crefleja principalmente un uso locomotor: un tipo de agarre muy fuerte, posiblemente relacionado con trepar o sostenerse con firmeza\u201d.<\/p>\n<p class=\"\">Seg\u00fan esta paleoantrop\u00f3loga, probablemente ten\u00eda la capacidad de usar instrumentos, incluso de fabricarlos. \u201c<a href=\"https:\/\/elpais.com\/ciencia\/2025-03-05\/hallados-los-primeros-cuchillos-de-la-humanidad-tallados-en-hueso-hace-15-millones-de-anos.html\" target=\"_blank\" rel=\"nofollow noopener\" title=\"https:\/\/elpais.com\/ciencia\/2025-03-05\/hallados-los-primeros-cuchillos-de-la-humanidad-tallados-en-hueso-hace-15-millones-de-anos.html\">Las herramientas existen desde hace al menos 3,3 millones de a\u00f1os<\/a>, y esta mano data de hace 1,5 millones\u201d. Pero a\u00f1ade que, hasta que no se encuentren herramientas \u201cdirectamente asociadas a una mano f\u00f3sil\u201d, no se puede afirmar con certeza.<\/p>\n<p>Un f\u00f3sil que reescribe la evoluci\u00f3n<\/p>\n<p class=\"\">Sobre su forma de vida, la paleont\u00f3loga Almudena Estalrrich, investigadora el <a href=\"https:\/\/elpais.com\/ciencia\/2025-08-31\/dos-millones-de-conchas-encierran-la-historia-de-la-ambicion-humana-un-viaje-de-lujo-belleza-y-poder.html\" target=\"_blank\" rel=\"nofollow noopener\" title=\"https:\/\/elpais.com\/ciencia\/2025-08-31\/dos-millones-de-conchas-encierran-la-historia-de-la-ambicion-humana-un-viaje-de-lujo-belleza-y-poder.html\">Museo Nacional de Ciencias Naturales<\/a>, comenta que las marcas musculares de la mano indican que las usaba intensamente, tanto para moverse como para obtener alimento. \u201cPor ejemplo, podr\u00eda haber utilizado una piedra para romper semillas grandes\u201d, indica esta investigadora, que no ha participado en el hallazgo.<\/p>\n<p class=\"\">Adri\u00e1n Pablos, investigador del <a href=\"https:\/\/www.museoevolucionhumana.com\/es\/cenieh\" target=\"_blank\" rel=\"nofollow noopener\" title=\"https:\/\/www.museoevolucionhumana.com\/es\/cenieh\">Centro Nacional de Evoluci\u00f3n Humana<\/a>, apunta que este hallazgo modifica la forma en la que ve\u00edamos a esta especie y permite identificarlos como \u201dm\u00e1s humanos y menos otros\u201d. Esto aleja la idea de que sus imponentes mand\u00edbula y dientes lo hab\u00edan relegado a un papel secundario en la evoluci\u00f3n humana, como un pariente poco h\u00e1bil.<\/p>\n<p class=\"\">Las manos de Paranthropus boisei a\u00f1aden m\u00e1s pruebas de la coexistencia entre esta especie y el g\u00e9nero Homo \u2014al que pertenecen los humanos modernos\u2014, donde las huellas ya hab\u00edan insinuado una multiplicidad de pisadas en un mismo entorno evolutivo. \u201cHace un a\u00f1o se encontraron huellas fosilizadas que <a href=\"https:\/\/elpais.com\/ciencia\/2024-11-28\/las-pisadas-desvelan-la-convivencia-de-dos-especies-humanas-hace-15-millones-de-anos.html\" target=\"_blank\" rel=\"nofollow noopener\" title=\"https:\/\/elpais.com\/ciencia\/2024-11-28\/las-pisadas-desvelan-la-convivencia-de-dos-especies-humanas-hace-15-millones-de-anos.html\">muestran la presencia simult\u00e1nea de Paranthropus y Homo en el mismo espacio y tiempo.<\/a> Las huellas estaban impresas en ceniza volc\u00e1nica\u201d, apunta Pablos. <\/p>\n<p class=\"\">El KNM-ER 101000 demuestra que la destreza no era un privilegio exclusivo del g\u00e9nero Homo, sino una estrategia evolutiva compartida por distintas especies que, hace mill\u00f3n y medio de a\u00f1os, exploraban el mundo con dedos capaces de transformar su entorno.<\/p>\n<p class=\"\">Estalrrich considera que la relevancia de este <a href=\"https:\/\/elpais.com\/ciencia\/2024-11-12\/el-legado-de-lucy-la-australopiteca-que-cambio-nuestra-idea-de-la-evolucion-humana-hace-50-anos.html\" target=\"_blank\" rel=\"nofollow noopener\" title=\"https:\/\/elpais.com\/ciencia\/2024-11-12\/el-legado-de-lucy-la-australopiteca-que-cambio-nuestra-idea-de-la-evolucion-humana-hace-50-anos.html\">descubrimiento<\/a> es evidente: \u201cPor primera vez tenemos un resto postcraneal claramente asociado a esta especie. Eso nos puede ayudar a identificar otras falanges que no ten\u00edan due\u00f1o\u201d. Pero argumenta que el hallazgo tambi\u00e9n nos habla de una historia de la evoluci\u00f3n humana en un constante cambio: \u201cLo que antes d\u00e1bamos por hecho, ahora se reeval\u00faa con nuevas pruebas y tecnolog\u00edas\u201d.<\/p>\n","protected":false},"excerpt":{"rendered":"Durante mucho tiempo, el Paranthropus boisei, un hom\u00ednido que habit\u00f3 la Tierra desde hace 2,6 millones de a\u00f1os&hellip;\n","protected":false},"author":2,"featured_media":179539,"comment_status":"","ping_status":"","sticky":false,"template":"","format":"standard","meta":{"footnotes":""},"categories":[42],"tags":[5404,17,18,119,51105,16693,13,14,8245,11,21251,61,62,63,64,19,20,9,10,15,16,5752,9239,12,21,22,65,66,67,51106],"class_list":{"0":"post-179538","1":"post","2":"type-post","3":"status-publish","4":"format-standard","5":"has-post-thumbnail","7":"category-internacional","8":"tag-africa","9":"tag-breaking-news","10":"tag-breakingnews","11":"tag-ciencia","12":"tag-descubrimientos-arqueologicos","13":"tag-evolucion-humana","14":"tag-featured-news","15":"tag-featurednews","16":"tag-fosiles","17":"tag-headlines","18":"tag-homo-sapiens","19":"tag-internacional","20":"tag-international","21":"tag-international-news","22":"tag-internationalnews","23":"tag-latest-news","24":"tag-latestnews","25":"tag-news","26":"tag-noticias","27":"tag-noticias-destacadas","28":"tag-noticiasdestacadas","29":"tag-paleontologia","30":"tag-primates","31":"tag-titulares","32":"tag-ultimas-noticias","33":"tag-ultimasnoticias","34":"tag-world","35":"tag-world-news","36":"tag-worldnews","37":"tag-yacimientos-arqueologicos"},"share_on_mastodon":{"url":"","error":""},"_links":{"self":[{"href":"https:\/\/www.europesays.com\/es\/wp-json\/wp\/v2\/posts\/179538","targetHints":{"allow":["GET"]}}],"collection":[{"href":"https:\/\/www.europesays.com\/es\/wp-json\/wp\/v2\/posts"}],"about":[{"href":"https:\/\/www.europesays.com\/es\/wp-json\/wp\/v2\/types\/post"}],"author":[{"embeddable":true,"href":"https:\/\/www.europesays.com\/es\/wp-json\/wp\/v2\/users\/2"}],"replies":[{"embeddable":true,"href":"https:\/\/www.europesays.com\/es\/wp-json\/wp\/v2\/comments?post=179538"}],"version-history":[{"count":0,"href":"https:\/\/www.europesays.com\/es\/wp-json\/wp\/v2\/posts\/179538\/revisions"}],"wp:featuredmedia":[{"embeddable":true,"href":"https:\/\/www.europesays.com\/es\/wp-json\/wp\/v2\/media\/179539"}],"wp:attachment":[{"href":"https:\/\/www.europesays.com\/es\/wp-json\/wp\/v2\/media?parent=179538"}],"wp:term":[{"taxonomy":"category","embeddable":true,"href":"https:\/\/www.europesays.com\/es\/wp-json\/wp\/v2\/categories?post=179538"},{"taxonomy":"post_tag","embeddable":true,"href":"https:\/\/www.europesays.com\/es\/wp-json\/wp\/v2\/tags?post=179538"}],"curies":[{"name":"wp","href":"https:\/\/api.w.org\/{rel}","templated":true}]}}