{"id":179540,"date":"2025-10-16T00:22:07","date_gmt":"2025-10-16T00:22:07","guid":{"rendered":"https:\/\/www.europesays.com\/es\/179540\/"},"modified":"2025-10-16T00:22:07","modified_gmt":"2025-10-16T00:22:07","slug":"las-activistas-de-futuro-vegetal-que-tiraron-pintura-roja-sobre-el-colon-del-museo-naval-el-cuadro-glorifica-el-genocidio-que-se-dane-es-parte-de-nuestra-progreso-como-cultura-el-mundo","status":"publish","type":"post","link":"https:\/\/www.europesays.com\/es\/179540\/","title":{"rendered":"Las activistas de Futuro Vegetal que tiraron pintura roja sobre el Col\u00f3n del Museo Naval: &quot;El cuadro glorifica el genocidio, que se da\u00f1e es parte de nuestra progreso como cultura&quot; &#8211; El Mundo"},"content":{"rendered":"<ol>\n<li><a href=\"https:\/\/news.google.com\/rss\/articles\/CBMiekFVX3lxTE5SUlZyMThPQV92Q3lYekFrVm5hNzBqRmhTRm1ja25vZkx3OGszWmxTdklCWVRuTl94ZFhwbVVYMlFRYTRYMklTcktuQmpvb2hjb29wSGJLSWh4TGlOSEZtc0VMdk51SERfS2t5U2VLZ2NyNEtUVkZSRGJ30gF6QVVfeXFMUGpjcmxQZVJTUm1yRlkxZ2tiMDREVGJQV2dudjYwZjNVSkswMV90eWRjdDBJYjBtbHJNZTJsclYwVE9OdzBxVU15eVhGbTQ1THprQjhQRUduYjljWkdwZ011a2txRDBfcmNLNE9BUEI5bTFfeDJKbV9jX0E?oc=5\" target=\"_blank\" rel=\"nofollow noopener\">Las activistas de Futuro Vegetal que tiraron pintura roja sobre el Col\u00f3n del Museo Naval: \u00abEl cuadro glorifica el genocidio, que se da\u00f1e es parte de nuestra progreso como cultura\u00bb<\/a>&nbsp;&nbsp;El Mundo<\/li>\n<li><a href=\"https:\/\/news.google.com\/rss\/articles\/CBMiywFBVV95cUxQdWRfaVNQek1PbWNKOC11dXdsWnliS1NqbjRuV3VxSXBONkdNTzA2anpPTDRrNHZ1dk1MSVR5SWdvZHgzM0RtcFBud1BhN0FLQlA0Vk1EOGdEak1INS0zYTJlSEJwYVFENVBDSjlFTXFwWXJyOFlUbnh4WlplUWZ0NkV4VnlKeTRtNG56X3dZU3E4QWFHdUI2V1h2bzA0ZWRiWnpIRF9uVlk4U0I4YXc4OThtS3JMSU12RklxUnI1LWN5MlhwUHZtMzJpc9IBzgFBVV95cUxOS2ZULWRGdVdPUlVMWVRQakpFYWFjSXNNTmdVRlBfcEFKQ3FPLXZPQ0ttT0JqV2N2R05UZnY1V28wdlAtYnRiTWItZ2xqMFg5LWVZd0pRVlQybDNjUzhBYjN5akZuQmtiZW8xX3d2NGJFdWM2ZkRMLVdxWFZobUxzcWcxdDItR2R5V095bG5jdGVqTTJTbGVJMVY5NEdEcUNCc25xTkJ6Z1ZVem5LWVRhZ0NLZGZMTFFvbzk3eEN0SEF1alZLQmNMQTB4cVlHQQ?oc=5\" target=\"_blank\" rel=\"nofollow noopener\">Echo de menos cuando la gente se quemaba viva para protestar<\/a>&nbsp;&nbsp;elconfidencial.com<\/li>\n<li><a href=\"https:\/\/news.google.com\/rss\/articles\/CBMi5AFBVV95cUxPaVEzWXBOU2lPUXJ0STRqdEtKbEdsaFJHYmFOcklWYi0xdnRwOUVUMXB5eDhDVG4yc1lvZkJZTVBWSVQ1cGc0OWNHQXJ1dkRiZFROWHYxTC1pSGF5eTdDYUdzZXRidlpVbHJITVA1SXJVYkg0WGJBWDVZLTQ4eGNOWlBRQy1GeVFXckR5aG8tMS1uSjB0Q1ZscEY4MXI2Y0tYT04zZENjQmdua05hNjRiSGhiOU01QVJNeWtNeEtRQzhHSnJIalF2ZEpiRTVxNVVWSmRTZWhPdi14dlNrRjJuaFJrbknSAeQBQVVfeXFMUE5DUVNtSzBVVGNKSmFLTDZGZFJuUVZ3MVlMTDh1Q2phMVNsMXFDRHRIVng3NmYxcTZQWFBNN3pNTG5rWlBfcER4d1ZQQWhIeXpVVW5XWWRyUVJqazFnYVMxbGVOTnYzNVZiLWlZSkdKR1RFWFNfczY1YmJuMmUwWVdTemFXem9tNC12U0h5R1ZNX3BLNjBIQ0JHYk9SaEJJSVhCUEFmS0ppdXpHajRoeVZSbndHOHFESm9PeVBYMFlYbDByb0dEN0dvcC1GUjlNbUNMaHFQVDB6cTRnX1FTNVBXSXRp?oc=5\" target=\"_blank\" rel=\"nofollow noopener\">El Museo Naval limpia en \u00abtiempo r\u00e9cord\u00bb el cuadro atacado por Futuro Vegetal: \u00abHay que restaurar todo y es muy costoso\u00bb<\/a>&nbsp;&nbsp;RTVE.es<\/li>\n<li><a href=\"https:\/\/news.google.com\/rss\/articles\/CBMiuAFBVV95cUxPVmNYUEYwNjZiTGNhXzIxSjlPTnE2NmVGbFhYMFhibndLVnI3bzZSbExEUmFtcGl1ejZfNnJsT0lGNG5tbll0SGYzT3ZrQVhMNFFPeldrQTQ1emE2UlVwN3l5U05Na1I5NWlhdEdudmU3U3Blc3hlVDljdzZUOGNSM0xPWGlnRGxWWS1vMjRQZ2hZeWhmTXBBRVdHbmlxd25oeElCa3RramEtd3kyakc0ZUlYcWp4djhi?oc=5\" target=\"_blank\" rel=\"nofollow noopener\">La intervenci\u00f3n de urgencia del equipo t\u00e9cnico del Museo Naval limit\u00f3 los da\u00f1os del cuadro vandalizado el 12 de octubre<\/a>&nbsp;&nbsp;La Moncloa<\/li>\n<li><a href=\"https:\/\/news.google.com\/rss\/articles\/CBMitgFBVV95cUxPNWZ6Z2NncW14SzlSMzA5SkZVYWRPVzR5ZEFnSVc5cmJfRHpZOVZ2YjZ3dzdjNVlRYmJTbTNSLWRObXBJQ0tJb2ltTWxxbmFiQ2RuN2dzNklMZFE2c24tODdrb1FqLXQxWTg1MGFxQmFRUmlpcGRUU3I4Mkl4dDZtZFhHT0lGZEtLZ250blFQOWVsNTNJeDJTQVNuanhCRHNDQ1NaZFBMcVpDSkZjMUtQUnZyOWVhZw?oc=5\" target=\"_blank\" rel=\"nofollow noopener\">Montilla vuelve la mirada a Jos\u00e9 Garnelo tras el ataque a una de sus obras en el Museo Naval en Madrid<\/a>&nbsp;&nbsp;ABC<\/li>\n<\/ol>\n","protected":false},"excerpt":{"rendered":"Las activistas de Futuro Vegetal que tiraron pintura roja sobre el Col\u00f3n del Museo Naval: \u00abEl cuadro glorifica&hellip;\n","protected":false},"author":2,"featured_media":179541,"comment_status":"","ping_status":"","sticky":false,"template":"","format":"standard","meta":{"footnotes":""},"categories":[8],"tags":[17,18,209,25,24,13,14,11,19,20,205,9,10,15,16,492,23,257,12,493,21,22],"class_list":{"0":"post-179540","1":"post","2":"type-post","3":"status-publish","4":"format-standard","5":"has-post-thumbnail","7":"category-espana","8":"tag-breaking-news","9":"tag-breakingnews","10":"tag-cultura","11":"tag-es","12":"tag-espana","13":"tag-featured-news","14":"tag-featurednews","15":"tag-headlines","16":"tag-latest-news","17":"tag-latestnews","18":"tag-madrid","19":"tag-news","20":"tag-noticias","21":"tag-noticias-destacadas","22":"tag-noticiasdestacadas","23":"tag-sociedad","24":"tag-spain","25":"tag-sucesos","26":"tag-titulares","27":"tag-tribunales","28":"tag-ultimas-noticias","29":"tag-ultimasnoticias"},"share_on_mastodon":{"url":"","error":""},"_links":{"self":[{"href":"https:\/\/www.europesays.com\/es\/wp-json\/wp\/v2\/posts\/179540","targetHints":{"allow":["GET"]}}],"collection":[{"href":"https:\/\/www.europesays.com\/es\/wp-json\/wp\/v2\/posts"}],"about":[{"href":"https:\/\/www.europesays.com\/es\/wp-json\/wp\/v2\/types\/post"}],"author":[{"embeddable":true,"href":"https:\/\/www.europesays.com\/es\/wp-json\/wp\/v2\/users\/2"}],"replies":[{"embeddable":true,"href":"https:\/\/www.europesays.com\/es\/wp-json\/wp\/v2\/comments?post=179540"}],"version-history":[{"count":0,"href":"https:\/\/www.europesays.com\/es\/wp-json\/wp\/v2\/posts\/179540\/revisions"}],"wp:featuredmedia":[{"embeddable":true,"href":"https:\/\/www.europesays.com\/es\/wp-json\/wp\/v2\/media\/179541"}],"wp:attachment":[{"href":"https:\/\/www.europesays.com\/es\/wp-json\/wp\/v2\/media?parent=179540"}],"wp:term":[{"taxonomy":"category","embeddable":true,"href":"https:\/\/www.europesays.com\/es\/wp-json\/wp\/v2\/categories?post=179540"},{"taxonomy":"post_tag","embeddable":true,"href":"https:\/\/www.europesays.com\/es\/wp-json\/wp\/v2\/tags?post=179540"}],"curies":[{"name":"wp","href":"https:\/\/api.w.org\/{rel}","templated":true}]}}