{"id":179552,"date":"2025-10-16T00:35:08","date_gmt":"2025-10-16T00:35:08","guid":{"rendered":"https:\/\/www.europesays.com\/es\/179552\/"},"modified":"2025-10-16T00:35:08","modified_gmt":"2025-10-16T00:35:08","slug":"presentado-en-huelva-el-libro-tersia-la-tartesia-sobre-el-legado-femenino-y-el-esplendor-de-tastesos","status":"publish","type":"post","link":"https:\/\/www.europesays.com\/es\/179552\/","title":{"rendered":"Presentado en Huelva el libro &#8216;Tersia, la Tartesia&#8217;, sobre el legado femenino y el esplendor de Tastesos"},"content":{"rendered":"<p>   HUELVA 15 Oct. (EUROPA PRESS) &#8211; <\/p>\n<p>   El Sal\u00f3n de Plenos de la Diputaci\u00f3n de Huelva ha acogido la presentaci\u00f3n de &#8216;Tersia, la Tartesia&#8217;, libro infantil que celebra el legado femenino y el esplendor de Tartesos. El acto ha contado con la participaci\u00f3n de la jefa de Servicio de Igualdad y Familias, Irene Barrado; la autora del libro, Teresa Su\u00e1rez; la ilustradora, Marina Gonz\u00e1lez; y la coordinadora editorial de 8KTO, Ana Garrido.<\/p>\n<p>   Barrado ha felicitado a las autoras de la obra y ha asegurado que Tersia, la protagonista del libro, \u00abnos regala una apasionante voz feminista que reclama la necesidad de conocer el papel de las mujeres en todas las \u00e9pocas hist\u00f3ricas\u00bb, ha indicado la instituci\u00f3n provincial en una nota.<\/p>\n<p>   Seg\u00fan ha subrayado, \u00abpublicaciones como \u00e9sta son imprescindibles para conocer no solo una parte clave de nuestra historia, sino sobre todo, hacerlo d\u00e1ndole a las mujeres el protagonismo que han tenido y que hasta ahora le ha sido negado\u00bb. La Diputaci\u00f3n, ha a\u00f1adido en su intervenci\u00f3n, \u00abest\u00e1 orgullosa de apoyar proyectos que fomenten la igualdad desde lectura y el conocimiento, promocionando su importancia desde la educaci\u00f3n de los ni\u00f1os y ni\u00f1as\u00bb.<\/p>\n<p>   La autora de &#8216;Tersia, la Tartesia&#8217;, Teresa Su\u00e1rez, ha se\u00f1alado que es una narraci\u00f3n po\u00e9tica que se desarrolla en el emporio de Onoba, \u00abdonde dominar\u00e1 el arte de la navegaci\u00f3n y del comercio del metal hasta convertirse en una figura legendaria. Su aut\u00e9ntica grandeza radicar\u00e1 en la profunda conexi\u00f3n con sus antepasadas, una casta de mujeres poderosas de las que heredar\u00e1 su espada ancestral\u00bb.<\/p>\n<p>   La protagonista es la descendiente de una casta de mujeres poderosas de Tarteso. Aesar, su madre, y Labil, su abuela, tambi\u00e9n ser\u00e1n protagonistas de esta historia de patrimonio con perspectiva de g\u00e9nero. \u00abEl auge del conocimiento de la civilizaci\u00f3n Tart\u00e9sica en Onoba no puede obviar a las mujeres, m\u00e1s a\u00fan cuando se han encontrado signos de mujeres relevantes en los enterramientos del Cabezo de la Joya, adem\u00e1s de en otros yacimientos\u00bb, ha manifestado la autora.<\/p>\n<p>   Junto a la historia de Tersia, la publicaci\u00f3n incluye un apartado de \u00abocho razones para leer el libro\u00bb y una gu\u00eda de lectura con propuestas did\u00e1cticas que abordan el feminismo, la historia y la identidad. Teresa Su\u00e1rez tambi\u00e9n ha elaborado una ficha patrimonial para trabajar los objetos tart\u00e9sicos que aparecen en la historia y se encuentran en el Museo Provincial. &#8216;Tersia, la Tartesia&#8217;, tiene una dedicatoria in memoriam a Alicia de la Corte, trabajadora de la Diputaci\u00f3n de Huelva y amiga de la autora que falleci\u00f3 en 2023.<\/p>\n<p>\u00abOCHO RAZONES PARA LEER TERSIA <\/p>\n<p>   Como razones para leer la obra, destacan que potencia el papel de las mujeres en Tartesos: La historia de las mujeres est\u00e1 por descubrir y escribir. El papel de las mujeres en Tartesos est\u00e1 por investigar, pero \u00abexisten evidencias de mujeres poderosas\u00bb y esta historia las pone en valor con protagonistas femeninas.<\/p>\n<p>   Tambi\u00e9n, conocer las costumbres tart\u00e9sicas: Por los hallazgos en la r\u00eda de la entonces Onoba, sabemos que exist\u00edan rituales y costumbres como mellar las espadas, cascos u otras piezas destinadas a ser ofrendadas deposit\u00e1ndolas en el agua, despu\u00e9s de hacerlas inservibles.<\/p>\n<p>   La tercera raz\u00f3n es \u00abver la historia\u00bb. \u00abTras leerlo podr\u00e1s visitar el Museo de Huelva y conocer aut\u00e9nticas piezas como las espadas y ofrendas que se nombran en el libro. Tambi\u00e9n podr\u00e1s pasear por los lugares que aparecen en esta historia, como la r\u00eda de Huelva\u00bb y la cuarta es la \u00abidentidad patrimonial\u00bb, ya que \u00abal conocer nuestro patrimonio nos identificamos con \u00e9l, sentimos nuestra esa historia, no s\u00f3lo de nuestro lugar, sino de nuestros antepasados y esa identidad patrimonial da lugar a una emoci\u00f3n y necesidad de transmisi\u00f3n de la misma\u00bb.<\/p>\n<p>   La quinta raz\u00f3n es la que la literatura y la historia van unidas. En esta obra se dan la mano la literatura y la historia para novelar hechos hist\u00f3ricos y dar relevancia a personajes que bien pudieran haber existido tal cual, as\u00ed como para leer sobre \u00abmujeres valientes\u00bb, ya que las protagonistas del relato \u00abprovienen de una casta de mujeres valientes y empoderadas, hay evidencias de esta relevancia y es imprescindible ponerlas en valor para apreciarlas en todo el conjunto de la sociedad del momento\u00bb.<\/p>\n<p>   El libro, adem\u00e1s, cuenta con ilustraciones \u00abpoderosas\u00bb. Las ilustraciones \u00abnos permiten viajar a la Onoba tart\u00e9sica de forma fidedigna y recrearnos en ellas es imbuirnos en dicha \u00e9poca\u00bb y, como octavo motivaci\u00f3n, destaca la autora que \u00ableer es vivir\u00bb. \u00abLeer nos invita a vivir otras vidas, a viajar en el tiempo, no puedes dejar de unirte a esta nueva aventura\u00bb.<\/p>\n<p>SOBRE LAS AUTORAS<\/p>\n<p>   Teresa Su\u00e1rez, nacida en Huelva. Escritora e Historiadora del Arte con un M\u00e1ster en G\u00e9nero, Identidad y Ciudadan\u00eda. Es profesora de secundaria y tambi\u00e9n se dedica a la gesti\u00f3n cultural desde el a\u00f1o 2005. Trabaja la perspectiva de g\u00e9nero de forma transversal en todas sus actividades.<\/p>\n<p>   Como escritora ha publicado los relatos cortos Magia y Carta (Editorial Fuentetaja, Madrid, 1997 y 1998) y los poemarios La Mentira de Lilith (Cac\u00faa editorial, Huelva, 2002. Premio Arte Huelva Joven, 2002), Zenobia y otros poemas (Diputaci\u00f3n de Huelva, 2006) y Antolog\u00eda po\u00e9tica de lo invisible (Editorial C\u00edrculo Rojo, 2019). Tambi\u00e9n cuenta con los \u00e1lbumes ilustrados Carta de deseos (Editorial C\u00edrculo Rojo, 2015), La Joya, una historia de cuento (Fundaci\u00f3n Atlantic Copper, 2020), Nuna, la vacuna (Carmila, 2021) y Una mirada a Salt\u00e9s (Fundaci\u00f3n Atlantic Copper, 2023).<\/p>\n<p>   Ha sido antologizada como escritora y poeta visual. Destacan sus publicaciones internacionales &#8216;Mar de dudas&#8217; (Klett, Alemania, 2018) y el ensayo &#8216;Soy Creativa: Arte, terapia, mujer y otras visiones&#8217; (Universidad Sim\u00f3n Bolivar, Venezuela, 2016).<\/p>\n<p>   Nukeko Ilustraci\u00f3n es el nombre art\u00edstico de Marina Gonz\u00e1lez, una ilustradora apasionada por la historia, la arqueolog\u00eda y la fantas\u00eda. Estudi\u00f3 Historia con especializaci\u00f3n en Arqueolog\u00eda en la Universidad Aut\u00f3noma de Madrid, pero nunca dej\u00f3 de dibujar. M\u00e1s tarde, curs\u00f3 un M\u00e1ster en Ilustraci\u00f3n Digital en LA-BASAD, lo que la llev\u00f3 a fusionar sus conocimientos hist\u00f3ricos con su arte desde una perspectiva de g\u00e9nero. As\u00ed naci\u00f3 Nukeko Ilustraci\u00f3n, su proyecto personal y nombre en redes sociales.<\/p>\n<p>   En 2022 dej\u00f3 a un lado la arqueolog\u00eda para centrarse en su carrera como ilustradora, mientras impart\u00eda clases de arte a ni\u00f1os, con el objetivo de ilustrar cuentos para otros y crear los suyos propios, un sue\u00f1o de infancia. Ha trabajado en proyectos como las ilustraciones de canoas para la exposici\u00f3n y el libro La navegaci\u00f3n del r\u00edo Magdalena (Proyecto Connexa Mundi) y la representaci\u00f3n de Boabdil, el Chico para el Museo del Ej\u00e9rcito de Toledo, basada en piezas y vestimentas atribuidas al \u00faltimo sult\u00e1n nazar\u00ed de Granada.<\/p>\n","protected":false},"excerpt":{"rendered":"HUELVA 15 Oct. (EUROPA PRESS) &#8211; El Sal\u00f3n de Plenos de la Diputaci\u00f3n de Huelva ha acogido la&hellip;\n","protected":false},"author":2,"featured_media":179553,"comment_status":"","ping_status":"","sticky":false,"template":"","format":"standard","meta":{"footnotes":""},"categories":[172],"tags":[224,146,147,25,24,225,23],"class_list":{"0":"post-179552","1":"post","2":"type-post","3":"status-publish","4":"format-standard","5":"has-post-thumbnail","7":"category-libros","8":"tag-books","9":"tag-entertainment","10":"tag-entretenimiento","11":"tag-es","12":"tag-espana","13":"tag-libros","14":"tag-spain"},"share_on_mastodon":{"url":"","error":""},"_links":{"self":[{"href":"https:\/\/www.europesays.com\/es\/wp-json\/wp\/v2\/posts\/179552","targetHints":{"allow":["GET"]}}],"collection":[{"href":"https:\/\/www.europesays.com\/es\/wp-json\/wp\/v2\/posts"}],"about":[{"href":"https:\/\/www.europesays.com\/es\/wp-json\/wp\/v2\/types\/post"}],"author":[{"embeddable":true,"href":"https:\/\/www.europesays.com\/es\/wp-json\/wp\/v2\/users\/2"}],"replies":[{"embeddable":true,"href":"https:\/\/www.europesays.com\/es\/wp-json\/wp\/v2\/comments?post=179552"}],"version-history":[{"count":0,"href":"https:\/\/www.europesays.com\/es\/wp-json\/wp\/v2\/posts\/179552\/revisions"}],"wp:featuredmedia":[{"embeddable":true,"href":"https:\/\/www.europesays.com\/es\/wp-json\/wp\/v2\/media\/179553"}],"wp:attachment":[{"href":"https:\/\/www.europesays.com\/es\/wp-json\/wp\/v2\/media?parent=179552"}],"wp:term":[{"taxonomy":"category","embeddable":true,"href":"https:\/\/www.europesays.com\/es\/wp-json\/wp\/v2\/categories?post=179552"},{"taxonomy":"post_tag","embeddable":true,"href":"https:\/\/www.europesays.com\/es\/wp-json\/wp\/v2\/tags?post=179552"}],"curies":[{"name":"wp","href":"https:\/\/api.w.org\/{rel}","templated":true}]}}