{"id":179557,"date":"2025-10-16T00:38:09","date_gmt":"2025-10-16T00:38:09","guid":{"rendered":"https:\/\/www.europesays.com\/es\/179557\/"},"modified":"2025-10-16T00:38:09","modified_gmt":"2025-10-16T00:38:09","slug":"hermanos-y-novios-joe-locke-y-ruaridh-mollica-siguen-los-pasos-de-elizabeth-olsen-y-aaron-taylor-johnson-en-marvel","status":"publish","type":"post","link":"https:\/\/www.europesays.com\/es\/179557\/","title":{"rendered":"Hermanos y novios: Joe Locke y Ruaridh Mollica siguen los pasos de Elizabeth Olsen y Aaron Taylor-Johnson en Marvel"},"content":{"rendered":"<p>Despu\u00e9s de &#8216;<a href=\"https:\/\/www.ecartelera.com\/series\/wandavision\/\" rel=\"nofollow noopener\" target=\"_blank\">Bruja Escarlata y Visi\u00f3n<\/a>&#8216; y &#8216;<a href=\"https:\/\/www.ecartelera.com\/series\/agatha-house-of-harkness\/\" rel=\"nofollow noopener\" target=\"_blank\">Agatha, \u00bfqui\u00e9n si no?<\/a>&#8216;, <b>la trilog\u00eda se completa con &#8216;<a href=\"https:\/\/www.ecartelera.com\/series\/vision-quest\/\" rel=\"nofollow noopener\" target=\"_blank\">Vision Quest<\/a>&#8216;<\/b>, la nueva serie de Disney+ que seguir\u00e1 ampliando el <a href=\"https:\/\/www.ecartelera.com\/sagas\/universo-marvel\/\" rel=\"nofollow noopener\" target=\"_blank\">Universo Cinematogr\u00e1fico Marvel<\/a> con ocho episodios m\u00e1s. Visi\u00f3n Blanco, en manos de <a href=\"https:\/\/www.ecartelera.com\/personas\/paul-bettany\/\" rel=\"nofollow noopener\" target=\"_blank\">Paul Bettany<\/a>, protagoniza la ficci\u00f3n, pero tambi\u00e9n <b>seguiremos muy de cerca a los hijos de Wanda<\/b>. <\/p>\n<p>Tr\u00e1iler Mid-Season &#8216;Agatha, \u00bfqui\u00e9n si no?&#8217;<\/p>\n<p><video id=\"vid-34406\" class=\"video-js vjs-default-skin\" data-title=\"Tr\u00e1iler Mid-Season 'Agatha, \u00bfqui\u00e9n si no?'\" poster=\"https:\/\/www.ecartelera.com\/images\/videos\/34400\/f34406.jpg\" controls=\"\" preload=\"auto\" width=\"640\" height=\"360\" playsinline=\"\" data-vtt=\"\/\/v1.ecartelera.com\/video\/34400\/34406_sprite.vtt\" data-stream=\"1\">El navegador no soporta el tag de v\u00eddeo.<\/video><\/p>\n<p>X<\/p>\n<p><b>Ya se dio la primera aparici\u00f3n de Billy Maximoff<\/b> (<a href=\"https:\/\/www.ecartelera.com\/personas\/joe-locke\/\" rel=\"nofollow noopener\" target=\"_blank\">Joe Locke<\/a>) en &#8216;Agatha, \u00bfqui\u00e9n si no?&#8217; y era de esperar que su gemelo se sumara al reparto de la siguiente parte, sobre todo teniendo en cuenta el final de la segunda entrega, con Wiccan yendo en su b\u00fasqueda.   <\/p>\n<p>Recientemente ha sido confirmado por Marvel Studios que <a href=\"https:\/\/www.ecartelera.com\/personas\/ruaridh-mollica\/\" rel=\"nofollow noopener\" target=\"_blank\">Ruaridh Mollica<\/a>, quien ya hab\u00eda sido anunciado como parte del reparto de &#8216;Vision Quest&#8217;, <b>ser\u00e1 quien interprete al hermano Maximoff que faltaba por ver: Tommy<\/b>, tambi\u00e9n conocido como Speed. Ya corr\u00edan rumores entre los fans de la saga y el tiempo les ha dado la raz\u00f3n. <\/p>\n<p>\t\t\t\t\t\t\t<img decoding=\"async\" loading=\"lazy\" src=\"https:\/\/www.europesays.com\/es\/wp-content\/uploads\/2025\/08\/242508_primera-foto-de-los-mellizos-maximoff-el-encuent.jpg\" alt=\"La foto de Locke y Mollica que desat\u00f3 el rumor de que ser\u00edan hermanos en 'Vision Quest'\" width=\"1200\" height=\"1799\"\/>\t<\/p>\n<p>\t\t\t\t\t\tLa foto de Locke y Mollica que desat\u00f3 el rumor de que ser\u00edan hermanos en &#8216;Vision Quest&#8217; (Instagram)<\/p>\n<p>Ahora que esta noticia ha dejado de ser un secreto, Locke ha divertido a los usuarios de las redes con un v\u00eddeo que ha publicado en TikTok, en el que tambi\u00e9n sale Mollica. Antes de anunciar la colaboraci\u00f3n de los actores en el UCM, ambos hab\u00edan comenzado a interpretar a una pareja en la obra de teatro londinense &#8216;Clarkston&#8217;. <b>Locke bromea con el hecho de que Mollica y \u00e9l vayan a estar haciendo de novios y de hermanos simult\u00e1neamente en dos proyectos diferentes<\/b>. <\/p>\n<blockquote class=\"tiktok-embed\" cite=\"https:\/\/www.tiktok.com\/@joelocke03\/video\/7561183249909976342\" data-video-id=\"7561183249909976342\" style=\"max-width: 605px;min-width: 325px;\"><p>  <a target=\"_blank\" title=\"@joelocke03\" href=\"https:\/\/www.tiktok.com\/@joelocke03?refer=embed\" rel=\"nofollow noopener\">@joelocke03<\/a> Anyway come watch us in clarkston  @ruaridhmollica @Clarkston <a target=\"_blank\" title=\"\u266c Cartoon Eye Blinking Sound - Anna\" href=\"https:\/\/www.tiktok.com\/music\/Cartoon-Eye-Blinking-Sound-6840095032712661766?refer=embed\" rel=\"nofollow noopener\">\u266c Cartoon Eye Blinking Sound &#8211; Anna<\/a>  <\/p><\/blockquote>\n<p>Lo m\u00e1s curioso es que <b>esto ya hab\u00eda ocurrido antes en el UCM<\/b>. <a href=\"https:\/\/www.ecartelera.com\/personas\/elizabeth-olsen\/\" rel=\"nofollow noopener\" target=\"_blank\">Elizabeth Olsen<\/a>, que encarna a Wanda Maximoff, la madre de los gemelos en &#8216;Bruja Escarlata y Visi\u00f3n&#8217;, y <a href=\"https:\/\/www.ecartelera.com\/personas\/aaron-johnson\/\" rel=\"nofollow noopener\" target=\"_blank\">Aaron Taylor-Johnson<\/a>, Pietro Maximoff, tambi\u00e9n interpretaron a un matrimonio en &#8216;<a href=\"https:\/\/www.ecartelera.com\/peliculas\/godzilla\/\" rel=\"nofollow noopener\" target=\"_blank\">Godzilla<\/a>&#8216; poco antes de que empezase la saga de Marvel. Fueron pareja y hermanos gemelos en la ficci\u00f3n, una cosa casi seguida de la otra. <b>El paralelismo no deja de ser obvio: Olsen y Taylor-Johnson pasan el testigo a Locke y Mollica<\/b>, unos gemelos siguiendo el ejemplo de sus antecesores. <\/p>\n<p>\u00bfQu\u00e9 podemos esperar de &#8216;Vision Quest&#8217;?<\/p>\n<p>La serie se estrenar\u00e1 a finales de 2026 y descubrir\u00e1 el hilo que falta por atar: <b>\u00bfqu\u00e9 ocurre con Visi\u00f3n Blanco?<\/b> Despu\u00e9s de que adquiriese los recuerdos del Vision original, el personaje interpretado por Paul Bettany deber\u00e1 reconectar con quien es. Desvelada la trama a\u00fan quedan muchas preguntas: \u00bfse reencontrar\u00e1n los hermanos? <b>\u00bfVolver\u00e1 la Bruja Escarlata al UCM?<\/b> \u00bfCon qu\u00e9 nos sorprender\u00e1 su director, Terry Matalas?<\/p>\n<p>\t\t\t\t\t\t\t<img decoding=\"async\" loading=\"lazy\" src=\"https:\/\/www.europesays.com\/es\/wp-content\/uploads\/2025\/10\/245265_vision-quest-tendra-a-ultron-y-jarvis-en-forma-h.jpg\" alt=\"Vision Blanco vuelve para protagonizar 'Vision Quest'\" width=\"1200\" height=\"675\"\/>\t<\/p>\n<p>\t\t\t\t\t\tVision Blanco vuelve para protagonizar &#8216;Vision Quest&#8217; (Marvel Studios)<\/p>\n<p>Ha sido en la ComicCon de Nueva York donde se ha dado a conocer esta tanda informativa. La minisaga, que inici\u00f3 su recorrido en 2021, <b>es una de las m\u00e1s aclamadas de la \u00faltima era de Marvel<\/b> y tiene muchos seguidores deseosos de ver cu\u00e1l es el destino de los personajes de la ficci\u00f3n.<\/p>\n<p><script async src=\"\/\/www.tiktok.com\/embed.js\"><\/script><\/p>\n","protected":false},"excerpt":{"rendered":"Despu\u00e9s de &#8216;Bruja Escarlata y Visi\u00f3n&#8216; y &#8216;Agatha, \u00bfqui\u00e9n si no?&#8216;, la trilog\u00eda se completa con &#8216;Vision Quest&#8216;,&hellip;\n","protected":false},"author":2,"featured_media":179558,"comment_status":"","ping_status":"","sticky":false,"template":"","format":"standard","meta":{"footnotes":""},"categories":[169],"tags":[1014,1015,1013,177,1011,146,147,25,24,782,176,1019,1016,175,753,1012,23,1017,1018],"class_list":{"0":"post-179557","1":"post","2":"type-post","3":"status-publish","4":"format-standard","5":"has-post-thumbnail","7":"category-cine","8":"tag-actores","9":"tag-actrices","10":"tag-cartelera","11":"tag-cine","12":"tag-ecartelera","13":"tag-entertainment","14":"tag-entretenimiento","15":"tag-es","16":"tag-espana","17":"tag-estrellas","18":"tag-film","19":"tag-fotogramas","20":"tag-fotos","21":"tag-movies","22":"tag-peliculas","23":"tag-pelis","24":"tag-spain","25":"tag-trailers","26":"tag-videos"},"share_on_mastodon":{"url":"","error":""},"_links":{"self":[{"href":"https:\/\/www.europesays.com\/es\/wp-json\/wp\/v2\/posts\/179557","targetHints":{"allow":["GET"]}}],"collection":[{"href":"https:\/\/www.europesays.com\/es\/wp-json\/wp\/v2\/posts"}],"about":[{"href":"https:\/\/www.europesays.com\/es\/wp-json\/wp\/v2\/types\/post"}],"author":[{"embeddable":true,"href":"https:\/\/www.europesays.com\/es\/wp-json\/wp\/v2\/users\/2"}],"replies":[{"embeddable":true,"href":"https:\/\/www.europesays.com\/es\/wp-json\/wp\/v2\/comments?post=179557"}],"version-history":[{"count":0,"href":"https:\/\/www.europesays.com\/es\/wp-json\/wp\/v2\/posts\/179557\/revisions"}],"wp:featuredmedia":[{"embeddable":true,"href":"https:\/\/www.europesays.com\/es\/wp-json\/wp\/v2\/media\/179558"}],"wp:attachment":[{"href":"https:\/\/www.europesays.com\/es\/wp-json\/wp\/v2\/media?parent=179557"}],"wp:term":[{"taxonomy":"category","embeddable":true,"href":"https:\/\/www.europesays.com\/es\/wp-json\/wp\/v2\/categories?post=179557"},{"taxonomy":"post_tag","embeddable":true,"href":"https:\/\/www.europesays.com\/es\/wp-json\/wp\/v2\/tags?post=179557"}],"curies":[{"name":"wp","href":"https:\/\/api.w.org\/{rel}","templated":true}]}}