{"id":179559,"date":"2025-10-16T00:39:08","date_gmt":"2025-10-16T00:39:08","guid":{"rendered":"https:\/\/www.europesays.com\/es\/179559\/"},"modified":"2025-10-16T00:39:08","modified_gmt":"2025-10-16T00:39:08","slug":"marruecos-vs-francia-goles-resultado-y-resumen-del-partido-de-semifinales-del-mundial-sub-20-tudn-mundial-sub-20","status":"publish","type":"post","link":"https:\/\/www.europesays.com\/es\/179559\/","title":{"rendered":"Marruecos vs. Francia: goles, resultado y resumen del partido de Semifinales del Mundial Sub-20 | TUDN Mundial Sub-20"},"content":{"rendered":"<p><b>Marruecos vs. Francia ofrecieron futbol gratis en las Semifinales del Mundial Sub-20 Chile 2025<\/b> tras irse a los tiempos extra luego de empatar 1-1 en tiempo regular y llevar el encuentro hasta la muerte s\u00fabita en el Estadio El\u00edas Figueroa Brander de Valpara\u00edso.<\/p>\n<p>Yassir Zabiri ten\u00eda la oportunidad de hacerse presente con un gol en la Copa del Mundo de la FIFA Sub-20, pero <b>fall\u00f3 el penal al minuto 32 tras estrellar el disparo al poste, aunque para su suerte el bal\u00f3n peg\u00f3 en el portero franc\u00e9s <\/b>Lisandru Olmeta para el 1-0 con autogol.<\/p>\n<p>Fue hasta el segundo tiempo que la Selecci\u00f3n de Francia reaccion\u00f3 y emparej\u00f3 el marcador Lucas Michal al minuto 59 a pase de Dabo, quien ten\u00eda poco m\u00e1s de 10 minutos en la cancha tras ingresar de cambio.<\/p>\n<p>Tras ello, <b>Marruecos avanz\u00f3 por primera vez en su historia a una Final del Mundial Sub-20 <\/b>para superar el mejor papel que hab\u00eda hecho en este torneo cuando se qued\u00f3 en Semifinales en 2005 y perder el juego por el Tercer Lugar ante Brasil.<\/p>\n<p>Asimismo, fue una \u2018revancha deportiva\u2019 luego de que elimin\u00f3 a Francia, pa\u00eds que ech\u00f3 al combinado marroqu\u00edn mayor en el Mundial Qatar 2022 cuando la sorpresiva Marruecos se convirti\u00f3 en un aut\u00e9ntico \u2018caballo negro\u2019 y lleg\u00f3 hasta Semifinales, pero qued\u00f3 cuarta tras caer en el juego por el Tercer Lugar ante Croacia.<\/p>\n<p>Francia, por su parte, no alcanz\u00f3 su segunda Final en un Mundial Sub-20, lo hizo en Turqu\u00eda 2013 cuando sali\u00f3 campe\u00f3n luego de vencer en penales a Uruguay; ahora buscar\u00e1 ganar el juego por el Tercer Lugar el pr\u00f3ximo domingo, partido que disput\u00f3 en Colombia 2011 cuando cay\u00f3 ante M\u00e9xico.<\/p>\n<p><b>As\u00ed fue la serie de penales, en la que Marruecos comenz\u00f3 a cobrar: <\/b> <br \/>Younes El Bahraoui, ANOT\u00d3 <br \/>Lucas Michal, ANOT\u00d3<\/p>\n<p>Ilias Boumassaoudi, ANOT\u00d3 <br \/>Gady Beyuku, AL POSTE<\/p>\n<p>Yassir Zabiri, ANOT\u00d3 <br \/>Elyaz Zidane, ANOT\u00d3<\/p>\n<p>Mohammed Hamony, ATAJ\u00d3 Lisandru Olmeta <br \/>Gabin Bernardeau, ANOT\u00d3<\/p>\n<p>Saad El Haddad, ANOT\u00d3 <br \/>Moustapha Dabo, ANOT\u00d3<\/p>\n<p><b>As\u00ed fue la muerte s\u00fabita entre Francia y Marruecos en el Mundial Sub-20: <\/b> <br \/>Naim Byar, ANOT\u00d3 <br \/>Djylian N&#8217;Guessan, ATAJ\u00d3 Hakim Mesbahi <\/p>\n","protected":false},"excerpt":{"rendered":"Marruecos vs. Francia ofrecieron futbol gratis en las Semifinales del Mundial Sub-20 Chile 2025 tras irse a los&hellip;\n","protected":false},"author":2,"featured_media":179560,"comment_status":"","ping_status":"","sticky":false,"template":"","format":"standard","meta":{"footnotes":""},"categories":[93],"tags":[168,25,24,51107,317,4485,51108,40498,51109,51110,23,167],"class_list":{"0":"post-179559","1":"post","2":"type-post","3":"status-publish","4":"format-standard","5":"has-post-thumbnail","7":"category-deportes","8":"tag-deportes","9":"tag-es","10":"tag-espana","11":"tag-final-mundial-sub-20","12":"tag-francia","13":"tag-marruecos","14":"tag-marruecos-vs-francia","15":"tag-mundial-sub-20","16":"tag-mundial-sub-20-chile-2025","17":"tag-semifinales-mundial-sub-20","18":"tag-spain","19":"tag-sports"},"share_on_mastodon":{"url":"","error":""},"_links":{"self":[{"href":"https:\/\/www.europesays.com\/es\/wp-json\/wp\/v2\/posts\/179559","targetHints":{"allow":["GET"]}}],"collection":[{"href":"https:\/\/www.europesays.com\/es\/wp-json\/wp\/v2\/posts"}],"about":[{"href":"https:\/\/www.europesays.com\/es\/wp-json\/wp\/v2\/types\/post"}],"author":[{"embeddable":true,"href":"https:\/\/www.europesays.com\/es\/wp-json\/wp\/v2\/users\/2"}],"replies":[{"embeddable":true,"href":"https:\/\/www.europesays.com\/es\/wp-json\/wp\/v2\/comments?post=179559"}],"version-history":[{"count":0,"href":"https:\/\/www.europesays.com\/es\/wp-json\/wp\/v2\/posts\/179559\/revisions"}],"wp:featuredmedia":[{"embeddable":true,"href":"https:\/\/www.europesays.com\/es\/wp-json\/wp\/v2\/media\/179560"}],"wp:attachment":[{"href":"https:\/\/www.europesays.com\/es\/wp-json\/wp\/v2\/media?parent=179559"}],"wp:term":[{"taxonomy":"category","embeddable":true,"href":"https:\/\/www.europesays.com\/es\/wp-json\/wp\/v2\/categories?post=179559"},{"taxonomy":"post_tag","embeddable":true,"href":"https:\/\/www.europesays.com\/es\/wp-json\/wp\/v2\/tags?post=179559"}],"curies":[{"name":"wp","href":"https:\/\/api.w.org\/{rel}","templated":true}]}}