{"id":179565,"date":"2025-10-16T00:44:09","date_gmt":"2025-10-16T00:44:09","guid":{"rendered":"https:\/\/www.europesays.com\/es\/179565\/"},"modified":"2025-10-16T00:44:09","modified_gmt":"2025-10-16T00:44:09","slug":"trump-considera-ataques-en-venezuela-y-maduro-rechaza-golpes-de-la-cia","status":"publish","type":"post","link":"https:\/\/www.europesays.com\/es\/179565\/","title":{"rendered":"Trump considera ataques en Venezuela y Maduro rechaza \u00abgolpes\u00bb de la CIA"},"content":{"rendered":"<p>    <img src=\"https:\/\/www.europesays.com\/es\/wp-content\/uploads\/2025\/10\/2025-10-15T143A023A01Z-90172314.jpg\" width=\"1024\" height=\"562\" alt=\"\" loading=\"eager\" decoding=\"sync\" fetchpriority=\"high\"\/><\/p>\n<p>            afp_tickers        <\/p>\n<p>        Este contenido fue publicado en    <\/p>\n<p>        16 octubre 2025 &#8211; 01:40\n<\/p>\n<p>El presidente de Estados Unidos, Donald Trump, dijo el mi\u00e9rcoles que considera realizar ataques terrestres contra c\u00e1rteles de Venezuela, mientras su par Nicol\u00e1s Maduro llam\u00f3 a rechazar los \u00abgolpes de Estado\u00bb de la CIA. \u00a0<\/p>\n<p>Desde agosto, Washington despleg\u00f3 buques y aviones de guerra en el Caribe, frente a las aguas de Venezuela, destinados a la lucha antinarc\u00f3ticos.<\/p>\n<p>Hasta ahora ha habido al menos cinco ataques contra peque\u00f1as embarcaciones de presuntos \u00abnarcoterroristas\u00bb con saldo de 27 muertos.\u00a0<\/p>\n<p>\u00abCiertamente estamos pensando ahora en la tierra, porque ya tenemos bien bajo control el mar\u00bb, declar\u00f3 Trump en el Despacho Oval ante una pregunta de la prensa sobre la posibilidad de realizar ataques terrestres.<\/p>\n<p>\u2013 \u00abRid\u00edculo preguntar\u00bb \u2013<\/p>\n<p>Maduro niega los se\u00f1alamientos sobre sus presuntos nexos con el narcotr\u00e1fico y afirma que son una excusa para justificar una incursi\u00f3n en Venezuela, que enfrenta la \u00abamenaza militar m\u00e1s letal y extravagante de la historia\u00bb.<\/p>\n<p>Trump evit\u00f3 este mi\u00e9rcoles confirmar un reporte del New York Times seg\u00fan el cual el mandatario habr\u00eda autorizado secretamente a la CIA a cumplir misiones encubiertas en Venezuela en contra del gobierno de Maduro.<\/p>\n<p>Interrogado sobre si autoriz\u00f3 a la CIA a \u00abremover\u00bb a Maduro, Trump dijo: \u00abEs rid\u00edculo hacerme esa pregunta. No es en verdad una pregunta rid\u00edcula, pero \u00bfno ser\u00eda rid\u00edculo que yo la responda?\u00bb.<\/p>\n<p>Poco despu\u00e9s Maduro llam\u00f3 a rechazar un eventual \u00abgolpe de Estado de la CIA\u00bb.<\/p>\n<p>\u00abNo a la guerra en el Caribe, no a la guerra en Sudam\u00e9rica, s\u00ed a la paz. No al cambio de r\u00e9gimen que nos recuerda tanto a las fallidas guerras eternas de Afganist\u00e1n, Ir\u00e1n, Irak, Libia (\u2026) No a los golpes de Estado dados por la CIA\u00bb, dijo Maduro sin mencionar expl\u00edcitamente la informaci\u00f3n del New York Times.<\/p>\n<p>\u00ab\u00bfHasta cu\u00e1ndo golpes de Estado de la CIA? Am\u00e9rica Latina no los quiere, no los necesita y los repudia\u00bb, a\u00f1adi\u00f3 en un acto transmitido de forma obligatoria por radio y televisi\u00f3n.<\/p>\n<p>\u2013 Ejercicios militares \u2013<\/p>\n<p>El despliegue militar estadounidense comenz\u00f3 pocos d\u00edas despu\u00e9s que la justicia estadounidense aumentara a 50 millones de d\u00f3lares la recompensa por informaci\u00f3n que conduzca a la captura de Maduro.<\/p>\n<p>En reacci\u00f3n el mandatario venezolano orden\u00f3 ejercicios militares en la zona de frontera con Colombia y tambi\u00e9n en Catia y Petare, las dos barriadas populares m\u00e1s grandes de Venezuela ubicadas en Caracas.<\/p>\n<p>\u00abHoy amaneci\u00f3 con una lluvia fuerte, tormenta el\u00e9ctrica en toda esta regi\u00f3n de Caracas y Miranda y nada detuvo el ejercicio, all\u00ed salieron con m\u00e1xima moral nuestros militares a defender la patria, nuestro pueblo\u00bb, dijo Maduro.<\/p>\n<p>La televisi\u00f3n estatal mostr\u00f3 im\u00e1genes de la movilizaci\u00f3n de veh\u00edculos blindados desde la madrugada en Petare.\u00a0<\/p>\n<p>Adem\u00e1s, el martes se realizaron\u00a0ejercicios \u00aben toda la fachada caribe\u00f1a atl\u00e1ntica de Venezuela\u00bb y se prev\u00e9 otras actividades militares en los estados T\u00e1chira, Apure y Amazonas, en la porosa frontera con Colombia.<\/p>\n<p>Maduro dijo que la movilizaci\u00f3n busca \u00abdefender monta\u00f1as, costas, escuelas, hospitales, f\u00e1bricas, mercados\u00bb y comunidades \u00abpara seguir ganando la paz\u00bb.<\/p>\n<p>\u00abHay que incrementar todas las tareas en los d\u00edas que est\u00e1n transcurriendo y por venir, todas las tareas de preparaci\u00f3n integral para la defensa, cada vez mayor despliegue y m\u00e1xima preparaci\u00f3n\u00bb, instruy\u00f3 Maduro rodeado por miembros del alto mando militar.\u00a0<\/p>\n<p>El ministro del Interior, Diosdado Cabello, se\u00f1al\u00f3 m\u00e1s temprano desde uno de los puntos de concentraci\u00f3n en Caracas que los ataques de Estados Unidos \u00absolo tienen como objetivo robarle a Venezuela sus inmensos recursos naturales\u00bb.\u00a0<\/p>\n<p>Los ejercicios de movilizaci\u00f3n son parte de una \u00abofensiva permanente\u00bb frente al \u00abasedio\u00bb y la \u00abagresi\u00f3n\u00bb de Estados Unidos, sostuvo Cabello.<\/p>\n<p>mbj-ba\/mr\/pgf\/nn<\/p>\n","protected":false},"excerpt":{"rendered":"afp_tickers Este contenido fue publicado en 16 octubre 2025 &#8211; 01:40 El presidente de Estados Unidos, Donald Trump,&hellip;\n","protected":false},"author":2,"featured_media":179566,"comment_status":"","ping_status":"","sticky":false,"template":"","format":"standard","meta":{"footnotes":""},"categories":[42],"tags":[17,18,636,83,13,14,11,61,62,63,86,64,19,20,9,10,15,16,88,90,12,21,22,65,66,67],"class_list":{"0":"post-179565","1":"post","2":"type-post","3":"status-publish","4":"format-standard","5":"has-post-thumbnail","7":"category-internacional","8":"tag-breaking-news","9":"tag-breakingnews","10":"tag-conflict","11":"tag-diplomacy","12":"tag-featured-news","13":"tag-featurednews","14":"tag-headlines","15":"tag-internacional","16":"tag-international","17":"tag-international-news","18":"tag-international-relations","19":"tag-internationalnews","20":"tag-latest-news","21":"tag-latestnews","22":"tag-news","23":"tag-noticias","24":"tag-noticias-destacadas","25":"tag-noticiasdestacadas","26":"tag-politics","27":"tag-ticker","28":"tag-titulares","29":"tag-ultimas-noticias","30":"tag-ultimasnoticias","31":"tag-world","32":"tag-world-news","33":"tag-worldnews"},"share_on_mastodon":{"url":"","error":""},"_links":{"self":[{"href":"https:\/\/www.europesays.com\/es\/wp-json\/wp\/v2\/posts\/179565","targetHints":{"allow":["GET"]}}],"collection":[{"href":"https:\/\/www.europesays.com\/es\/wp-json\/wp\/v2\/posts"}],"about":[{"href":"https:\/\/www.europesays.com\/es\/wp-json\/wp\/v2\/types\/post"}],"author":[{"embeddable":true,"href":"https:\/\/www.europesays.com\/es\/wp-json\/wp\/v2\/users\/2"}],"replies":[{"embeddable":true,"href":"https:\/\/www.europesays.com\/es\/wp-json\/wp\/v2\/comments?post=179565"}],"version-history":[{"count":0,"href":"https:\/\/www.europesays.com\/es\/wp-json\/wp\/v2\/posts\/179565\/revisions"}],"wp:featuredmedia":[{"embeddable":true,"href":"https:\/\/www.europesays.com\/es\/wp-json\/wp\/v2\/media\/179566"}],"wp:attachment":[{"href":"https:\/\/www.europesays.com\/es\/wp-json\/wp\/v2\/media?parent=179565"}],"wp:term":[{"taxonomy":"category","embeddable":true,"href":"https:\/\/www.europesays.com\/es\/wp-json\/wp\/v2\/categories?post=179565"},{"taxonomy":"post_tag","embeddable":true,"href":"https:\/\/www.europesays.com\/es\/wp-json\/wp\/v2\/tags?post=179565"}],"curies":[{"name":"wp","href":"https:\/\/api.w.org\/{rel}","templated":true}]}}