{"id":179573,"date":"2025-10-16T00:53:07","date_gmt":"2025-10-16T00:53:07","guid":{"rendered":"https:\/\/www.europesays.com\/es\/179573\/"},"modified":"2025-10-16T00:53:07","modified_gmt":"2025-10-16T00:53:07","slug":"sainz-este-ano-con-el-formato-sprint-va-a-ser-gp-de-f1-emocionante","status":"publish","type":"post","link":"https:\/\/www.europesays.com\/es\/179573\/","title":{"rendered":"Sainz: Este a\u00f1o, con el formato sprint va a ser GP de F1 emocionante"},"content":{"rendered":"<p>El espa\u00f1ol <strong>Carlos Sainz<\/strong> (Williams), duod\u00e9cimo en el Mundial de F\u00f3rmula Uno, que viene de firmar la <strong>remontada<\/strong> en el pasado <strong>Gran Premio de Singapur<\/strong> -donde arranc\u00f3 desde el fondo de la parrilla y acab\u00f3 d\u00e9cimo- manifest\u00f3, con miras al de Estados Unidos, que se disputa este fin de semana en <strong>Austin<\/strong> (Texas), que \u00abeste a\u00f1o, con el <strong>formato sprint<\/strong>, va a ser realmente emocionante y lleno de acci\u00f3n en pista\u00bb.<\/p>\n<p>Le gusta Austin<\/p>\n<p>\u00abSiempre es genial regresar a <strong>Austin<\/strong>; y con el <strong>formato sprint<\/strong>, este a\u00f1o va a ser un fin de semana realmente emocionante y lleno de acci\u00f3n en pista\u00bb, declar\u00f3 el talentoso piloto madrile\u00f1o, con cuatro victorias en la <strong>F1<\/strong> y 28 podios en la categor\u00eda reina; el \u00faltimo de ellos hace cuatro domingos en Baku, la capital de Azerbaiy\u00e1n, donde acab\u00f3 tercero.<\/p>\n<p>\u00abHemos tenido un par de semanas fuertes y estamos en una <strong>buena racha<\/strong> como equipo, as\u00ed que tengo ganas de salir ah\u00ed y ojal\u00e1 que pueda sumar m\u00e1s puntos con los que confirmar la <strong>quinta plaza<\/strong> en el Mundial de constructores \u00ab, dijo Sainz.<\/p>\n<p>\u00abAl ser un equipo con propiedad estadounidense, volver a <strong>correr en casa<\/strong> aporta mucha energ\u00eda al fin de semana; en el que estaremos muy ocupados, pero que ser\u00e1 uno de los mejores fines de semana del a\u00f1o\u00bb, apunt\u00f3 Carlos con miras al <strong>Gran Premio de Estados Unidos<\/strong>. EFE\u00a0<\/p>\n<p>arh<\/p>\n<p class=\"w-auto\" style=\"font-size: 21px;\">Fehaciente, fidedigno y f\u00e1cil. Agencia de\u00a0noticias\u00a0multimedia en espa\u00f1ol.\u00a0<\/p>\n","protected":false},"excerpt":{"rendered":"El espa\u00f1ol Carlos Sainz (Williams), duod\u00e9cimo en el Mundial de F\u00f3rmula Uno, que viene de firmar la remontada&hellip;\n","protected":false},"author":2,"featured_media":179574,"comment_status":"","ping_status":"","sticky":false,"template":"","format":"standard","meta":{"footnotes":""},"categories":[270],"tags":[168,25,24,306,271,272,23,167],"class_list":{"0":"post-179573","1":"post","2":"type-post","3":"status-publish","4":"format-standard","5":"has-post-thumbnail","7":"category-formula-1","8":"tag-deportes","9":"tag-es","10":"tag-espana","11":"tag-f1","12":"tag-formula-1","13":"tag-formula1","14":"tag-spain","15":"tag-sports"},"share_on_mastodon":{"url":"","error":""},"_links":{"self":[{"href":"https:\/\/www.europesays.com\/es\/wp-json\/wp\/v2\/posts\/179573","targetHints":{"allow":["GET"]}}],"collection":[{"href":"https:\/\/www.europesays.com\/es\/wp-json\/wp\/v2\/posts"}],"about":[{"href":"https:\/\/www.europesays.com\/es\/wp-json\/wp\/v2\/types\/post"}],"author":[{"embeddable":true,"href":"https:\/\/www.europesays.com\/es\/wp-json\/wp\/v2\/users\/2"}],"replies":[{"embeddable":true,"href":"https:\/\/www.europesays.com\/es\/wp-json\/wp\/v2\/comments?post=179573"}],"version-history":[{"count":0,"href":"https:\/\/www.europesays.com\/es\/wp-json\/wp\/v2\/posts\/179573\/revisions"}],"wp:featuredmedia":[{"embeddable":true,"href":"https:\/\/www.europesays.com\/es\/wp-json\/wp\/v2\/media\/179574"}],"wp:attachment":[{"href":"https:\/\/www.europesays.com\/es\/wp-json\/wp\/v2\/media?parent=179573"}],"wp:term":[{"taxonomy":"category","embeddable":true,"href":"https:\/\/www.europesays.com\/es\/wp-json\/wp\/v2\/categories?post=179573"},{"taxonomy":"post_tag","embeddable":true,"href":"https:\/\/www.europesays.com\/es\/wp-json\/wp\/v2\/tags?post=179573"}],"curies":[{"name":"wp","href":"https:\/\/api.w.org\/{rel}","templated":true}]}}