{"id":17958,"date":"2025-08-01T06:54:07","date_gmt":"2025-08-01T06:54:07","guid":{"rendered":"https:\/\/www.europesays.com\/es\/17958\/"},"modified":"2025-08-01T06:54:07","modified_gmt":"2025-08-01T06:54:07","slug":"conor-mcgregor-pierde-apelacion-por-caso-de-agresion-sexual-en-irlanda","status":"publish","type":"post","link":"https:\/\/www.europesays.com\/es\/17958\/","title":{"rendered":"Conor McGregor pierde apelaci\u00f3n por caso de agresi\u00f3n sexual en Irlanda"},"content":{"rendered":"<p>El <strong>Tribunal de Apelaci\u00f3n de Irlanda<\/strong> ha rechazado este mi\u00e9rcoles el recurso presentado por <a href=\"https:\/\/www.record.com.mx\/extremo\/conor-mcgregor-golpea-un-hombre-en-una-discoteca-de-ibiza-nuevo-escandalo-del-luchador\" rel=\"nofollow noopener\" target=\"_blank\"><strong>Conor McGregor<\/strong><\/a> contra la sentencia civil que lo declar\u00f3 <strong>responsable de una agresi\u00f3n sexual <\/strong>cometida en<strong> diciembre de 2018<\/strong>. La resoluci\u00f3n confirma el fallo que responsabiliza al <a href=\"https:\/\/www.record.com.mx\/empelotados\/conor-mcgregor-visita-donald-trump-en-el-dia-de-san-patricio-pese-demandas-por-abuso\" rel=\"nofollow noopener\" target=\"_blank\"><strong>excampe\u00f3n de la UFC<\/strong><\/a> por haber agredido a <strong>Nikita Hand<\/strong> en un hotel de la capital irlandesa.<\/p>\n<p>La corte desestim\u00f3 los <strong>cinco argumentos presentados por el equipo legal de McGregor,<\/strong> que inclu\u00edan la supuesta falta de claridad en las instrucciones al jurado y el uso, por parte de la acusaci\u00f3n, de las respuestas \u201csin comentarios\u201d que el luchador ofreci\u00f3 durante los interrogatorios con la polic\u00eda. <img loading=\"lazy\" decoding=\"async\" src=\"https:\/\/www.europesays.com\/es\/wp-content\/uploads\/2025\/08\/Gu9is6lW4AA2tuo.jpg\" data-entity-uuid=\"3149d031-2110-4573-b932-c15433ea40f2\" data-entity-type=\"file\" width=\"900\" height=\"1200\" data-caption=\"Fue declarado culpable | X\"\/><\/p>\n<p>Fue declarado culpable | X<\/p>\n<p>Adem\u00e1s, la defensa intent\u00f3 introducir una nueva prueba que, seg\u00fan afirmaban, podr\u00eda haber cambiado el veredicto. Sin embargo, los magistrados concluyeron que<strong> dicha prueba carec\u00eda de fuerza concluyente<\/strong> y no justificaba modificar la decisi\u00f3n del jurado original.<\/p>\n<p><strong>La reacci\u00f3n de la v\u00edctima<\/strong><\/p>\n<p>Nikita Hand, quien <strong>asisti\u00f3 personalmente a la audiencia<\/strong>, declar\u00f3 sentirse \u201cmuy traumatizada\u201d por todo el proceso judicial, pero expres\u00f3 alivio tras la decisi\u00f3n, \u201c<strong>Hoy puedo empezar a sanar y seguir adelante con mi vida<\/strong>\u201d, afirm\u00f3 ante los medios.<\/p>\n<p><img loading=\"lazy\" decoding=\"async\" src=\"https:\/\/www.europesays.com\/es\/wp-content\/uploads\/2025\/08\/Gv5TMMtXQAEo71K.jpg\" data-entity-uuid=\"c3c404f0-bacd-44fd-ad96-3ff0f1efcdc9\" data-entity-type=\"file\" width=\"900\" height=\"1200\" data-caption=\"No acudi\u00f3 a la audiencia | X\"\/><\/p>\n<p>No acudi\u00f3 a la audiencia | X<\/p>\n<p>Conor McGregor, que <strong>no acudi\u00f3 a la audiencia de apelaci\u00f3n,<\/strong> ha negado reiteradamente las acusaciones. En declaraciones previas, sostuvo que el encuentro fue \u201ccompletamente consensuado\u201d y lament\u00f3 que sus decisiones personales lo hayan llevado a enfrentar este proceso legal.<\/p>\n<p>Como consecuencia del fallo confirmado, el expeleador de artes marciales mixtas <strong>deber\u00e1 pagar una indemnizaci\u00f3n cercana a los 250 mil euros a la v\u00edctima.<\/strong><\/p>\n<p><img loading=\"lazy\" decoding=\"async\" src=\"https:\/\/www.europesays.com\/es\/wp-content\/uploads\/2025\/08\/GsXgXR4WIAA1ipj.jpg\" data-entity-uuid=\"0c1a0380-b718-4eaf-bdaa-bf3274c8a338\" data-entity-type=\"file\" width=\"873\" height=\"1200\" data-caption=\"Deber\u00e1 pagar indemnizaci\u00f3n | X\"\/><\/p>\n<p>Deber\u00e1 pagar indemnizaci\u00f3n | X<\/p>\n<p><a href=\"https:\/\/www.record.com.mx\/extremo\/alejandro-gallito-flores-levanta-la-mano-para-noche-ufc-si-la-puerta-no-se-abre-la-tumbo\" rel=\"nofollow noopener\" target=\"_blank\"><strong>TAMBI\u00c9N TE PUEDE INTERESAR: <\/strong><strong>Alejandro \u201cGallito\u201d Flores levanta la mano para Noche UFC: \u201cSi la puerta no se abre, la tumbo\u201d<\/strong><\/a><\/p>\n","protected":false},"excerpt":{"rendered":"El Tribunal de Apelaci\u00f3n de Irlanda ha rechazado este mi\u00e9rcoles el recurso presentado por Conor McGregor contra la&hellip;\n","protected":false},"author":2,"featured_media":17959,"comment_status":"","ping_status":"","sticky":false,"template":"","format":"standard","meta":{"footnotes":""},"categories":[276],"tags":[4555,2909,168,25,24,8868,23,167,343],"class_list":{"0":"post-17958","1":"post","2":"type-post","3":"status-publish","4":"format-standard","5":"has-post-thumbnail","7":"category-ufc","8":"tag-artes-marciales-mixtas","9":"tag-conor-mcgregor","10":"tag-deportes","11":"tag-es","12":"tag-espana","13":"tag-extremo","14":"tag-spain","15":"tag-sports","16":"tag-ufc"},"share_on_mastodon":{"url":"","error":""},"_links":{"self":[{"href":"https:\/\/www.europesays.com\/es\/wp-json\/wp\/v2\/posts\/17958","targetHints":{"allow":["GET"]}}],"collection":[{"href":"https:\/\/www.europesays.com\/es\/wp-json\/wp\/v2\/posts"}],"about":[{"href":"https:\/\/www.europesays.com\/es\/wp-json\/wp\/v2\/types\/post"}],"author":[{"embeddable":true,"href":"https:\/\/www.europesays.com\/es\/wp-json\/wp\/v2\/users\/2"}],"replies":[{"embeddable":true,"href":"https:\/\/www.europesays.com\/es\/wp-json\/wp\/v2\/comments?post=17958"}],"version-history":[{"count":0,"href":"https:\/\/www.europesays.com\/es\/wp-json\/wp\/v2\/posts\/17958\/revisions"}],"wp:featuredmedia":[{"embeddable":true,"href":"https:\/\/www.europesays.com\/es\/wp-json\/wp\/v2\/media\/17959"}],"wp:attachment":[{"href":"https:\/\/www.europesays.com\/es\/wp-json\/wp\/v2\/media?parent=17958"}],"wp:term":[{"taxonomy":"category","embeddable":true,"href":"https:\/\/www.europesays.com\/es\/wp-json\/wp\/v2\/categories?post=17958"},{"taxonomy":"post_tag","embeddable":true,"href":"https:\/\/www.europesays.com\/es\/wp-json\/wp\/v2\/tags?post=17958"}],"curies":[{"name":"wp","href":"https:\/\/api.w.org\/{rel}","templated":true}]}}