{"id":179581,"date":"2025-10-16T00:57:11","date_gmt":"2025-10-16T00:57:11","guid":{"rendered":"https:\/\/www.europesays.com\/es\/179581\/"},"modified":"2025-10-16T00:57:11","modified_gmt":"2025-10-16T00:57:11","slug":"las-pinturas-rupestres-de-espana-que-son-unicas-en-su-genero","status":"publish","type":"post","link":"https:\/\/www.europesays.com\/es\/179581\/","title":{"rendered":"las pinturas rupestres de Espa\u00f1a que \u00abson \u00fanicas en su g\u00e9nero\u00bb"},"content":{"rendered":"<p>La mitad oriental de Espa\u00f1a est\u00e1 salpicada de <a href=\"https:\/\/www.espanafascinante.com\/articulo\/aire-libre\/mapa-cuevas-mas-bonitas-espana\/20221105162300275370.html\" rel=\"nofollow noopener\" target=\"_blank\">cuevas<\/a> y abrigos en la roca donde solo el viento, cuando sopla, rompe el silencio. All\u00ed se esconden <strong>las huellas m\u00e1s antiguas<\/strong> de quienes habitaron estas tierras hace miles de a\u00f1os.<\/p>\n<p>Cada pared de piedra dej\u00f3 una historia de caza, de ritos y de vida cotidiana, un paisaje donde el visitante actual se adentra en <strong>un lugar natural y humano al mismo tiempo<\/strong>, y encuentra los ecos m\u00e1s lejanos de la memoria colectiva. Estos parajes son una puerta al origen mismo de la creatividad y el pensamiento.<\/p>\n<p>El arte rupestre del arco mediterr\u00e1neo de la pen\u00ednsula ib\u00e9rica, un legado que atraviesa milenios<\/p>\n<p>Un lenguaje ancestral<\/p>\n<p><img decoding=\"async\" width=\"960\" height=\"539\" alt=\"960px-Art_rupestre_Chimiachas\" src=\"https:\/\/www.europesays.com\/es\/wp-content\/uploads\/2025\/10\/2025101312182472646.jpg\" loading=\"lazy\"  \/><br \/>\nCiervo rupestre del\u00a0abrigo de Chimiachas, Huesca. | Hugo Soria, <a href=\"https:\/\/commons.wikimedia.org\/wiki\/File:Art_rupestre_Chimiachas.jpg\" rel=\"nofollow noopener\" target=\"_blank\">Wikimedia<\/a><\/p>\n<p>En 1998, la Unesco reconoci\u00f3 como <a href=\"https:\/\/www.espanafascinante.com\/articulo\/lugares\/lugares-espana-patrimonio-humanidad\/20230920135420275611.html\" rel=\"nofollow noopener\" target=\"_blank\">Patrimonio de la Humanidad<\/a> un amplio conjunto de yacimientos repartidos por la mitad oriental de la pen\u00ednsula. Aunque <strong>la mayor\u00eda de ellos se encuentran cerca del mar<\/strong>, en Catalu\u00f1a y la Comunidad Valenciana, tambi\u00e9n abundan m\u00e1s al interior.<\/p>\n<p>Las miles de figuras conservadas fueron pintadas <strong>hace entre 7000 y 10 000 a\u00f1os<\/strong>, una \u00e9poca en la que las comunidades de cazadores-recolectores empezaban a transformarse en sociedades agr\u00edcolas. La inaudita concentraci\u00f3n de <a href=\"https:\/\/www.espanafascinante.com\/articulo\/lugares\/el-arte-espanol-de-36-000-anos-las-cuevas-con-pinturas-rupestres-mas-fascinantes\/20200616120014273909.html\" rel=\"nofollow noopener\" target=\"_blank\">arte rupestre<\/a>, as\u00ed como su estilo singular, son lo m\u00e1s llamativo del conjunto.<\/p>\n<p>Una mirada sobre el mundo, plasmada sobre la piedra<\/p>\n<p><img decoding=\"async\" width=\"1600\" height=\"899\" alt=\"Conjunto rupestre de La Roca dels Moros. | Shutterstock\" src=\"https:\/\/www.europesays.com\/es\/wp-content\/uploads\/2025\/10\/2025101312183648956.jpg\" loading=\"lazy\"  \/><br \/>\nConjunto rupestre de las cuevas de El Cogul, Lleida. | Shutterstock<\/p>\n<p>El descubrimiento del arte levantino, a comienzos del siglo XX, <strong>supuso una aut\u00e9ntica revelaci\u00f3n para la arqueolog\u00eda europea<\/strong>: por primera vez se reconoc\u00eda un arte postpaleol\u00edtico caracter\u00edstico del arco <a href=\"https:\/\/www.espanafascinante.com\/tags\/mediterraneo\/\" rel=\"nofollow noopener\" target=\"_blank\">mediterr\u00e1neo<\/a>, con escenas din\u00e1micas que mostraban personas en movimiento, animales, cacer\u00edas y danzas rituales.<\/p>\n<p>Estas representaciones fueron trazadas con pigmentos naturales y sorprendentes recursos narrativos, y ofrecen <strong>una ventana directa al pensamiento simb\u00f3lico <\/strong>y a la vida de las primeras sociedades <a href=\"https:\/\/www.espanafascinante.com\/articulo\/lugares\/7-yacimientos-prehistoricos-del-sur-de-espana-una-cuna-particular-de-la-civilizacion\/20210330093022274516.html\" rel=\"nofollow noopener\" target=\"_blank\">prehist\u00f3ricas<\/a> del Levante ib\u00e9rico, una fusi\u00f3n de lo sagrado, lo social y lo art\u00edstico.<\/p>\n<p>Viajando al origen de la imagen<\/p>\n<p><img decoding=\"async\" width=\"1600\" height=\"898\" alt=\"BenQ Digital Camera\" src=\"https:\/\/www.europesays.com\/es\/wp-content\/uploads\/2025\/10\/2025101312181286773.jpg\" loading=\"lazy\"  \/><br \/>\nAbrigo rocoso donde se encuentran las pinturas rupestres del\u00a0Pla de Petracos, Alicante. | Joanbanjo, <a href=\"https:\/\/commons.wikimedia.org\/wiki\/File:Abric_on_es_troben_les_pintures_d%27art_llevant%C3%AD_al_pla_de_Petracos.JPG\" rel=\"nofollow noopener\" target=\"_blank\">Wikimedia<\/a><\/p>\n<p>Hoy, este conjunto de enclaves <strong>se puede recorrer a trav\u00e9s de rutas se\u00f1alizadas<\/strong> que atraviesan paisajes de gran belleza natural. En lugares como la Valltorta (<a href=\"https:\/\/www.espanafascinante.com\/articulo\/lugares\/maravillas-castellon\/20240303220042276188.html\" rel=\"nofollow noopener\" target=\"_blank\">Castell\u00f3n<\/a>), El Cogul (<a href=\"https:\/\/www.espanafascinante.com\/articulo\/lugares\/lleida-pueblos-mas-bonitos\/20220225080024275158.html\" rel=\"nofollow noopener\" target=\"_blank\">Lleida<\/a>), La Sarga (<a href=\"https:\/\/www.espanafascinante.com\/articulo\/lugares\/maravillas-alicante\/20240114220014276133.html\" rel=\"nofollow noopener\" target=\"_blank\">Alicante<\/a>) o los barrancos de Albarrac\u00edn (<a href=\"https:\/\/www.espanafascinante.com\/articulo\/lugares\/maravillas-teruel\/20240421220042276241.html\" rel=\"nofollow noopener\" target=\"_blank\">Teruel<\/a>), cualquiera puede acercarse a los abrigos donde las figuras a\u00fan parecen moverse bajo la luz cambiante del d\u00eda.<\/p>\n<p>La mayor\u00eda de estos espacios <strong>dispone de centros de interpretaci\u00f3n que explican el contexto y la t\u00e9cnica<\/strong> de las pinturas, con visitas guiadas, reproducciones y actividades divulgativas. Las rutas combinan patrimonio <a href=\"https:\/\/www.espanafascinante.com\/tags\/yacimientos-arqueologicos\/\" rel=\"nofollow noopener\" target=\"_blank\">arqueol\u00f3gico<\/a> y naturaleza, invitando a recorrer pinares, gargantas y valles donde la piedra todav\u00eda guarda el eco de un pasado que sigue vivo en el presente.<\/p>\n<p><a target=\"_blank\" href=\"https:\/\/www.whatsapp.com\/channel\/0029VaEaCxq3mFY3N4YzTk01\" rel=\"nofollow noopener\">Sigue nuestro canal de WhatsApp para descubrir lo m\u00e1s fascinante de Espa\u00f1a \ud83d\ude0d\ud83c\udf89<\/a><\/p>\n","protected":false},"excerpt":{"rendered":"La mitad oriental de Espa\u00f1a est\u00e1 salpicada de cuevas y abrigos en la roca donde solo el viento,&hellip;\n","protected":false},"author":2,"featured_media":179582,"comment_status":"","ping_status":"","sticky":false,"template":"","format":"standard","meta":{"footnotes":""},"categories":[173],"tags":[2206,229,233,231,230,3965,232,234,146,147,25,24,4346,23319,17849,32269,28328,23,12731],"class_list":{"0":"post-179581","1":"post","2":"type-post","3":"status-publish","4":"format-standard","5":"has-post-thumbnail","7":"category-arte-y-diseno","8":"tag-alicante","9":"tag-arte","10":"tag-arte-y-diseno","11":"tag-arts","12":"tag-arts-and-design","13":"tag-castellon","14":"tag-design","15":"tag-diseno","16":"tag-entertainment","17":"tag-entretenimiento","18":"tag-es","19":"tag-espana","20":"tag-lleida","21":"tag-mediterraneo","22":"tag-patrimonio-de-la-humanidad","23":"tag-prehistoria","24":"tag-rincones-excepcionales","25":"tag-spain","26":"tag-teruel"},"share_on_mastodon":{"url":"","error":""},"_links":{"self":[{"href":"https:\/\/www.europesays.com\/es\/wp-json\/wp\/v2\/posts\/179581","targetHints":{"allow":["GET"]}}],"collection":[{"href":"https:\/\/www.europesays.com\/es\/wp-json\/wp\/v2\/posts"}],"about":[{"href":"https:\/\/www.europesays.com\/es\/wp-json\/wp\/v2\/types\/post"}],"author":[{"embeddable":true,"href":"https:\/\/www.europesays.com\/es\/wp-json\/wp\/v2\/users\/2"}],"replies":[{"embeddable":true,"href":"https:\/\/www.europesays.com\/es\/wp-json\/wp\/v2\/comments?post=179581"}],"version-history":[{"count":0,"href":"https:\/\/www.europesays.com\/es\/wp-json\/wp\/v2\/posts\/179581\/revisions"}],"wp:featuredmedia":[{"embeddable":true,"href":"https:\/\/www.europesays.com\/es\/wp-json\/wp\/v2\/media\/179582"}],"wp:attachment":[{"href":"https:\/\/www.europesays.com\/es\/wp-json\/wp\/v2\/media?parent=179581"}],"wp:term":[{"taxonomy":"category","embeddable":true,"href":"https:\/\/www.europesays.com\/es\/wp-json\/wp\/v2\/categories?post=179581"},{"taxonomy":"post_tag","embeddable":true,"href":"https:\/\/www.europesays.com\/es\/wp-json\/wp\/v2\/tags?post=179581"}],"curies":[{"name":"wp","href":"https:\/\/api.w.org\/{rel}","templated":true}]}}