{"id":179583,"date":"2025-10-16T00:58:10","date_gmt":"2025-10-16T00:58:10","guid":{"rendered":"https:\/\/www.europesays.com\/es\/179583\/"},"modified":"2025-10-16T00:58:10","modified_gmt":"2025-10-16T00:58:10","slug":"monterrey-quiere-ser-algo-mas-que-una-ciudad-industrial-el-norte-existe-y-tambien-lee","status":"publish","type":"post","link":"https:\/\/www.europesays.com\/es\/179583\/","title":{"rendered":"Monterrey quiere ser algo m\u00e1s que una ciudad industrial: \u201cEl norte existe y tambi\u00e9n lee\u201d"},"content":{"rendered":"<p class=\"\">Omar Ibarra se muestra orgulloso ante la gran asistencia de p\u00fablico al pabell\u00f3n que la librer\u00eda Casa Coa ha montado en la <a href=\"https:\/\/elpais.com\/mexico\/2025-10-11\/monterrey-abraza-a-colombia-en-una-feria-del-libro-que-se-posiciona-como-el-proyecto-cultural-mas-importante-del-norte-de-mexico.html\" target=\"_self\" rel=\"nofollow noopener\" title=\"https:\/\/elpais.com\/mexico\/2025-10-11\/monterrey-abraza-a-colombia-en-una-feria-del-libro-que-se-posiciona-como-el-proyecto-cultural-mas-importante-del-norte-de-mexico.html\">Feria Internacional del Libro de Monterrey<\/a> <a href=\"https:\/\/elpais.com\/mexico\/2024-10-05\/las-altas-ventas-de-la-feria-del-libro-monterrey-rompen-el-estigma-del-norte-que-no-lee.html\" rel=\"nofollow noopener\" title=\"https:\/\/elpais.com\/mexico\/2024-10-05\/las-altas-ventas-de-la-feria-del-libro-monterrey-rompen-el-estigma-del-norte-que-no-lee.html\" target=\"_blank\">(FILMTY)<\/a>. Es mi\u00e9rcoles por la ma\u00f1ana y una marea de j\u00f3venes visitantes inunda los pasillos de este encuentro literario y los trabajadores de Casa Coa corren para atender la demanda. Ibarra, el gerente, ha tenido que contratar m\u00e1s personal y reabastecer de libros los estantes, porque hay t\u00edtulos que han volado. La librer\u00eda tiene apenas seis meses de haber nacido, pero ha logrado hallar ya un puesto entre los amantes de la literatura y la cultura en Monterrey. \u201cQueremos acercar la cultura a la gente y generar lectores\u201d, dice Ibarra. \u201cCreemos en el potencial de Monterrey\u201d, afirma.<\/p>\n<p class=\"\">Ibarra lamenta que en esta ciudad del norte de M\u00e9xico hay pocas librer\u00edas y algunas hasta han cerrado, pero con Casa Coa quieren romper un estigma que Monterrey lleva tatuado: el norte conservador al que no le gusta la cultura. Una encuesta de la Secretar\u00eda de Cultura estatal <a href=\"https:\/\/www.elnorte.com\/reprueban-regios-en-cultura-revela-encuesta\/ar2649661\" target=\"_blank\" rel=\"nofollow noopener\" title=\"https:\/\/www.elnorte.com\/reprueban-regios-en-cultura-revela-encuesta\/ar2649661\">mostraba en 2023 <\/a>que la gente de Nuevo Le\u00f3n prefiere la iglesia al teatro: menos del 30% de los entrevistados dijo asistir a museos, librer\u00edas o salas de concierto y el 58% afirm\u00f3 no leer libros. Entre los motivos que dieron para no asistir a eventos culturales estaba la falta de informaci\u00f3n, por lo que las autoridades han asegurado que esa es un dato valioso para impulsar pol\u00edticas p\u00fablicas en el sector.<\/p>\n<p class=\"\">Es en ese contexto en que la FILMTY <a href=\"https:\/\/elpais.com\/mexico\/2024-10-05\/las-altas-ventas-de-la-feria-del-libro-monterrey-rompen-el-estigma-del-norte-que-no-lee.html\" target=\"_self\" rel=\"nofollow noopener\" title=\"https:\/\/elpais.com\/mexico\/2024-10-05\/las-altas-ventas-de-la-feria-del-libro-monterrey-rompen-el-estigma-del-norte-que-no-lee.html\">se convierte en un espacio disruptivo<\/a>. Carmen Junco de Garza, presidenta de la feria, afirma que debido al inter\u00e9s de los regios por el evento, este a\u00f1o ampliaron el recinto en 4.000 metros cuadrados y lograron atraer a m\u00e1s exponentes. \u201cTodav\u00eda no sac\u00e1bamos a venta los stands y ya ten\u00edamos comprometidos m\u00e1s del 80% de los espacios. Eso nos dio la certeza y la seguridad de que pod\u00edamos ampliarnos. El a\u00f1o pasado entraron a la feria 323.000 y ahora, al corte del s\u00e1bado, domingo y lunes, llevamos 122.000\u2033, explica. Esperan lograr este a\u00f1o un r\u00e9cord de asistencia.<\/p>\n<p class=\"\">Esos n\u00fameros, agrega, son una muestra del inter\u00e9s de los regiomontanos por la cultura. \u201cVeo que las editoriales est\u00e1n creciendo en tama\u00f1o. Veo gente con bolsas, veo ni\u00f1os con bolsas de libros y, para m\u00ed, eso es un indicador muy claro de que est\u00e1n contentos. Y en cuanto a las editoriales independientes, que son las que siempre m\u00e1s sufren, encuentran un espacio para crecer. Quiero que vean esto y que me diga que la gente no lee, porque no les creo\u201d, explica.<\/p>\n<p class=\"\">Garza dice que ha sido importante el impulso que la empresa privada ha dado a la cultura en esta rica ciudad de f\u00e1bricas. La feria se sostiene por el patrocinio de empresas gigantes, que hacen de ella una de las pocas ferias de libro donde la entrada es gratuita. \u201cLa industria est\u00e1 muy cohesionada, participa en temas de seguridad, en temas de salud, en temas de educaci\u00f3n, la apuesta es fuerte\u201d, dice. El sector privado apoya recintos como el MARCO, <a href=\"https:\/\/elpais.com\/mexico\/2024-10-08\/marco-el-gran-museo-de-arte-contemporaneo-del-norte-de-mexico-se-apodera-de-los-artistas-invisibles.html\" target=\"_self\" rel=\"nofollow noopener\" title=\"https:\/\/elpais.com\/mexico\/2024-10-08\/marco-el-gran-museo-de-arte-contemporaneo-del-norte-de-mexico-se-apodera-de-los-artistas-invisibles.html\">el gran museo de arte contempor\u00e1neo del norte de M\u00e9xico<\/a> que se ha \u2018apoderado\u2019 de los artistas de esta regi\u00f3n del pa\u00eds. Otro ejemplo es <a href=\"https:\/\/museolamilarca.mx\/acerca\/\" target=\"_blank\" rel=\"nofollow noopener\" title=\"https:\/\/museolamilarca.mx\/acerca\/\">La Milarca<\/a>, la r\u00e9plica de la casa del coleccionista Mauricio Fern\u00e1ndez Garza construida por el arquitecto Jorge Gonz\u00e1lez Loyzaga. El imponente inmueble, localizado en el Parque Rufino Tamayo, es una estructura de concreto, tejas de arcilla, pisos de madera recuperados y siete arcos g\u00f3ticos de mamposter\u00eda creados entre los siglos XIII y XIV. Albergan unas 3.500 obras y el gobernador Samuel Garc\u00eda ha prometido convertirla en patrimonio cultural del Estado. Mientras que el parque Fundidora cuenta con museos y espacios para exposiciones. La ciudad, adem\u00e1s, quiere mostrar su mejor cara con la vista puesta en el Mundial de Futbol, con inversiones millonarias como la ampliaci\u00f3n del metro. Garc\u00eda prometi\u00f3 durante la inauguraci\u00f3n de la FILMTY mantener el apoyo al evento, que defini\u00f3 como un \u201cencuentro de la cultura y las letras\u201d.<\/p>\n<p class=\"\">\u201cCreo que es un estigma que tiene el norte, pero si vas a los museos ves el inter\u00e9s por la cultura. Es como el estigma que tenemos de codos [taca\u00f1os], pero lo que cuesta esta feria lo paga la iniciativa privada. Es cierto que no somos una ciudad de destino cultural, nunca lo hemos sido; somos una ciudad industrial, pero tambi\u00e9n tenemos mucha cultura que ofrecerles a la gente que viene a trabajar\u00bb, afirma Garza.<\/p>\n<p class=\"\">Ese es el potencial que destaca Omar Ibarra, el gerente de la librer\u00eda Casa Coa. Decidieron apostar por este negocio en una ciudad con pocas librer\u00edas y en seis meses ha logrado despertar el entusiasmo de un p\u00fablico que compra libros. La librer\u00eda, cuya sede est\u00e1 en San Pedro Garza Garc\u00eda, considerado el municipio m\u00e1s rico de M\u00e9xico, cuenta con cafeter\u00eda, sala de conferencias, espacios para impartir cursos y zonas para muestra de arte. El mi\u00e9rcoles, el pabell\u00f3n de la librer\u00eda en la feria estaba a lleno, pero Ibarra afirma que el fin de semana de la inauguraci\u00f3n fue la verdadera locura. \u201cFue impresionante, nos sali\u00f3 muy bien y creo que as\u00ed ha sido para todos en la feria\u201d, dice. \u201cTuvimos que ir por m\u00e1s libros y traer m\u00e1s personal\u201d, agrega. \u201cEn una ciudad como Monterrey, con una poblaci\u00f3n tan grande, hacen falta iniciativas como esta. Hay una que otra librer\u00eda, pero no cuentan con espacios adecuados para que las editoriales traigan a autores a presentar libros, porque esa es nuestra idea: necesitamos que ubiquen a Nuevo Le\u00f3n en el mapa, no solo a Ciudad de M\u00e9xico o Guadalajara. Esto es una muestra de que definitivamente el norte tambi\u00e9n existe y tambi\u00e9n lee\u201d, asegura Ibarra.<\/p>\n","protected":false},"excerpt":{"rendered":"Omar Ibarra se muestra orgulloso ante la gran asistencia de p\u00fablico al pabell\u00f3n que la librer\u00eda Casa Coa&hellip;\n","protected":false},"author":2,"featured_media":179584,"comment_status":"","ping_status":"","sticky":false,"template":"","format":"standard","meta":{"footnotes":""},"categories":[172],"tags":[889,224,209,146,147,25,1598,51111,24,11828,1804,225,1906,25739,23],"class_list":{"0":"post-179583","1":"post","2":"type-post","3":"status-publish","4":"format-standard","5":"has-post-thumbnail","7":"category-libros","8":"tag-america","9":"tag-books","10":"tag-cultura","11":"tag-entertainment","12":"tag-entretenimiento","13":"tag-es","14":"tag-escritores","15":"tag-espacios-artisticos","16":"tag-espana","17":"tag-ferias-libro","18":"tag-latinoamerica","19":"tag-libros","20":"tag-mexico","21":"tag-monterrey","22":"tag-spain"},"share_on_mastodon":{"url":"","error":""},"_links":{"self":[{"href":"https:\/\/www.europesays.com\/es\/wp-json\/wp\/v2\/posts\/179583","targetHints":{"allow":["GET"]}}],"collection":[{"href":"https:\/\/www.europesays.com\/es\/wp-json\/wp\/v2\/posts"}],"about":[{"href":"https:\/\/www.europesays.com\/es\/wp-json\/wp\/v2\/types\/post"}],"author":[{"embeddable":true,"href":"https:\/\/www.europesays.com\/es\/wp-json\/wp\/v2\/users\/2"}],"replies":[{"embeddable":true,"href":"https:\/\/www.europesays.com\/es\/wp-json\/wp\/v2\/comments?post=179583"}],"version-history":[{"count":0,"href":"https:\/\/www.europesays.com\/es\/wp-json\/wp\/v2\/posts\/179583\/revisions"}],"wp:featuredmedia":[{"embeddable":true,"href":"https:\/\/www.europesays.com\/es\/wp-json\/wp\/v2\/media\/179584"}],"wp:attachment":[{"href":"https:\/\/www.europesays.com\/es\/wp-json\/wp\/v2\/media?parent=179583"}],"wp:term":[{"taxonomy":"category","embeddable":true,"href":"https:\/\/www.europesays.com\/es\/wp-json\/wp\/v2\/categories?post=179583"},{"taxonomy":"post_tag","embeddable":true,"href":"https:\/\/www.europesays.com\/es\/wp-json\/wp\/v2\/tags?post=179583"}],"curies":[{"name":"wp","href":"https:\/\/api.w.org\/{rel}","templated":true}]}}