{"id":179597,"date":"2025-10-16T01:07:11","date_gmt":"2025-10-16T01:07:11","guid":{"rendered":"https:\/\/www.europesays.com\/es\/179597\/"},"modified":"2025-10-16T01:07:11","modified_gmt":"2025-10-16T01:07:11","slug":"la-congelacion-de-la-reforma-de-las-pensiones-concede-una-tregua-al-primer-ministro-frances-internacional","status":"publish","type":"post","link":"https:\/\/www.europesays.com\/es\/179597\/","title":{"rendered":"La congelaci\u00f3n de la reforma de las pensiones concede una tregua al primer ministro franc\u00e9s | Internacional"},"content":{"rendered":"<p class=\"\"><a href=\"https:\/\/elpais.com\/opinion\/2025-10-15\/sebastien-lecornu-primer-ministro-bajo-los-escombros-de-la-politica-de-macron.html\" target=\"_self\" rel=\"nofollow noopener\" title=\"https:\/\/elpais.com\/opinion\/2025-10-15\/sebastien-lecornu-primer-ministro-bajo-los-escombros-de-la-politica-de-macron.html\">S\u00e9bastien Lecornu salv\u00f3 el martes por la tarde una bola de partido crucial para que su nuevo Gobierno <\/a>pueda durar m\u00e1s que los 836 minutos del anterior. El primer ministro franc\u00e9s acept\u00f3 en la Asamblea Nacional plegarse a las peticiones de la izquierda. Especialmente, del Partido Socialista, que ped\u00eda la suspensi\u00f3n de la reforma de la ley de pensiones para no tumbar al Ejecutivo en una moci\u00f3n de censura. As\u00ed, Lecornu acepta volver a debatir la ley en el Parlamento. Con este paso, retrasa su entrada en vigor hasta 2028, cuando ya habr\u00e1 otro presidente de la Rep\u00fablica y, probablemente, otro Gobierno. Todo ello le permite ahora avanzar en la aprobaci\u00f3n de un Presupuesto. <\/p>\n<p class=\"\">El jueves se votar\u00e1n igualmente las dos mociones de censura que presentaron La Francia Insumisa y el Reagrupamiento Nacional. <a href=\"https:\/\/elpais.com\/internacional\/2025-10-14\/lecornu-acepta-suspender-la-reforma-de-las-pensiones-hasta-2028-para-evitar-la-caida-de-su-gobierno-en-francia.html\" target=\"_self\" rel=\"nofollow noopener\" title=\"https:\/\/elpais.com\/internacional\/2025-10-14\/lecornu-acepta-suspender-la-reforma-de-las-pensiones-hasta-2028-para-evitar-la-caida-de-su-gobierno-en-francia.html\">El primer ministro probablemente ha alejado, por el momento<\/a>, el riesgo de una censura al ceder a las exigencias de los socialistas: suspensi\u00f3n de la reforma de las pensiones, contribuci\u00f3n de las grandes fortunas y renuncia al uso del controvertido art\u00edculo 49.3 de la Constituci\u00f3n \u2014que permite al Gobierno aprobar las leyes por decreto, sin someterlo a la votaci\u00f3n del Parlamento\u2014. <\/p>\n<p class=\"\">Los anuncios de Lecornu se siguen con cierta inquietud desde la UE. El comisario europeo de Econom\u00eda, Valdis Dombrovskis, dijo el mi\u00e9rcoles a la Agencia France-Presse que sigue \u201ccon atenci\u00f3n\u201d los debates sobre el presupuesto en Francia, estimando que la suspensi\u00f3n de la reforma \u201ctendr\u00e1 importantes consecuencias presupuestarias\u201d. \u201cEs importante que [Francia] adopte medidas para cumplir con los compromisos\u201d fijados en materia de reducci\u00f3n del d\u00e9ficit p\u00fablico, advirti\u00f3.<\/p>\n<p>Situaci\u00f3n precaria<\/p>\n<p class=\"\">Pese a este triunfo pasajero, el equipo ministerial sigue en una situaci\u00f3n precaria. El Partido Socialista no descarta hacerlo caer este oto\u00f1o si no se cumplen sus condiciones o si no logra obtener otras concesiones en el transcurso del debate presupuestario. <\/p>\n<p class=\"\">La votaci\u00f3n del jueves, adem\u00e1s, es delicada porque algunos diputados socialistas o de Los Republicanos, el partido de la derecha tradicional, no est\u00e1n de acuerdo con la decisi\u00f3n de sus partidos de mantener con vida a Lecornu. De hecho, la derecha gaullista ha comenzado a descomponerse en distintas facciones, lideradas por el actual presidente de la formaci\u00f3n, Bruno Retailleau, y el l\u00edder de los parlamentarios, Laurent Wauquiez. <\/p>\n<p class=\"\">La fragilidad del Gobierno se refleja en los primeros sondeos sobre su apoyo ciudadano. Le Figaro ha publicado este mi\u00e9rcoles un estudio de Odoxa-Backbone Consulting, realizado los d\u00edas 14 y 15 de octubre. Reci\u00e9n formado, el nuevo Ejecutivo es rechazado masivamente: el 72% de los franceses considera que no responde a sus expectativas. Aunque la figura de Lecornu goza de cierta simpat\u00eda e incluso respeto \u2014el 44 % declaraba tener una buena opini\u00f3n de \u00e9l la semana pasada\u2014, la decisi\u00f3n pol\u00edtica de su reconducci\u00f3n irrita a la opini\u00f3n p\u00fablica, como lo demuestra el 62% de los encuestados que se declaran descontentos con la elecci\u00f3n del presidente de la Rep\u00fablica, Emmanuel Macron.<\/p>\n<p class=\"\">Lecornu, sin embargo, ha avanzado hasta ahora con paso firme y notable claridad de ideas en medio de la espesa niebla que ha cubierto estos d\u00edas la pol\u00edtica francesa. Otro sondeo, publicado por BFTV, revela un nuevo y relevante dato: el 52% no quiere una moci\u00f3n de censura, que conducir\u00eda ineluctablemente a unas elecciones. La inestabilidad agota a los ciudadanos y a los mercados que, contrariamente a lo que se pod\u00eda pensar, respondieron muy positivamente al anuncio del primer ministro de suspender la reforma de las jubilaciones. <\/p>\n<p class=\"\">La reforma \u2014que est\u00e1 retrasando progresivamente la edad m\u00ednima de jubilaci\u00f3n de 62 a 64 a\u00f1os y alargando el periodo de cotizaci\u00f3n necesario para una pensi\u00f3n completa de 42 a 43 a\u00f1os\u2014 queda congelada hasta enero de 2028. Se abordar\u00e1 de nuevo en el nuevo mandato presidencial. As\u00ed, a partir del 1 de enero podr\u00e1 seguir jubil\u00e1ndose quien lo desee con 62 a\u00f1os y 9 meses, sin esperar a los 63 a\u00f1os, previsto en la reforma. El periodo de cotizaci\u00f3n continuar\u00e1 siendo de 42 a\u00f1os y medio, al menos hasta 2028.<\/p>\n<p class=\"\">La medida, que mantiene la excepcionalidad francesa en Europa, tendr\u00e1 un coste. El primer ministro advirti\u00f3 de que habr\u00e1 que prever unos ingresos para financiarla. \u201cNo puede haber una suspensi\u00f3n sin que enfrente haya unos ingresos\u201d, destac\u00f3 Lecornu en la sesi\u00f3n de control al Gobierno en el Senado.<\/p>\n<p class=\"\">El horizonte, en cualquier caso, podr\u00eda quedar despejado para Lecornu hasta final de a\u00f1o, en el momento en que toque votar los Presupuestos. Ser\u00e1 entonces cuando deber\u00e1 volver a desempolvar su capacidad negociadora y prepararse para m\u00e1s concesiones. La ventaja es que el calendario electoral, con unas cruciales municipales en primavera y las presidenciales al cabo de un a\u00f1o, pueden jugar a favor de su supervivencia.<\/p>\n","protected":false},"excerpt":{"rendered":"S\u00e9bastien Lecornu salv\u00f3 el martes por la tarde una bola de partido crucial para que su nuevo Gobierno&hellip;\n","protected":false},"author":2,"featured_media":179598,"comment_status":"","ping_status":"","sticky":false,"template":"","format":"standard","meta":{"footnotes":""},"categories":[42],"tags":[17,18,730,13,14,317,11,61,62,63,64,8881,19,20,9,10,15,16,952,40457,12,21,22,65,66,67],"class_list":{"0":"post-179597","1":"post","2":"type-post","3":"status-publish","4":"format-standard","5":"has-post-thumbnail","7":"category-internacional","8":"tag-breaking-news","9":"tag-breakingnews","10":"tag-emmanuel-macron","11":"tag-featured-news","12":"tag-featurednews","13":"tag-francia","14":"tag-headlines","15":"tag-internacional","16":"tag-international","17":"tag-international-news","18":"tag-internationalnews","19":"tag-jubilacion","20":"tag-latest-news","21":"tag-latestnews","22":"tag-news","23":"tag-noticias","24":"tag-noticias-destacadas","25":"tag-noticiasdestacadas","26":"tag-politica","27":"tag-sebastien-lecornu","28":"tag-titulares","29":"tag-ultimas-noticias","30":"tag-ultimasnoticias","31":"tag-world","32":"tag-world-news","33":"tag-worldnews"},"share_on_mastodon":{"url":"","error":""},"_links":{"self":[{"href":"https:\/\/www.europesays.com\/es\/wp-json\/wp\/v2\/posts\/179597","targetHints":{"allow":["GET"]}}],"collection":[{"href":"https:\/\/www.europesays.com\/es\/wp-json\/wp\/v2\/posts"}],"about":[{"href":"https:\/\/www.europesays.com\/es\/wp-json\/wp\/v2\/types\/post"}],"author":[{"embeddable":true,"href":"https:\/\/www.europesays.com\/es\/wp-json\/wp\/v2\/users\/2"}],"replies":[{"embeddable":true,"href":"https:\/\/www.europesays.com\/es\/wp-json\/wp\/v2\/comments?post=179597"}],"version-history":[{"count":0,"href":"https:\/\/www.europesays.com\/es\/wp-json\/wp\/v2\/posts\/179597\/revisions"}],"wp:featuredmedia":[{"embeddable":true,"href":"https:\/\/www.europesays.com\/es\/wp-json\/wp\/v2\/media\/179598"}],"wp:attachment":[{"href":"https:\/\/www.europesays.com\/es\/wp-json\/wp\/v2\/media?parent=179597"}],"wp:term":[{"taxonomy":"category","embeddable":true,"href":"https:\/\/www.europesays.com\/es\/wp-json\/wp\/v2\/categories?post=179597"},{"taxonomy":"post_tag","embeddable":true,"href":"https:\/\/www.europesays.com\/es\/wp-json\/wp\/v2\/tags?post=179597"}],"curies":[{"name":"wp","href":"https:\/\/api.w.org\/{rel}","templated":true}]}}