{"id":179614,"date":"2025-10-16T01:21:18","date_gmt":"2025-10-16T01:21:18","guid":{"rendered":"https:\/\/www.europesays.com\/es\/179614\/"},"modified":"2025-10-16T01:21:18","modified_gmt":"2025-10-16T01:21:18","slug":"libreria-leopoldo-nueva-ubicacion-para-un-servicio-mas-completo","status":"publish","type":"post","link":"https:\/\/www.europesays.com\/es\/179614\/","title":{"rendered":"Librer\u00eda Leopoldo, nueva ubicaci\u00f3n para un servicio m\u00e1s completo"},"content":{"rendered":"<p><a class=\"v-mdl-ath__fig-a\" href=\"https:\/\/www.leonoticias.com\/autor\/irene-de-celis-6617.html\" title=\"Irene de Celis\" rel=\"nofollow noopener\" target=\"_blank\"><br \/>\n<img decoding=\"async\" class=\"v-mdl-ath__img\" src=\"https:\/\/www.europesays.com\/es\/wp-content\/uploads\/2025\/10\/autor-6617-foto-2.jpeg\" alt=\"Irene de Celis\"\/><br \/>\n<\/a><\/p>\n<p class=\"v-mdl-ath__p v-mdl-ath__p--6\">\nMi\u00e9rcoles, 15 de octubre 2025, 09:19<\/p>\n<p class=\"v-p\">Dejarse llevar entre las p\u00e1ginas de un buen libro sigue siendo posible en la nueva ubicaci\u00f3n de la Librer\u00eda Leopoldo. \u00abEste nuevo local ofrece un espacio m\u00e1s amplio y perfecto para ofrecer un servicio completo a los leoneses\u00bb, remarca Eduardo \u00c1lvarez, responsable de la librer\u00eda. <\/p>\n<p class=\"v-p\">Abierta desde 1948, esta librer\u00eda ya es todo un emblema entre leoneses y leonesas en el centro de la ciudad. All\u00ed, adem\u00e1s descubrir\u00e1s libros de todas las tem\u00e1ticas, encontrando por ejemplo una amplia selecci\u00f3n de libros infantiles. Tambi\u00e9n podr\u00e1s hacerte con el mejor material escolar o servicio de fotocopias y plastificado para cuidar de tus trabajos.<\/p>\n<p>Tem\u00e1tica leonesa y escaparate de ofertas<\/p>\n<p class=\"v-p\">En Librer\u00eda Leopoldo encontrar\u00e1s un espacio dedicado a la tem\u00e1tica leonesa. La historia de la provincia, sus leyendas o sus personajes m\u00e1s reconocidos, todo lo que quieras conocer acerca de tu tierra lo encontrar\u00e1s entre sus estantes. <\/p>\n<p><img decoding=\"async\" loading=\"lazy\" src=\"https:\/\/www.europesays.com\/es\/wp-content\/uploads\/2025\/10\/IMG_8475-kL1C-U2303325326092dEI-624x385@Leonoticias.jpg\" class=\"v-a-img\" width=\"624\" height=\"385\" alt=\"Escaparate de Ofertas: quiero leer m\u00e1s barato de Librer\u00eda Leopoldo\" data-voc-vtm-id=\"in-text-traffic\"\/><\/p>\n<p>Escaparate de Ofertas: quiero leer m\u00e1s barato de Librer\u00eda Leopoldo<\/p>\n<p>Irene de Celis<\/p>\n<p><img loading=\"lazy\" decoding=\"async\" src=\"https:\/\/www.europesays.com\/es\/wp-content\/uploads\/2025\/10\/IMG_8475-kL1C-U2303325326092dEI-624x385@Leonoticias.jpg\" class=\"v-mdl__img-z\" width=\"624\" height=\"385\" alt=\"\"\/><\/p>\n<p class=\"v-p\">Adem\u00e1s, otra de las grandes novedades que encontrar\u00e1s en esta nueva ubicaci\u00f3n de la Calle Ram\u00f3n y Cajal 31 es su \u00abescaparate de ofertas: quiero leer m\u00e1s barato\u00bb, un espacio para que nadie se quede sin disfrutar de una buena lectura.<\/p>\n<p class=\"v-p\">Si eres amante de la lectura, no dudes en acercarte a Librer\u00eda Leopoldo d\u00f3nde si no sabes en qu\u00e9 nueva aventura sumergirte, all\u00ed te descubrir\u00e1n nuevos t\u00edtulos. <\/p>\n<p>Reporta un error<\/p>\n","protected":false},"excerpt":{"rendered":"Mi\u00e9rcoles, 15 de octubre 2025, 09:19 Dejarse llevar entre las p\u00e1ginas de un buen libro sigue siendo posible&hellip;\n","protected":false},"author":2,"featured_media":179615,"comment_status":"","ping_status":"","sticky":false,"template":"","format":"standard","meta":{"footnotes":""},"categories":[172],"tags":[224,4399,146,147,25,24,31045,11532,225,795,595,23,14073],"class_list":{"0":"post-179614","1":"post","2":"type-post","3":"status-publish","4":"format-standard","5":"has-post-thumbnail","7":"category-libros","8":"tag-books","9":"tag-completo","10":"tag-entertainment","11":"tag-entretenimiento","12":"tag-es","13":"tag-espana","14":"tag-leopoldo","15":"tag-libreria","16":"tag-libros","17":"tag-nueva","18":"tag-servicio","19":"tag-spain","20":"tag-ubicacion"},"share_on_mastodon":{"url":"","error":""},"_links":{"self":[{"href":"https:\/\/www.europesays.com\/es\/wp-json\/wp\/v2\/posts\/179614","targetHints":{"allow":["GET"]}}],"collection":[{"href":"https:\/\/www.europesays.com\/es\/wp-json\/wp\/v2\/posts"}],"about":[{"href":"https:\/\/www.europesays.com\/es\/wp-json\/wp\/v2\/types\/post"}],"author":[{"embeddable":true,"href":"https:\/\/www.europesays.com\/es\/wp-json\/wp\/v2\/users\/2"}],"replies":[{"embeddable":true,"href":"https:\/\/www.europesays.com\/es\/wp-json\/wp\/v2\/comments?post=179614"}],"version-history":[{"count":0,"href":"https:\/\/www.europesays.com\/es\/wp-json\/wp\/v2\/posts\/179614\/revisions"}],"wp:featuredmedia":[{"embeddable":true,"href":"https:\/\/www.europesays.com\/es\/wp-json\/wp\/v2\/media\/179615"}],"wp:attachment":[{"href":"https:\/\/www.europesays.com\/es\/wp-json\/wp\/v2\/media?parent=179614"}],"wp:term":[{"taxonomy":"category","embeddable":true,"href":"https:\/\/www.europesays.com\/es\/wp-json\/wp\/v2\/categories?post=179614"},{"taxonomy":"post_tag","embeddable":true,"href":"https:\/\/www.europesays.com\/es\/wp-json\/wp\/v2\/tags?post=179614"}],"curies":[{"name":"wp","href":"https:\/\/api.w.org\/{rel}","templated":true}]}}