{"id":179616,"date":"2025-10-16T01:22:12","date_gmt":"2025-10-16T01:22:12","guid":{"rendered":"https:\/\/www.europesays.com\/es\/179616\/"},"modified":"2025-10-16T01:22:12","modified_gmt":"2025-10-16T01:22:12","slug":"un-vecino-de-catarroja-estremece-con-su-duro-relato-de-la-dana","status":"publish","type":"post","link":"https:\/\/www.europesays.com\/es\/179616\/","title":{"rendered":"un vecino de Catarroja estremece con su duro relato de la DANA"},"content":{"rendered":"<p style=\"\"><strong>Tino<\/strong> (65) sufri\u00f3 en sus propias carnes<a href=\"https:\/\/www.abc.es\/sociedad\/tarde-nunca-olvidara-catarroja-ultimo-pueblo-llegado-20241103014553-nt.html\" target=\"_self\" data-voc-vtm-id=\"in-text-traffic\" title=\" la cat\u00e1strofe de la DANA\" data-mrf-link=\"www.abc.es\" rel=\"nofollow noopener\"> la cat\u00e1strofe de la DANA<\/a>. Casi un a\u00f1o despu\u00e9s, este vecino del municipio valenciano Catarroja todav\u00eda no se ha recuperado de lo mal que lo pas\u00f3. \u00abHe sufrido mucho\u00bb, le cont\u00f3 a <strong>Carlos Sobera<\/strong><a href=\"https:\/\/www.abc.es\/play\/television\/noticias\/soltera-first-dates-llorar-laura-boado-tragica-20251015174237-nt.html\" target=\"_self\" data-voc-vtm-id=\"in-text-traffic\" title=\"al llegar a &#039;First Dates&#039;\" data-mrf-link=\"www.abc.es\" rel=\"nofollow noopener\">al llegar a &#8216;First Dates&#8217;<\/a> &#8230;  este mi\u00e9rcoles 15 de octubre. \u00abVivo solo en una planta baja. Me cogi\u00f3 el agua hasta el cuello. Gritando, dando golpes\u2026 Era como una pel\u00edcula de p\u00e1nico\u00bb, relat\u00f3, a\u00fan notablemente afectado. <\/p>\n<p class=\"voc-p\" style=\"\">Lo salvaron dos vecinos de las plantas superiores, que lo sacaron como pudieron. La tragedia le destroz\u00f3 la casa, pero sobrevivi\u00f3. \u00abPoco a poco la he arreglado. Me ha costado mucho trabajo , dinero y sacrificio, pero ya la tengo\u00bb, prosigui\u00f3 narrando ante el equipo del restaurante de citas de <strong>Cuatro<\/strong>.<\/p>\n<p class=\"voc-p\" style=\"\">Despu\u00e9s de lo sucedido, <strong>Tino<\/strong> se considera m\u00e1s que nunca un luchador y tiene muchas ganas de vivir. Por eso, tras 35 a\u00f1os solo, su nieta lo anot\u00f3 al &#8216;dating show&#8217; de <strong>Cuatro<\/strong> para que encontrara una mujer hogare\u00f1a y de su misma edad. Aunque a esa futura pareja el soltero le promete tambi\u00e9n mucha pasi\u00f3n. \u00abMe gusta el amor y me gusta la cama Soy un amante soy maravilloso. No tienen queja de m\u00ed\u00bb, asegur\u00f3.<\/p>\n<p>\nTino miente al equipo de &#8216;First Dates&#8217; y a Amparo sobre su edad\n<\/p>\n<p class=\"voc-p\" style=\"\">La elegida para cenar con <strong>Tino<\/strong> fue <strong>Amparo<\/strong> (65), una auxiliar de enfermer\u00eda de Valencia que se defini\u00f3 como una mujer \u00abcari\u00f1osa, rom\u00e1ntica y activa en la cama\u00bb. Desde que la vio entrar por la puerta, el comensal empez\u00f3 a plantearse dejar atr\u00e1s su soledad. No le puso ni un pero a su cita, le hab\u00eda encantado. A ella, en cambio, le record\u00f3 a un t\u00edo suyo ya fallecido. \u00abEn principio lo veo mayor\u00bb, se\u00f1al\u00f3 en los totales. <\/p>\n<p class=\"voc-p\" style=\"\">Una vez comenzada la cena, se dieron cuenta de que lo que necesitaban en una relaci\u00f3n no casaba con los deseos del otro. <strong>Tino<\/strong> revel\u00f3 que le pesa demasiado la soledad, mientras que <strong>Amparo<\/strong> asegur\u00f3 estar muy bien tal y como est\u00e1 y por eso no contempla la convivencia. Y menos con una persona que \u00aba nivel sexual no me gusta\u00bb. <\/p>\n<p><img decoding=\"async\" loading=\"lazy\" src=\"https:\/\/www.europesays.com\/es\/wp-content\/uploads\/2025\/10\/dates2-U21447531207YKC-760x427@diario_abc.jpg\" class=\"voc-img\" width=\"760\" height=\"427\" alt=\"Un momento de la cita entre Tino y Amparo en 'First Dates'\" data-voc-vtm-id=\"in-text-traffic\"\/><\/p>\n<p>Un momento de la cita entre Tino y Amparo en &#8216;First Dates&#8217;<\/p>\n<p>Cuatro<\/p>\n<p class=\"voc-p\" style=\"\">Por m\u00e1s que charlando comprobaron que compart\u00edan puntos en com\u00fan, Amparo sigui\u00f3 insistiendo en que lo ve\u00eda muy mayor para ella. Y efectivamente, no se equivocaba. En un giro de guion, a mitad de la velada <strong>Tino<\/strong> acab\u00f3 confesando al equipo de <strong>&#8216;First Dates&#8217;<\/strong> que hab\u00eda mentido con su edad. \u00abTengo 82 a\u00f1os, pero os dije 65 para encontrar una mujer m\u00e1s joven que yo, porque entonces no me dan cama y yo quiero cama\u00bb. <\/p>\n<p class=\"voc-p\" style=\"\">Con ese objetivo, el valenciano no escatim\u00f3 en halagos hacia su pretendienta. Adem\u00e1s, intuyendo que no quer\u00eda nada con \u00e9l intent\u00f3 convencerla para que en la decisi\u00f3n final cambiara de idea. Pero<strong> Amparo<\/strong> ten\u00eda su determinaci\u00f3n muy clara: <strong>Tino<\/strong> no le hab\u00eda gustado y aunque no lleg\u00f3 a saber la aut\u00e9ntica edad del hombre, no le interes\u00f3 en absoluto una segunda cita. <\/p>\n","protected":false},"excerpt":{"rendered":"Tino (65) sufri\u00f3 en sus propias carnes la cat\u00e1strofe de la DANA. Casi un a\u00f1o despu\u00e9s, este vecino&hellip;\n","protected":false},"author":2,"featured_media":179617,"comment_status":"","ping_status":"","sticky":false,"template":"","format":"standard","meta":{"footnotes":""},"categories":[171],"tags":[5051,9865,1068,1681,2562,146,147,25,24,51116,17359,25378,23,214,8839],"class_list":{"0":"post-179616","1":"post","2":"type-post","3":"status-publish","4":"format-standard","5":"has-post-thumbnail","7":"category-tv","8":"tag-agua","9":"tag-catarroja","10":"tag-cuello","11":"tag-dana","12":"tag-duro","13":"tag-entertainment","14":"tag-entretenimiento","15":"tag-es","16":"tag-espana","17":"tag-estremece","18":"tag-llego","19":"tag-relato","20":"tag-spain","21":"tag-tv","22":"tag-vecino"},"share_on_mastodon":{"url":"","error":""},"_links":{"self":[{"href":"https:\/\/www.europesays.com\/es\/wp-json\/wp\/v2\/posts\/179616","targetHints":{"allow":["GET"]}}],"collection":[{"href":"https:\/\/www.europesays.com\/es\/wp-json\/wp\/v2\/posts"}],"about":[{"href":"https:\/\/www.europesays.com\/es\/wp-json\/wp\/v2\/types\/post"}],"author":[{"embeddable":true,"href":"https:\/\/www.europesays.com\/es\/wp-json\/wp\/v2\/users\/2"}],"replies":[{"embeddable":true,"href":"https:\/\/www.europesays.com\/es\/wp-json\/wp\/v2\/comments?post=179616"}],"version-history":[{"count":0,"href":"https:\/\/www.europesays.com\/es\/wp-json\/wp\/v2\/posts\/179616\/revisions"}],"wp:featuredmedia":[{"embeddable":true,"href":"https:\/\/www.europesays.com\/es\/wp-json\/wp\/v2\/media\/179617"}],"wp:attachment":[{"href":"https:\/\/www.europesays.com\/es\/wp-json\/wp\/v2\/media?parent=179616"}],"wp:term":[{"taxonomy":"category","embeddable":true,"href":"https:\/\/www.europesays.com\/es\/wp-json\/wp\/v2\/categories?post=179616"},{"taxonomy":"post_tag","embeddable":true,"href":"https:\/\/www.europesays.com\/es\/wp-json\/wp\/v2\/tags?post=179616"}],"curies":[{"name":"wp","href":"https:\/\/api.w.org\/{rel}","templated":true}]}}