{"id":179618,"date":"2025-10-16T01:23:10","date_gmt":"2025-10-16T01:23:10","guid":{"rendered":"https:\/\/www.europesays.com\/es\/179618\/"},"modified":"2025-10-16T01:23:10","modified_gmt":"2025-10-16T01:23:10","slug":"la-oreja-de-van-gogh","status":"publish","type":"post","link":"https:\/\/www.europesays.com\/es\/179618\/","title":{"rendered":"LA OREJA DE VAN GOGH"},"content":{"rendered":"<p class=\"ft-text\"><strong>La Oreja de Van Gogh <\/strong>ha anunciado oficialmente este mi\u00e9rcoles el regreso de su vocalista, <a class=\"ft-link ft-link--decoration\" href=\"https:\/\/www.diariodeibiza.es\/tags\/amaia-montero\/\" rel=\"nofollow noopener\" target=\"_blank\"><strong>Amaia Montero<\/strong><\/a><strong>,<\/strong> casi <strong>18 a\u00f1os despu\u00e9s <\/strong>de que la cantante vasca abandonara el grupo.<\/p>\n<p class=\"ft-text\">\u00abAhora mismo nos estamos mirando los unos a los otros y, sin decir nada, pensamos todos: est\u00e1 ocurriendo. <strong>La emoci\u00f3n que sentimos frente a vosotros no se puede explicar con palabras<\/strong>. Ha sido un a\u00f1o aqu\u00ed en San Sebasti\u00e1n, nuestro escondite en el mundo, escribiendo nuevas historias y tambi\u00e9n recordando todas las anteriores\u00bb, ha se\u00f1alado la banda en un comunicado.<\/p>\n<p class=\"ft-text\">El grupo ha a\u00f1adido que pronto ir\u00e1n contando m\u00e1s detalles y noticias. \u00abPero necesit\u00e1bamos levantar hoy la mano y deciros que s\u00ed, que estamos aqu\u00ed y que el horizonte est\u00e1 repleto de noches m\u00e1gicas como aquellas en las que vuestra pasi\u00f3n y nuestras canciones se mezclaban en un hechizo inolvidable\u00bb, ha apuntado.<\/p>\n<p class=\"ft-text\"><strong>Pablo Benegas, por su parte, aunque sigue formando parte del grupo, ha decidido retirarse una temporada<\/strong> para poder centrarse en su familia y explorar nuevos retos profesionales. La banda, que comienza un nuevo camino, le desea \u00abtodo lo mejor\u00bb hasta que vuelvan a encontrarse.<\/p>\n<p class=\"ft-text\">La vuelta de la cantante de Ir\u00fan a <a class=\"ft-link ft-link--decoration\" href=\"https:\/\/www.diariodeibiza.es\/tags\/la-oreja-de-van-gogh\/\" rel=\"nofollow noopener\" target=\"_blank\"><strong>La Oreja de Van Gogh<\/strong><\/a> se produce<strong> un a\u00f1o despu\u00e9s de que Leire Mart\u00ednez dejara el grupo del que fue vocalista durante 17 a\u00f1os<\/strong>.<\/p>\n<p class=\"ft-text\">Este anuncio ha puesto fin a meses de especulaciones sobre el regreso de Amaia Montero a la banda, unos rumores que fueron confirmados el pasado mes de abril por la actriz Cayetana Guill\u00e9n Cuervo, una de las mejores amigas de la cantante. \u00abYo lo s\u00e9 desde hace mucho, pero ella me pidi\u00f3 que por favor no lo dijera a nadie\u00bb, declar\u00f3.<\/p>\n<p class=\"ft-text\"><strong>El 19 de noviembre de 2007, Amaia Montero anunci\u00f3 oficialmente su salida de La Oreja de Van Gogh <\/strong>para iniciar una carrera en solitario, tras once a\u00f1os de trayectoria en la banda.<\/p>\n<p>Una carrera de \u00e9xitos<\/p>\n<p class=\"ft-text\">La Oreja de Van Gogh<strong> lanz\u00f3 su primer disco en 1998<\/strong>. Era &#8216;<strong>Dile al sol<\/strong>&#8216; e inclu\u00eda temas como &#8216;El 28&#8217; o &#8216;Cu\u00e9ntame al o\u00eddo&#8217;. Desde el primer momento, el grupo mostraba su inspiraci\u00f3n para componer himnos pop y en el a\u00f1o 2000 lleg\u00f3 la r\u00e1pida confirmaci\u00f3n con el \u00e1lbum &#8216;<strong>El viaje de Copperpot<\/strong>&#8216;, que vendi\u00f3 m\u00e1s de un mill\u00f3n de ejemplares y fue n\u00famero 1 con canciones tan emblem\u00e1ticas como &#8216;La playa&#8217;, &#8216;Soledad&#8217;, &#8216;Par\u00eds&#8217;, &#8216;Mariposa&#8217;, &#8216;Cu\u00eddate&#8217; o &#8216;Pop&#8217;.<\/p>\n<p class=\"ft-text\">En 2003 se repiti\u00f3 el \u00e9xito y el n\u00famero 1 con el \u00e1lbum &#8216;<strong>Lo que te cont\u00e9 mientras te hac\u00edas la dormida<\/strong>&#8216;, que inclu\u00eda temas como &#8216;Puedes contar conmigo&#8217;, &#8217;20 de enero&#8217;, &#8216;Rosas&#8217;, &#8216;Geograf\u00eda&#8217; o &#8216;Vestido azul&#8217;.<\/p>\n<p class=\"ft-text\">En 2006, el lanzamiento de &#8216;<strong>Guapa<\/strong>&#8216; (con canciones como &#8216;Mu\u00f1eca de trapo&#8217;, &#8216;Dulce locura&#8217;, &#8216;Perdida&#8217; o &#8216;En mi lado del sof\u00e1&#8217;) signific\u00f3 la consagraci\u00f3n internacional definitiva. Fue el dico m\u00e1s vendido en Espa\u00f1a del a\u00f1o con siete semanas en el n\u00famero 1, consigui\u00f3 el Grammy Latino al Mejor \u00c1lbum Pop, alcanz\u00f3 tambi\u00e9n el n\u00famero 1 en M\u00e9xico, Argentina, Colombia, Chile y Venezuela, y permiti\u00f3 a la banda realizar su mayor gira americana hasta el momento, incluyendo trece conciertos en Estados Unidos.<\/p>\n<p class=\"ft-text\">En noviembre de 2007, pocas semanas antes de la edici\u00f3n de &#8216;<strong>M\u00e1s guapa<\/strong>&#8216; (Guapa ampliado) y en la cima del \u00e9xito, Amaia Montero anunciaba su salida del grupo para comenzar una carrera en solitario y se incorporaba a la banda <strong>Leire Mart\u00ednez<\/strong>.<\/p>\n<p>La llegada de Leire Mart\u00ednez<\/p>\n<p class=\"ft-text\">Con la magn\u00edfica voz de Leire al frente, Pablo Benegas (guitarra), Xabi San Mart\u00edn (teclados), \u00c1lvaro Fuentes (bajo) y Hariz Garde (bater\u00eda), La Oreja de Van Gogh public\u00f3 en 2008 &#8216;<strong>A las cinco en el Astoria<\/strong>&#8216;.<\/p>\n<p class=\"ft-text\">Este disco consigui\u00f3 doble platino y cuatro n\u00famero 1 en Espa\u00f1a (\u00e1lbumes f\u00edsicos, \u00e1lbumes descargas digitales iTunes, canciones y v\u00eddeos con &#8216;El \u00faltimo vals&#8217;), disco de oro en Chile y Venezuela, nominaci\u00f3n al Grammy Latino 2009 y una gira de m\u00e1s de 80 conciertos por Espa\u00f1a y Am\u00e9rica.<\/p>\n<p class=\"ft-text\">En el a\u00f1o 2011, el grupo publica &#8216;<strong>Cometas por el cielo<\/strong>&#8216;, un disco producido por el sueco Simon Nordberg con un sonido m\u00e1s internacional. El \u00e1lbum entr\u00f3 directo al n\u00famero 1, lugar que ocupar\u00eda durante dos semanas consecutivas para alcanzar el disco de platino en Espa\u00f1a. El \u00e9xito se debe a singles tan grandes como &#8216;La ni\u00f1a que llora en tus fiestas&#8217;, una canci\u00f3n contundente, explosiva y directa, con una tremenda energ\u00eda y un ritmo sensacional.<\/p>\n<p class=\"ft-text\">Con Leire Mart\u00ednez al frente, La Oreja de Van Gogh tambi\u00e9n public\u00f3 &#8216;<strong>El planeta imaginario<\/strong>&#8216;, un \u00e1lbum luminoso, optimista y realmente innovador, repleto de bombazos con el que el grupo celebr\u00f3 sus 20 a\u00f1os de carrera.<\/p>\n<p class=\"ft-text\">En el a\u00f1o 2020, La Oreja de Van Gogh public\u00f3 su octavo \u00e1lbum de estudio, &#8216;<strong>Un susurro en la tormenta<\/strong>&#8216;, que inclu\u00eda el single &#8216;Abr\u00e1zame&#8217;; y, en 2021, lanz\u00f3 Esencial, un \u00e1lbum recopilatorio.<\/p>\n","protected":false},"excerpt":{"rendered":"La Oreja de Van Gogh ha anunciado oficialmente este mi\u00e9rcoles el regreso de su vocalista, Amaia Montero, casi&hellip;\n","protected":false},"author":2,"featured_media":179619,"comment_status":"","ping_status":"","sticky":false,"template":"","format":"standard","meta":{"footnotes":""},"categories":[170],"tags":[19674,20219,146,147,25,24,13964,20220,2466,184,185,4801,23,6174,739],"class_list":{"0":"post-179618","1":"post","2":"type-post","3":"status-publish","4":"format-standard","5":"has-post-thumbnail","7":"category-musica","8":"tag-amaia","9":"tag-amaia-montero","10":"tag-entertainment","11":"tag-entretenimiento","12":"tag-es","13":"tag-espana","14":"tag-gogh","15":"tag-la-oreja-de-van-gogh","16":"tag-montero","17":"tag-music","18":"tag-musica","19":"tag-oreja","20":"tag-spain","21":"tag-van","22":"tag-vuelve"},"share_on_mastodon":{"url":"","error":""},"_links":{"self":[{"href":"https:\/\/www.europesays.com\/es\/wp-json\/wp\/v2\/posts\/179618","targetHints":{"allow":["GET"]}}],"collection":[{"href":"https:\/\/www.europesays.com\/es\/wp-json\/wp\/v2\/posts"}],"about":[{"href":"https:\/\/www.europesays.com\/es\/wp-json\/wp\/v2\/types\/post"}],"author":[{"embeddable":true,"href":"https:\/\/www.europesays.com\/es\/wp-json\/wp\/v2\/users\/2"}],"replies":[{"embeddable":true,"href":"https:\/\/www.europesays.com\/es\/wp-json\/wp\/v2\/comments?post=179618"}],"version-history":[{"count":0,"href":"https:\/\/www.europesays.com\/es\/wp-json\/wp\/v2\/posts\/179618\/revisions"}],"wp:featuredmedia":[{"embeddable":true,"href":"https:\/\/www.europesays.com\/es\/wp-json\/wp\/v2\/media\/179619"}],"wp:attachment":[{"href":"https:\/\/www.europesays.com\/es\/wp-json\/wp\/v2\/media?parent=179618"}],"wp:term":[{"taxonomy":"category","embeddable":true,"href":"https:\/\/www.europesays.com\/es\/wp-json\/wp\/v2\/categories?post=179618"},{"taxonomy":"post_tag","embeddable":true,"href":"https:\/\/www.europesays.com\/es\/wp-json\/wp\/v2\/tags?post=179618"}],"curies":[{"name":"wp","href":"https:\/\/api.w.org\/{rel}","templated":true}]}}