{"id":179636,"date":"2025-10-16T01:39:13","date_gmt":"2025-10-16T01:39:13","guid":{"rendered":"https:\/\/www.europesays.com\/es\/179636\/"},"modified":"2025-10-16T01:39:13","modified_gmt":"2025-10-16T01:39:13","slug":"televisa-firma-acuerdo-multianual-para-transmitir-la-f1-hasta-2028","status":"publish","type":"post","link":"https:\/\/www.europesays.com\/es\/179636\/","title":{"rendered":"Televisa firma acuerdo multianual para transmitir la F1 hasta 2028"},"content":{"rendered":"<p class=\"mb-4 text-lg md:leading-8 break-words\">CIUDAD DE M\u00c9XICO, octubre 15 (EL UNIVERSAL).- Luego de d\u00edas llenos de incertidumbre para los aficionados del deporte motor en M\u00e9xico, Televisa ha anunciado oficialmente la firma de un acuerdo multianual que le permitir\u00e1 transmitir la F\u00f3rmula 1 en M\u00e9xico hasta el a\u00f1o 2028.<\/p>\n<p class=\"mb-4 text-lg md:leading-8 break-words\">Mediante sus redes sociales, la empresa comparti\u00f3 su emoci\u00f3n por lograr un acuerdo con la m\u00e1xima categor\u00eda, llevando a los televidentes una gran cantidad de contenidos.<\/p>\n<p class=\"mb-4 text-lg md:leading-8 break-words\">La alianza, que gener\u00f3 calma entre los fan\u00e1ticos, incluye la transmisi\u00f3n de todas las carreras del calendario oficial, as\u00ed como contenido exclusivo, an\u00e1lisis, entrevistas y cobertura especial de los Grandes Premios m\u00e1s relevantes, incluyendo el Gran Premio de M\u00e9xico.<\/p>\n<p class=\"mb-4 text-lg md:leading-8 break-words\">Ser\u00e1 mediante la se\u00f1al de Sky Sports que los usuarios podr\u00e1n dar seguimiento a la actividad de la F1 en todo el planeta, llevando tambi\u00e9n una oferta a la televisi\u00f3n abierta, que tendr\u00e1 un total de tres Grandes Premios por temporada.<\/p>\n<p class=\"mb-4 text-lg md:leading-8 break-words\">El trabajo entre ambas partes comenzar\u00e1 este fin de semana con el GP de Austin, una de las carreras m\u00e1s emocionantes del calendario, y seguir\u00e1 con el GP de M\u00e9xico.<\/p>\n<p class=\"mb-4 text-lg md:leading-8 break-words\">\u00abNos llena de orgullo anunciar que la F\u00f3rmula 1 ser\u00e1 transmitida en su totalidad a trav\u00e9s de diversas ventanas multiplataforma en TV abierta y restringida, comenzando con las transmisiones de los Grandes Premios de Austin y M\u00e9xico\u00bb, mencion\u00f3 Olek Loewenstein, presidente global de deportes de TelevisaUnivision.<\/p>\n","protected":false},"excerpt":{"rendered":"CIUDAD DE M\u00c9XICO, octubre 15 (EL UNIVERSAL).- Luego de d\u00edas llenos de incertidumbre para los aficionados del deporte&hellip;\n","protected":false},"author":2,"featured_media":179637,"comment_status":"","ping_status":"","sticky":false,"template":"","format":"standard","meta":{"footnotes":""},"categories":[270],"tags":[168,25,24,306,271,272,16702,51130,469,1906,23,167,16750],"class_list":{"0":"post-179636","1":"post","2":"type-post","3":"status-publish","4":"format-standard","5":"has-post-thumbnail","7":"category-formula-1","8":"tag-deportes","9":"tag-es","10":"tag-espana","11":"tag-f1","12":"tag-formula-1","13":"tag-formula1","14":"tag-gran-premio-de-mexico","15":"tag-grandes-premios","16":"tag-la-formula","17":"tag-mexico","18":"tag-spain","19":"tag-sports","20":"tag-televisa"},"share_on_mastodon":{"url":"","error":""},"_links":{"self":[{"href":"https:\/\/www.europesays.com\/es\/wp-json\/wp\/v2\/posts\/179636","targetHints":{"allow":["GET"]}}],"collection":[{"href":"https:\/\/www.europesays.com\/es\/wp-json\/wp\/v2\/posts"}],"about":[{"href":"https:\/\/www.europesays.com\/es\/wp-json\/wp\/v2\/types\/post"}],"author":[{"embeddable":true,"href":"https:\/\/www.europesays.com\/es\/wp-json\/wp\/v2\/users\/2"}],"replies":[{"embeddable":true,"href":"https:\/\/www.europesays.com\/es\/wp-json\/wp\/v2\/comments?post=179636"}],"version-history":[{"count":0,"href":"https:\/\/www.europesays.com\/es\/wp-json\/wp\/v2\/posts\/179636\/revisions"}],"wp:featuredmedia":[{"embeddable":true,"href":"https:\/\/www.europesays.com\/es\/wp-json\/wp\/v2\/media\/179637"}],"wp:attachment":[{"href":"https:\/\/www.europesays.com\/es\/wp-json\/wp\/v2\/media?parent=179636"}],"wp:term":[{"taxonomy":"category","embeddable":true,"href":"https:\/\/www.europesays.com\/es\/wp-json\/wp\/v2\/categories?post=179636"},{"taxonomy":"post_tag","embeddable":true,"href":"https:\/\/www.europesays.com\/es\/wp-json\/wp\/v2\/tags?post=179636"}],"curies":[{"name":"wp","href":"https:\/\/api.w.org\/{rel}","templated":true}]}}