{"id":179666,"date":"2025-10-16T01:56:09","date_gmt":"2025-10-16T01:56:09","guid":{"rendered":"https:\/\/www.europesays.com\/es\/179666\/"},"modified":"2025-10-16T01:56:09","modified_gmt":"2025-10-16T01:56:09","slug":"exodo-o-renovacion-masiva-en-el-ademar","status":"publish","type":"post","link":"https:\/\/www.europesays.com\/es\/179666\/","title":{"rendered":"\u00c9xodo o renovaci\u00f3n masiva en el Ademar"},"content":{"rendered":"<p>                                    <img decoding=\"async\" loading=\"lazy\" src=\"https:\/\/www.europesays.com\/es\/wp-content\/uploads\/2025\/10\/65f85879beb73.jpeg\" alt=\"Pablo Rioja\" width=\"40\" height=\"40\" data-full-src=\"https:\/\/www.europesays.com\/es\/wp-content\/uploads\/2025\/10\/65f85879beb73.jpeg\"\/><\/p>\n<p class=\"paragraph\">Renovaci\u00f3n o \u00e9xodo multitudinario en el Abanca Ademar 2026-2027. M\u00e1s de la mitad de la plantilla actual del conjunto leon\u00e9s acaba contrato este curso y alg\u00fan otro tiene cl\u00e1usula opcional de +1 que depender\u00e1 de la directiva. Son muy pocos \u2014los m\u00ednimos\u2014 quienes s\u00ed tienen garantizada su continuidad m\u00e1s all\u00e1, aunque lo cierto es que cualquier rival que pague las cl\u00e1usulas \u2014o alcance un acuerdo\u2014 puede llev\u00e1rselos de todos modos. Como suele reconocer el presidente, Cayetano Franco, \u00abpoco podemos hacer cuando vienen a por uno de nuestros jugadores\u00bb. La econom\u00eda ademarista est\u00e1 \u2018cogida con pinzas\u2019 y se antoja pr\u00e1cticamente imposible ofrecer mejoras sustanciales de sueldo.<\/p>\n<p class=\"paragraph\">Un problema que se presenta casi todas las temporadas, pero que en esta ocasi\u00f3n se agrava por la cantidad de jugadores que o bien se sientan a negociar una ampliaci\u00f3n con la directiva o escuchan ofertas y cambian de aires. Son doce los que no tienen claro qu\u00e9 pasar\u00e1 m\u00e1s all\u00e1 del mes de junio de 2026. La porter\u00eda acapara parte de la atenci\u00f3n con Saeid y \u00c1lvaro P\u00e9rez en su \u00faltimo a\u00f1o de contrato. Habr\u00e1 que ver si mantienen a una de las mejores parejas de la Liga o toca renovarla parcial o totalmente. El que se va con toda seguridad \u2014salvo giro inesperado de guion\u2014 es Gonzalo P\u00e9rez, que se comprometi\u00f3 solo por un a\u00f1o hasta volver a poner rumbo fuera de Espa\u00f1a la campa\u00f1a que viene. Otros extremos como Dar\u00edo o \u00c1lvaro tambi\u00e9n est\u00e1n obligados a entenderse con la c\u00fapula o negociar.<\/p>\n<p class=\"paragraph\">Mi\u00f1ambres, Alberto, Rozada, Samuel, Adri Fern\u00e1ndez y Wasiak tampoco saben si Le\u00f3n ser\u00e1 su casa o termina su aventura en el Abanca Ademar. Fuentes internas de la entidad aseguran que la voluntad mayoritaria es la de seguir defendiendo la el\u00e1stica ademarista, pero no a cualquier precio. Toca estudiar cada caso, ver el rendimiento y la planificaci\u00f3n deportiva. \u00bfHay tiempo? No tanto como parece, porque en el balonmano una buena parte de los contratos se acostumbran a cerrar a principios de a\u00f1o. Quedan meses de conversaciones, tiras y aflojas hasta dibujar el plantel que viene. Un &#8216;baby Ademar&#8217; que de momento rinde a buen nivel a las \u00f3rdenes de Dani Gordo, que por cierto tambi\u00e9n acaba contrato, lo mismo que su staff t\u00e9cnico.<\/p>\n<p class=\"paragraph\">En el cap\u00edtulo de fichajes, el \u00fanico avanzado \u2014o al menos esa es la intenci\u00f3n\u2014 es el de Juan Castro, que volver\u00eda a casa.<\/p>\n","protected":false},"excerpt":{"rendered":"Renovaci\u00f3n o \u00e9xodo multitudinario en el Abanca Ademar 2026-2027. M\u00e1s de la mitad de la plantilla actual del&hellip;\n","protected":false},"author":2,"featured_media":179667,"comment_status":"","ping_status":"","sticky":false,"template":"","format":"standard","meta":{"footnotes":""},"categories":[278],"tags":[5871,376,168,95,25,24,375,1675,23,167,13243],"class_list":{"0":"post-179666","1":"post","2":"type-post","3":"status-publish","4":"format-standard","5":"has-post-thumbnail","7":"category-balonmano","8":"tag-ademar","9":"tag-balonmano","10":"tag-deportes","11":"tag-economia","12":"tag-es","13":"tag-espana","14":"tag-handball","15":"tag-liga-asobal","16":"tag-spain","17":"tag-sports","18":"tag-sueldos"},"share_on_mastodon":{"url":"","error":""},"_links":{"self":[{"href":"https:\/\/www.europesays.com\/es\/wp-json\/wp\/v2\/posts\/179666","targetHints":{"allow":["GET"]}}],"collection":[{"href":"https:\/\/www.europesays.com\/es\/wp-json\/wp\/v2\/posts"}],"about":[{"href":"https:\/\/www.europesays.com\/es\/wp-json\/wp\/v2\/types\/post"}],"author":[{"embeddable":true,"href":"https:\/\/www.europesays.com\/es\/wp-json\/wp\/v2\/users\/2"}],"replies":[{"embeddable":true,"href":"https:\/\/www.europesays.com\/es\/wp-json\/wp\/v2\/comments?post=179666"}],"version-history":[{"count":0,"href":"https:\/\/www.europesays.com\/es\/wp-json\/wp\/v2\/posts\/179666\/revisions"}],"wp:featuredmedia":[{"embeddable":true,"href":"https:\/\/www.europesays.com\/es\/wp-json\/wp\/v2\/media\/179667"}],"wp:attachment":[{"href":"https:\/\/www.europesays.com\/es\/wp-json\/wp\/v2\/media?parent=179666"}],"wp:term":[{"taxonomy":"category","embeddable":true,"href":"https:\/\/www.europesays.com\/es\/wp-json\/wp\/v2\/categories?post=179666"},{"taxonomy":"post_tag","embeddable":true,"href":"https:\/\/www.europesays.com\/es\/wp-json\/wp\/v2\/tags?post=179666"}],"curies":[{"name":"wp","href":"https:\/\/api.w.org\/{rel}","templated":true}]}}