{"id":179668,"date":"2025-10-16T01:58:09","date_gmt":"2025-10-16T01:58:09","guid":{"rendered":"https:\/\/www.europesays.com\/es\/179668\/"},"modified":"2025-10-16T01:58:09","modified_gmt":"2025-10-16T01:58:09","slug":"el-inedito-record-que-hara-historia-en-la-ufc","status":"publish","type":"post","link":"https:\/\/www.europesays.com\/es\/179668\/","title":{"rendered":"el in\u00e9dito r\u00e9cord que har\u00e1 historia en la UFC"},"content":{"rendered":"<p data-gtm-element-container=\"modulo-texto-link\" class=\"paragraph\">La ambici\u00f3n de <strong>Merab Dvalishvili<\/strong> es constante, algo que le permiti\u00f3 ser una de las <strong>m\u00e1ximas <a href=\"https:\/\/www.mundodeportivo.com\/us\/ufc\/20251007\/731988\/ufc-casa-blanca-sancion-complicar-presencia-conor-mcgregor-evento.html\" title=\"UFC en la Casa Blanca: la sanci\u00f3n que podr\u00eda complicar la presencia de Conor McGregor en el evento\" rel=\"nofollow noopener\" target=\"_blank\">figuras de la UFC<\/a><\/strong> en los \u00faltimos a\u00f1os. En l\u00ednea con esto, el <strong>campe\u00f3n del peso gallo<\/strong> volver\u00e1 al oct\u00e1gono el pr\u00f3ximo <strong>6 de diciembre<\/strong>, evento que marcar\u00e1 un <strong>hecho hist\u00f3rico<\/strong> para la disciplina.<\/p>\n<p>El r\u00e9cord que batir\u00e1 Merab Dvalishvili en la UFC el pr\u00f3ximo 6 de diciembre<\/p>\n<p data-gtm-element-container=\"modulo-texto-link\" class=\"paragraph\">En el marco del <strong>UFC 323<\/strong>, <strong>Merab Dvalishvili<\/strong> har\u00e1 historia al lograr algo \u00fanico: <strong>defender su cintur\u00f3n por cuarta vez en un mismo a\u00f1o<\/strong>. Su rival ser\u00e1 <strong>Petr Yan<\/strong>, ex monarca de la divisi\u00f3n y uno de los nombres m\u00e1s reconocidos del peso gallo.<\/p>\n<blockquote class=\"twitter-tweet\" data-lang=\"es\"><p>\n<a href=\"https:\/\/twitter.com\/ufc\/status\/1977820047910539544\" rel=\"nofollow noopener\" target=\"_blank\">\n<\/p><\/blockquote>\n<p data-gtm-element-container=\"modulo-texto-link\" class=\"paragraph\">De esta manera, el georgiano super\u00f3 lo hecho por nombres importantes que llegaron a <strong>tres defensas del t\u00edtulo<\/strong> como <strong>Frank Shamrock<\/strong> en 1998, <strong>Tito Ortiz<\/strong>, <strong>Matt Hughes<\/strong>, <strong>Chuck Liddell<\/strong>, <strong>Demetrious Johnson<\/strong>, <strong>Kamaru Usman<\/strong> y <strong>Alex Pereira<\/strong>, quienes se quedaron en la antesala de lo que \u00e9l lograr\u00e1 este a\u00f1o.<\/p>\n<p data-gtm-element-container=\"modulo-texto-link\" class=\"paragraph\"><strong>Merab Dvalishvili<\/strong> igual\u00f3 ese r\u00e9cord hace apenas unas semanas, cuando <strong>venci\u00f3 con claridad a Cory Sandhagen por decisi\u00f3n un\u00e1nime<\/strong>. Pero su ambici\u00f3n no se detuvo ah\u00ed: pidi\u00f3 pelear una vez m\u00e1s antes de cerrar 2025, y la organizaci\u00f3n escuch\u00f3.<\/p>\n<p data-gtm-element-container=\"modulo-texto-link\" class=\"paragraph\"><strong>Dana White<\/strong>, <strong>presidente de la UFC<\/strong>, confirm\u00f3 durante el \u00faltimo anuncio de carteleras que <strong>Merab encabezar\u00e1 el UFC 323<\/strong>, permiti\u00e9ndole llegar a la marca antes mencionada e intentar retener ese t\u00edtulo de su categor\u00eda.<\/p>\n<p>        Lee tambi\u00e9n<\/p>\n<p>    Yanella Palacios<\/p>\n<p>             <img loading=\"lazy\" decoding=\"async\" data-full-src=\"https:\/\/www.mundodeportivo.com\/us\/uploads\/2025\/01\/17\/678a73542bb91.jpeg\" alt=\"Logan Paul\" width=\"334\" height=\"164\" src=\"https:\/\/www.europesays.com\/es\/wp-content\/uploads\/2025\/10\/678a73542bb91.jpeg\" class=\"lazy\"\/><\/p>\n<p data-gtm-element-container=\"modulo-texto-link\" class=\"paragraph\">Para celebrar su gran presente, el luchador acudi\u00f3 a su cuenta de X: \u00ab<strong>Estoy de vuelta, cabrones<\/strong>\u00ab, escribi\u00f3 junto a un video de su duro entrenamiento a falta de unas cuantas semanas para enfrentarse a Petr Yan.<\/p>\n<p><script async src=\"https:\/\/platform.twitter.com\/widgets.js\" charset=\"utf-8\"><\/script><\/p>\n","protected":false},"excerpt":{"rendered":"La ambici\u00f3n de Merab Dvalishvili es constante, algo que le permiti\u00f3 ser una de las m\u00e1ximas figuras de&hellip;\n","protected":false},"author":2,"featured_media":179669,"comment_status":"","ping_status":"","sticky":false,"template":"","format":"standard","meta":{"footnotes":""},"categories":[276],"tags":[168,25,24,23,167,343],"class_list":{"0":"post-179668","1":"post","2":"type-post","3":"status-publish","4":"format-standard","5":"has-post-thumbnail","7":"category-ufc","8":"tag-deportes","9":"tag-es","10":"tag-espana","11":"tag-spain","12":"tag-sports","13":"tag-ufc"},"share_on_mastodon":{"url":"","error":""},"_links":{"self":[{"href":"https:\/\/www.europesays.com\/es\/wp-json\/wp\/v2\/posts\/179668","targetHints":{"allow":["GET"]}}],"collection":[{"href":"https:\/\/www.europesays.com\/es\/wp-json\/wp\/v2\/posts"}],"about":[{"href":"https:\/\/www.europesays.com\/es\/wp-json\/wp\/v2\/types\/post"}],"author":[{"embeddable":true,"href":"https:\/\/www.europesays.com\/es\/wp-json\/wp\/v2\/users\/2"}],"replies":[{"embeddable":true,"href":"https:\/\/www.europesays.com\/es\/wp-json\/wp\/v2\/comments?post=179668"}],"version-history":[{"count":0,"href":"https:\/\/www.europesays.com\/es\/wp-json\/wp\/v2\/posts\/179668\/revisions"}],"wp:featuredmedia":[{"embeddable":true,"href":"https:\/\/www.europesays.com\/es\/wp-json\/wp\/v2\/media\/179669"}],"wp:attachment":[{"href":"https:\/\/www.europesays.com\/es\/wp-json\/wp\/v2\/media?parent=179668"}],"wp:term":[{"taxonomy":"category","embeddable":true,"href":"https:\/\/www.europesays.com\/es\/wp-json\/wp\/v2\/categories?post=179668"},{"taxonomy":"post_tag","embeddable":true,"href":"https:\/\/www.europesays.com\/es\/wp-json\/wp\/v2\/tags?post=179668"}],"curies":[{"name":"wp","href":"https:\/\/api.w.org\/{rel}","templated":true}]}}