{"id":179672,"date":"2025-10-16T02:02:13","date_gmt":"2025-10-16T02:02:13","guid":{"rendered":"https:\/\/www.europesays.com\/es\/179672\/"},"modified":"2025-10-16T02:02:13","modified_gmt":"2025-10-16T02:02:13","slug":"aston-martin-pone-a-newey-como-pieza-fundamental-en-alianza-con-honda-en-2026-noticia-de-f1","status":"publish","type":"post","link":"https:\/\/www.europesays.com\/es\/179672\/","title":{"rendered":"Aston Martin pone a Newey como pieza fundamental en alianza con Honda en 2026 &#8211; Noticia de F1"},"content":{"rendered":"<p>\n                Andy Cowell valor\u00f3 la experiencia de Adrian Newey trabajando con Honda. (Foto: Aston Martin)\n              <\/p>\n<p><strong>Aston Martin<\/strong> dejar\u00e1 de ser cliente de motores <strong>Mercedes<\/strong> y ser\u00e1 el \u00fanico equipo que utilizar\u00e1 la unidad de potencia <strong>Honda<\/strong> en la <strong>temporada 2026<\/strong> de <strong>F\u00f3rmula 1<\/strong>. El director del equipo, <strong>Andy Cowell<\/strong>, se mostr\u00f3 optimista sobre la colaboraci\u00f3n y afirm\u00f3 que el desarrollo del motor <strong>2026<\/strong> avanza a buen ritmo. El brit\u00e1nico tambi\u00e9n cree que la relaci\u00f3n de <strong>Adrian Newey<\/strong> con el fabricante japon\u00e9s ser\u00e1 crucial para la colaboraci\u00f3n.<\/p>\n<p>Honda finalizar\u00e1 su colaboraci\u00f3n con <strong>Red Bull<\/strong> al final de la temporada actual. Juntos desde <strong>2019<\/strong>, han ganado dos t\u00edtulos del <strong>Campeonato de Constructores<\/strong> y cuatro del <strong>Campeonato de Pilotos<\/strong>, todos con <strong>Max Verstappen<\/strong>.<\/p>\n<p>\ud83d\udfe5\u00a0<strong>\u00a1Todas las novedades te esperan en el canal de\u00a0<\/strong><a href=\"https:\/\/www.youtube.com\/@GrandePremioES\" rel=\"nofollow noopener\" target=\"_blank\">YouTube<\/a><strong>\u00a0de Grande Pr\u00eamio en Espa\u00f1ol!<\/strong>\u00a0\ud83d\udfe8<\/p>\n<p>Aston Martin tambi\u00e9n ha contado con Newey, el \u00abmago de la aerodin\u00e1mica\u00bb, trabajando en el coche 2026 desde que se uni\u00f3 al equipo a principios de a\u00f1o. El dise\u00f1ador trabaj\u00f3 junto al fabricante japon\u00e9s durante el exitoso periodo de colaboraci\u00f3n con el equipo austr\u00edaco, lo que refuerza a\u00fan m\u00e1s la confianza de Cowell para la pr\u00f3xima temporada.<\/p>\n<p>Inmediatamente despu\u00e9s del <strong>Gran Premio de Singapur<\/strong>, el director de Aston Martin abord\u00f3 un avi\u00f3n con destino a <strong>Sakura<\/strong>. El objetivo era pasar unos d\u00edas con el personal de la f\u00e1brica nipona y analizar el estado actual del proyecto. A\u00fan no ha revelado las conclusiones, pero el ambiente es claramente optimista.<\/p>\n<p>\u00abS\u00ed, Honda lo est\u00e1 haciendo muy bien\u00bb, comenz\u00f3 Cowell. \u00abEs una organizaci\u00f3n impulsada por la ingenier\u00eda, al igual que Aston Martin. Son innovadores, y su pasi\u00f3n, compromiso y valent\u00eda son enormes\u00bb, continu\u00f3.<\/p>\n<p>\u00abEs un momento emocionante para nosotros, pasar de ser un equipo cliente, donde ten\u00edamos muy poca influencia en la parte trasera del coche, a discutir c\u00f3mo deber\u00eda ser la parte delantera del motor, c\u00f3mo refrigerarlo, c\u00f3mo integrarlo con la transmisi\u00f3n, c\u00f3mo hacer que todo funcione\u00bb, explic\u00f3.<\/p>\n<p><img fetchpriority=\"high\" decoding=\"async\" width=\"1012\" height=\"675\" data-attachment-id=\"340628\" data-permalink=\"https:\/\/grandepremio.com\/es\/f1\/newey-niega-renunciado-red-bull-aston-martin-f1-2025\/attachment\/monaco-2025-f1-quinta-feira-aston-martin-adrian-newey-01-2\/\" data-orig-file=\"https:\/\/www.europesays.com\/es\/wp-content\/uploads\/2025\/10\/monaco-2025-f1-quinta-feira-aston-martin-adrian-newey-01.webp.webp\" data-orig-size=\"1012,675\" data-comments-opened=\"1\" data-image-meta=\"{\" aperture=\"\" data-image-title=\"monaco-2025-f1-quinta-feira-aston-martin-adrian-newey-01\" data-image-description=\"\" data-image-caption=\"&lt;p&gt;Andy Cowell dijo que Newey ser\u00e1 un actor clave en la relaci\u00f3n con Honda en 2026. (Foto: Aston Martin)&lt;\/p&gt;&#10;\" data-medium-file=\"https:\/\/grandepremio.com\/es\/wp-content\/uploads\/2025\/05\/monaco-2025-f1-quinta-feira-aston-martin-adrian-newey-01-300x200.webp\" data-large-file=\"https:\/\/www.europesays.com\/es\/wp-content\/uploads\/2025\/10\/monaco-2025-f1-quinta-feira-aston-martin-adrian-newey-01.webp.webp\" src=\"https:\/\/www.europesays.com\/es\/wp-content\/uploads\/2025\/10\/monaco-2025-f1-quinta-feira-aston-martin-adrian-newey-01.webp.webp\" alt=\"\" class=\"wp-image-340628\"  \/>Andy Cowell dijo que Newey ser\u00e1 un actor clave en la relaci\u00f3n con Honda en 2026. (Foto: Aston Martin)<\/p>\n<p>\u23e9\u00a0<strong>\u00a1Seguinos en redes por\u00a0<\/strong><a href=\"https:\/\/twitter.com\/grandepremioES\" rel=\"nofollow noopener\" target=\"_blank\">Twitter\u00a0<\/a><strong>e\u00a0<\/strong><a href=\"https:\/\/www.instagram.com\/grandepremioes\/\" rel=\"nofollow noopener\" target=\"_blank\">Instagram!<br \/><\/a>\u23e9\u00a0<strong>Adem\u00e1s, tenemos nuestro\u00a0<\/strong><a href=\"https:\/\/whatsapp.com\/channel\/0029VaDZ5zb0gcfDxuwxBM05\" rel=\"nofollow noopener\" target=\"_blank\">canal de Whatsapp<\/a><strong>\u00a0con toda la informaci\u00f3n al instante<\/strong>\u00a0\ud83c\udfc1<\/p>\n<p>\u00abCreo que ah\u00ed es donde la llegada de Adrian en marzo resulta realmente \u00fatil. Tiene experiencia trabajando con Honda, as\u00ed que ya comprendemos de forma natural qu\u00e9 se puede impulsar y qu\u00e9 no. As\u00ed que, s\u00ed, es un momento muy especial\u00bb, enfatiz\u00f3.<\/p>\n<p>\u00abEs un reto fascinante. Nadie puede cambiar la fecha de la primera prueba ni del primer Gran Premio. Todos estamos haciendo todo lo posible por innovar y mejorar el rendimiento. Pero todos sabemos que no se pueden puntuar si no se termina la carrera, y tenemos que encontrar ese equilibrio eterno\u00bb, reconoci\u00f3.<\/p>\n<p>\u00abCreo que estas ser\u00e1n carreras emocionantes en comparaci\u00f3n con a\u00f1os anteriores. Ser\u00e1 interesante ver c\u00f3mo se desarrolla todo, pero sin duda tenemos muchas ganas\u00bb, concluy\u00f3.<\/p>\n<p>La\u00a0<strong>F\u00f3rmula 1<\/strong>\u00a0regresa del 17 al 19 de octubre al\u00a0<strong>Circuito de las Am\u00e9ricas en Austin<\/strong>, sede del\u00a0<strong>Gran Premio de Estados Unidos<\/strong>, la 19\u00aa ronda de la\u00a0<strong>temporada 2025<\/strong>.<\/p>\n<p>      <script async src=\"https:\/\/platform.twitter.com\/widgets.js\" charset=\"utf-8\"><\/script><script async src=\"\/\/www.instagram.com\/embed.js\"><\/script><\/p>\n","protected":false},"excerpt":{"rendered":"Andy Cowell valor\u00f3 la experiencia de Adrian Newey trabajando con Honda. (Foto: Aston Martin) Aston Martin dejar\u00e1 de&hellip;\n","protected":false},"author":2,"featured_media":179673,"comment_status":"","ping_status":"","sticky":false,"template":"","format":"standard","meta":{"footnotes":""},"categories":[270],"tags":[168,25,24,306,271,272,23,167],"class_list":{"0":"post-179672","1":"post","2":"type-post","3":"status-publish","4":"format-standard","5":"has-post-thumbnail","7":"category-formula-1","8":"tag-deportes","9":"tag-es","10":"tag-espana","11":"tag-f1","12":"tag-formula-1","13":"tag-formula1","14":"tag-spain","15":"tag-sports"},"share_on_mastodon":{"url":"","error":""},"_links":{"self":[{"href":"https:\/\/www.europesays.com\/es\/wp-json\/wp\/v2\/posts\/179672","targetHints":{"allow":["GET"]}}],"collection":[{"href":"https:\/\/www.europesays.com\/es\/wp-json\/wp\/v2\/posts"}],"about":[{"href":"https:\/\/www.europesays.com\/es\/wp-json\/wp\/v2\/types\/post"}],"author":[{"embeddable":true,"href":"https:\/\/www.europesays.com\/es\/wp-json\/wp\/v2\/users\/2"}],"replies":[{"embeddable":true,"href":"https:\/\/www.europesays.com\/es\/wp-json\/wp\/v2\/comments?post=179672"}],"version-history":[{"count":0,"href":"https:\/\/www.europesays.com\/es\/wp-json\/wp\/v2\/posts\/179672\/revisions"}],"wp:featuredmedia":[{"embeddable":true,"href":"https:\/\/www.europesays.com\/es\/wp-json\/wp\/v2\/media\/179673"}],"wp:attachment":[{"href":"https:\/\/www.europesays.com\/es\/wp-json\/wp\/v2\/media?parent=179672"}],"wp:term":[{"taxonomy":"category","embeddable":true,"href":"https:\/\/www.europesays.com\/es\/wp-json\/wp\/v2\/categories?post=179672"},{"taxonomy":"post_tag","embeddable":true,"href":"https:\/\/www.europesays.com\/es\/wp-json\/wp\/v2\/tags?post=179672"}],"curies":[{"name":"wp","href":"https:\/\/api.w.org\/{rel}","templated":true}]}}