{"id":179688,"date":"2025-10-16T02:11:08","date_gmt":"2025-10-16T02:11:08","guid":{"rendered":"https:\/\/www.europesays.com\/es\/179688\/"},"modified":"2025-10-16T02:11:08","modified_gmt":"2025-10-16T02:11:08","slug":"de-firmar-un-contrato-por-200-millones-de-euros-y-ganar-5-champions-con-el-real-madrid-al-miedo-de-quedar-en-bancarrota","status":"publish","type":"post","link":"https:\/\/www.europesays.com\/es\/179688\/","title":{"rendered":"De firmar un contrato por 200 millones de euros y ganar 5 Champions con el Real Madrid al miedo de quedar en bancarrota"},"content":{"rendered":"<p><img alt=\"Gareth Bale, futbolista y embajador\" class=\"global-image\" decoding=\"async\" fetchpriority=\"high\" height=\"4528\" loading=\"eager\" src=\"https:\/\/www.europesays.com\/es\/wp-content\/uploads\/2025\/10\/GSVNQDOVEVFWNO42OS7QRIPUYU.jpg\" width=\"6792\"\/>Gareth Bale, futbolista y embajador gal\u00e9s posa despu\u00e9s de que Reino Unido e Irlanda fueran elegidos para albergar el torneo de f\u00fatbol Euro 2028 durante la ceremonia de anuncio de los anfitriones de la UEFA EURO 2028 y 2032 en la sede de la UEFA , en Nyon, Suiza. EFE\/EPA\/JEAN-CHRISTOPHE BOTT&#13;<\/p>\n<p class=\"paragraph\">Para la mayor\u00eda de los fan\u00e1ticos del f\u00fatbol, las estrellas que supieron brillar en competiciones europeas jam\u00e1s deber\u00edan tener temores en relaci\u00f3n a la econom\u00eda de cada individuo. Sin embargo, hay casos que exceden a la regla y confirman que las estrellas tambi\u00e9n tienen sus dificultades internas, a pesar de contar con salarios extremadamente superiores al de la media.<\/p>\n<p class=\"paragraph\">Un caso que ha llamado la atenci\u00f3n en las \u00faltimas horas fue el de <b>Gareth Bale<\/b>, aquel extremo que supo brillar en el<b> Real Madrid, Tottenham, Southampton, Los \u00c1ngeles FC<\/b> y la selecci\u00f3n de <b>Gales<\/b>. A pesar de haber conquistado en cinco ocasiones la <b>Champions League<\/b> con el Merengue y haber gestado una trayectoria a base de t\u00edtulos con la Casa Blanca, el ex delantero que actualmente se dedica al golf revel\u00f3 sus inseguridades m\u00e1s \u00edntimas. <\/p>\n<p class=\"paragraph\"><b>El temor a la bancarrota <\/b>ha marcado la transici\u00f3n de <b>Gareth Bale<\/b> desde su retiro del f\u00fatbol profesional, pese a los m\u00e1s de<b> 170 millones de euros obtenidos durante su carrera<\/b>, especialmente en su etapa con la camiseta del club de la capital espa\u00f1ola. El gal\u00e9s, que anunci\u00f3 su retiro en enero de 2023 tras una breve experiencia en la <b>MLS<\/b>, ha optado por <b>diversificar sus inversiones para proteger su patrimonio<\/b>, seg\u00fan relat\u00f3 en una entrevista con Front Office Sports.<\/p>\n<p class=\"paragraph\">La preocupaci\u00f3n por el futuro financiero tras el retiro no es infrecuente entre deportistas de \u00e9lite. <b>Gareth Bale<\/b> confes\u00f3 que <b>el riesgo de perderlo todo siempre estuvo presente en su mente<\/b>: \u201c<b>Siempre fue algo que me asust\u00f3<\/b>\u201d, explic\u00f3, aludiendo a los numerosos casos de atletas que, tras finalizar sus carreras, enfrentan graves dificultades econ\u00f3micas. <\/p>\n<p class=\"paragraph\">El ex atacante se\u00f1al\u00f3 que la falta de conocimientos para gestionar grandes sumas de dinero suele ser un factor determinante en estos desenlaces. \u201c<b>Lees art\u00edculos sobre deportistas que terminan sus carreras y acaban en la bancarrota<\/b>\u201d, coment\u00f3, y a\u00f1adi\u00f3 que<b> muchos colegas optan por un estilo de vida lujoso, algo que \u00e9l procur\u00f3 evitar<\/b>. \u201c<b>Muchos atletas viven una vida de lujo, algo que yo intent\u00e9 no hacer<\/b>\u201d, argument\u00f3.<\/p>\n<p class=\"paragraph\">El paso de <b>Gareth Bale<\/b> por el <b>Real Madrid<\/b> comenz\u00f3 en <b>2013<\/b>, tras protagonizar una de las transferencias m\u00e1s costosas de la historia cuando ya era una estrella en el <b>Tottenham Hotspur<\/b>. Durante nueve temporadas, con un par\u00e9ntesis en el que regres\u00f3 cedido al equipo ingl\u00e9s, el gal\u00e9s acumul\u00f3 una fortuna considerable. Sin embargo, el final de su carrera deportiva le plante\u00f3 una pregunta fundamental: \u201c<b>\u00bfC\u00f3mo hace la gente para reestructurar sus vidas?<\/b>\u201d. Para responder a ese desaf\u00edo, opt\u00f3 por<b> invertir en distintos sectores<\/b>, convencido de que<b> la diversificaci\u00f3n era la mejor estrategia para protegerse de posibles fracasos. \u201cSi una de ellas fallaba, no lo perder\u00eda todo\u201d<\/b>, explic\u00f3.<\/p>\n<p class=\"paragraph\">Entre las iniciativas empresariales que ha explorado tras su retiro, ha apostado por<b> bares tem\u00e1ticos vinculados al <\/b><b>minigolf<\/b>, una disciplina que tambi\u00e9n ha practicado a nivel profesional. Adem\u00e1s, ha incursionado como <b>comentarista en la televisi\u00f3n brit\u00e1nica<\/b> durante partidos de la <b>Champions League.<\/b> Su nombre tambi\u00e9n ha sido vinculado al <b>Cardiff City<\/b>, el club de su ciudad natal y donde comenz\u00f3 a destacar como futbolista, en calidad de<b> posible propietario<\/b>. Aunque no ha confirmado ni desmentido su inter\u00e9s en adquirir una participaci\u00f3n en la entidad, expres\u00f3 su afecto por el equipo: \u201c<b>Es un club que lleva varios a\u00f1os en declive, pero que tiene un gran potencial siendo el \u00fanico club de la ciudad<\/b>\u201d, concluy\u00f3. En la mente de Bale, <b>sus objetivos en el deporte que tanto amaba fueron cumplidos <\/b>y los traslad\u00f3 al golf, donde particip\u00f3 de los torneos m\u00e1s importantes del planeta.<\/p>\n<p><img alt=\"El gal\u00e9s en el BMW\" class=\"global-image\" decoding=\"async\" fetchpriority=\"low\" height=\"4000\" loading=\"lazy\" src=\"https:\/\/www.europesays.com\/es\/wp-content\/uploads\/2025\/10\/WJVFVHHYMBHERPOUZHUCY5K25A.JPG\" width=\"6000\"\/>El gal\u00e9s en el BMW PGA Championship &#8211; Wentworth Club de Virginia. Foto: Reuters\/Andrew Couldridge<\/p>\n","protected":false},"excerpt":{"rendered":"Gareth Bale, futbolista y embajador gal\u00e9s posa despu\u00e9s de que Reino Unido e Irlanda fueran elegidos para albergar&hellip;\n","protected":false},"author":2,"featured_media":179689,"comment_status":"","ping_status":"","sticky":false,"template":"","format":"standard","meta":{"footnotes":""},"categories":[93],"tags":[51137,22551,168,927,25,24,14136,23,167],"class_list":{"0":"post-179688","1":"post","2":"type-post","3":"status-publish","4":"format-standard","5":"has-post-thumbnail","7":"category-deportes","8":"tag-2021-grafica","9":"tag-celebrando","10":"tag-deportes","11":"tag-deportistas","12":"tag-es","13":"tag-espana","14":"tag-gesto","15":"tag-spain","16":"tag-sports"},"share_on_mastodon":{"url":"","error":""},"_links":{"self":[{"href":"https:\/\/www.europesays.com\/es\/wp-json\/wp\/v2\/posts\/179688","targetHints":{"allow":["GET"]}}],"collection":[{"href":"https:\/\/www.europesays.com\/es\/wp-json\/wp\/v2\/posts"}],"about":[{"href":"https:\/\/www.europesays.com\/es\/wp-json\/wp\/v2\/types\/post"}],"author":[{"embeddable":true,"href":"https:\/\/www.europesays.com\/es\/wp-json\/wp\/v2\/users\/2"}],"replies":[{"embeddable":true,"href":"https:\/\/www.europesays.com\/es\/wp-json\/wp\/v2\/comments?post=179688"}],"version-history":[{"count":0,"href":"https:\/\/www.europesays.com\/es\/wp-json\/wp\/v2\/posts\/179688\/revisions"}],"wp:featuredmedia":[{"embeddable":true,"href":"https:\/\/www.europesays.com\/es\/wp-json\/wp\/v2\/media\/179689"}],"wp:attachment":[{"href":"https:\/\/www.europesays.com\/es\/wp-json\/wp\/v2\/media?parent=179688"}],"wp:term":[{"taxonomy":"category","embeddable":true,"href":"https:\/\/www.europesays.com\/es\/wp-json\/wp\/v2\/categories?post=179688"},{"taxonomy":"post_tag","embeddable":true,"href":"https:\/\/www.europesays.com\/es\/wp-json\/wp\/v2\/tags?post=179688"}],"curies":[{"name":"wp","href":"https:\/\/api.w.org\/{rel}","templated":true}]}}