{"id":179700,"date":"2025-10-16T02:19:12","date_gmt":"2025-10-16T02:19:12","guid":{"rendered":"https:\/\/www.europesays.com\/es\/179700\/"},"modified":"2025-10-16T02:19:12","modified_gmt":"2025-10-16T02:19:12","slug":"oriol-ferre-cuando-la-defensa-esta-bien-el-equipo-se-crece-el-ataque-fluye-y-las-cosas-salen-solas","status":"publish","type":"post","link":"https:\/\/www.europesays.com\/es\/179700\/","title":{"rendered":"Oriol Ferr\u00e9: \u201cCuando la defensa est\u00e1 bien, el equipo se crece, el ataque fluye y las cosas salen solas\u201d"},"content":{"rendered":"<p><strong>El Club Melilla Balonmano Virgen de la Victoria regres\u00f3 a la senda del triunfo tras imponerse al BM La Salle C\u00f3rdoba por 30-22, en un encuentro en el que los melillenses volvieron a mostrar su mejor versi\u00f3n ante su afici\u00f3n. El t\u00e9cnico Oriol Ferr\u00e9 valor\u00f3 la victoria de su equipo, pero sobre todo destac\u00f3 la importancia de la actitud defensiva, la capacidad de reacci\u00f3n del grupo y la necesidad de trasladar esa misma mentalidad a los partidos lejos de casa.<\/strong><\/p>\n<p>El preparador del conjunto melillense analiz\u00f3 en primer lugar c\u00f3mo su equipo fue capaz de darle la vuelta a un encuentro que se hab\u00eda complicado en los primeros minutos: \u201cTen\u00edamos claro, viendo el inicio del partido de Algeciras y el de la semana pasada en Sevilla contra Triana, que si en defensa no estamos exigentes ni valientes, acabamos sufriendo. Los rivales se adaptan a la facilidad que les dejamos para atacar y juegan sin miedo. En cuanto nosotros damos un paso adelante, los equipos contrarios ya sufren m\u00e1s, porque les generamos dudas, y esas dudas siempre nos benefician\u201d.<\/p>\n<p><strong>Reacci\u00f3n<\/strong><\/p>\n<p>Ferr\u00e9 incidi\u00f3 en que la reacci\u00f3n lleg\u00f3 al ajustar la actitud defensiva y exigir m\u00e1s intensidad a sus jugadores: \u201cEn cuanto nos hemos activado en defensa, el equipo ha cambiado por completo. No es que hayamos hecho un ajuste especial, simplemente hemos empezado a hacer lo que quer\u00edamos: defender arriba. Cuando nos atrevemos a hacerlo, todo mejora. Es verdad que cuando la defensa empieza a estar bien, el equipo se crece, el ataque fluye y las cosas salen solas\u201d.<\/p>\n<p>Adem\u00e1s, recalc\u00f3 que el equipo mostr\u00f3 car\u00e1cter para sobreponerse al mal inicio y que supo gestionar el partido con madurez hasta el final: \u201cDespu\u00e9s de esos primeros minutos, el partido ha sido bastante c\u00f3modo. Lo que nos estaba lastrando era el miedo atr\u00e1s, la falta de atrevimiento. Una vez corregido eso, hemos sido el equipo que queremos ser: s\u00f3lidos, intensos y con ritmo. Cuando defendemos bien, el rival tiene que atacar m\u00e1s tiempo, comete m\u00e1s errores y nuestros porteros pueden intervenir m\u00e1s. Esa ha sido la clave de la victoria\u201d.<\/p>\n<p>No obstante, quiso mirar m\u00e1s all\u00e1 del triunfo y centrarse en uno de los principales retos del equipo: mejorar su rendimiento lejos del Pabell\u00f3n Municipal L\u00e1zaro Fern\u00e1ndez. \u201cEst\u00e1 claro que en casa estamos fuertes, pero fuera tenemos que dar un paso m\u00e1s. Los desplazamientos son largos, pasamos todo el d\u00eda fuera, madrugamos, y eso influye. Pero tenemos que aprender a competir con esas circunstancias. Los rivales solo lo hacen una vez en toda la temporada; nosotros, cada quince d\u00edas. Si conseguimos ser m\u00e1s regulares y mantener la intensidad fuera de casa, sacaremos muchos puntos tambi\u00e9n a domicilio\u201d.<\/p>\n<p>El entrenador del Virgen de la Victoria concluy\u00f3 destacando la actitud de sus jugadores y la importancia de seguir creciendo desde la defensa, una se\u00f1a de identidad que, seg\u00fan \u00e9l, debe acompa\u00f1ar al equipo durante toda la temporada.<\/p>\n<p id=\"pvc_stats_10329452\" class=\"pvc_stats total_only  pvc_load_by_ajax_update\" data-element-id=\"10329452\" style=\"\"> <img loading=\"lazy\" class=\"lazy\" decoding=\"async\" width=\"16\" height=\"16\" alt=\"Loading\" src=\"https:\/\/www.europesays.com\/es\/wp-content\/uploads\/2025\/10\/1759987271_991_ajax-loader-2x.gif\" border=\"0\"\/><\/p>\n<p>\t\t\t<img decoding=\"async\" class=\"aioseo-author-bio-compact-image lazy\" src=\"https:\/\/www.europesays.com\/es\/wp-content\/uploads\/2025\/10\/1760581152_976_12617fd1044ec1cdf84c9fcc894e40ee529e9240cb60f6449ec8152bfef3fe40\" alt=\"avatar de autor\"\/><\/p>\n","protected":false},"excerpt":{"rendered":"El Club Melilla Balonmano Virgen de la Victoria regres\u00f3 a la senda del triunfo tras imponerse al BM&hellip;\n","protected":false},"author":2,"featured_media":179701,"comment_status":"","ping_status":"","sticky":false,"template":"","format":"standard","meta":{"footnotes":""},"categories":[278],"tags":[376,168,25,24,375,23,167],"class_list":{"0":"post-179700","1":"post","2":"type-post","3":"status-publish","4":"format-standard","5":"has-post-thumbnail","7":"category-balonmano","8":"tag-balonmano","9":"tag-deportes","10":"tag-es","11":"tag-espana","12":"tag-handball","13":"tag-spain","14":"tag-sports"},"share_on_mastodon":{"url":"","error":""},"_links":{"self":[{"href":"https:\/\/www.europesays.com\/es\/wp-json\/wp\/v2\/posts\/179700","targetHints":{"allow":["GET"]}}],"collection":[{"href":"https:\/\/www.europesays.com\/es\/wp-json\/wp\/v2\/posts"}],"about":[{"href":"https:\/\/www.europesays.com\/es\/wp-json\/wp\/v2\/types\/post"}],"author":[{"embeddable":true,"href":"https:\/\/www.europesays.com\/es\/wp-json\/wp\/v2\/users\/2"}],"replies":[{"embeddable":true,"href":"https:\/\/www.europesays.com\/es\/wp-json\/wp\/v2\/comments?post=179700"}],"version-history":[{"count":0,"href":"https:\/\/www.europesays.com\/es\/wp-json\/wp\/v2\/posts\/179700\/revisions"}],"wp:featuredmedia":[{"embeddable":true,"href":"https:\/\/www.europesays.com\/es\/wp-json\/wp\/v2\/media\/179701"}],"wp:attachment":[{"href":"https:\/\/www.europesays.com\/es\/wp-json\/wp\/v2\/media?parent=179700"}],"wp:term":[{"taxonomy":"category","embeddable":true,"href":"https:\/\/www.europesays.com\/es\/wp-json\/wp\/v2\/categories?post=179700"},{"taxonomy":"post_tag","embeddable":true,"href":"https:\/\/www.europesays.com\/es\/wp-json\/wp\/v2\/tags?post=179700"}],"curies":[{"name":"wp","href":"https:\/\/api.w.org\/{rel}","templated":true}]}}