{"id":179721,"date":"2025-10-16T02:38:16","date_gmt":"2025-10-16T02:38:16","guid":{"rendered":"https:\/\/www.europesays.com\/es\/179721\/"},"modified":"2025-10-16T02:38:16","modified_gmt":"2025-10-16T02:38:16","slug":"la-escalada-del-ipc-hasta-el-3-profundiza-en-la-perdida-de-poder-adquisitivo-de-los-salarios","status":"publish","type":"post","link":"https:\/\/www.europesays.com\/es\/179721\/","title":{"rendered":"La escalada del IPC hasta el 3% profundiza en la p\u00e9rdida de poder adquisitivo de los salarios"},"content":{"rendered":"<p style=\"\">A Espa\u00f1a le est\u00e1 costando m\u00e1s trabajo que al resto de pa\u00edses de la Europa del euro <a href=\"https:\/\/www.abc.es\/economia\/inflacion-escala-septiembre-aleja-ocho-decimas-media-20251015090016-nt.html\" target=\"_self\" data-voc-vtm-id=\"in-text-traffic\" title=\"poner la inflaci\u00f3n bajo control\" rel=\"nofollow noopener\">poner la inflaci\u00f3n bajo control<\/a>. El dato de IPC de septiembre, difundido este mi\u00e9rcoles por el Instituto Nacional de Estad\u00edstica (INE), no solo mostr\u00f3 una <strong>escalada del <\/strong> &#8230; <strong>indicador hasta el 3% interanual<\/strong> sino que ensanch\u00f3 la brecha que separa la evoluci\u00f3n de los precios en Espa\u00f1a y en la zona euro (2,2%) hasta las ocho d\u00e9cimas, alargando ya a dos a\u00f1os el periodo en que la inflaci\u00f3n dom\u00e9stica se sit\u00faa por encima de la de nuestros vecinos.<\/p>\n<p class=\"voc-p\" style=\"\">Como anticipaban los analistas, el IPC est\u00e1 pagando ahora la factura acumulada en los a\u00f1os m\u00e1s duros de la espiral inflacionista, en los que las medidas de alivio fiscal aprobadas por el Gobierno para <a href=\"https:\/\/www.abc.es\/economia\/ano-acaba-precios-record-luz-subida-gas-20241230185502-nt.html\" target=\"_self\" data-voc-vtm-id=\"in-text-traffic\" title=\"reducir el precio de los recibos del gas, la luz\" rel=\"nofollow noopener\">reducir el precio de los recibos del gas, la luz<\/a> y la cesta de la compra contuvieron artificialmente el encarecimiento del coste de la vida y estrecharon, tambi\u00e9n artificialmente, la p\u00e9rdida de poder adquisitivo de los salarios abierta por la pandemia. Retirado el escudo fiscal la <strong>incapacidad de los salarios para absorber el impacto del encarecimiento<\/strong> del coste de la vida ha vuelto a ponerse de manifiesto en toda su crudeza, aportando una explicaci\u00f3n estad\u00edstica al extra\u00f1o fen\u00f3meno de que la confianza de los consumidores en Espa\u00f1a contin\u00fae deprimida pese a los brillantes datos de crecimiento del PIB que arroja la estad\u00edstica oficial.<\/p>\n<p>\nSalarios insuficientes\n<\/p>\n<p class=\"voc-p\" style=\"\">La fotograf\u00eda de lo ocurrido a partir del &#8216;shock&#8217; de la pandemia se resume as\u00ed. Entre el \u00faltimo trimestre de 2019 y el segundo trimestre de este a\u00f1o el coste de la vida en Espa\u00f1a <strong>se ha encarecido cerca de un 21%<\/strong> (20,8%, en concreto), a la luz de la evoluci\u00f3n del \u00edndice general del IPC; en el mismo periodo los salarios por trabajador registrados por el INE en la Encuestra Trimestral de Coste Laboral se han incrementado un 16,4%, lo que acredita una p\u00e9rdida de poder adquisitivo de 4,4 puntos porcentuales.<\/p>\n<p><img decoding=\"async\" id=\"g-encarecimiento-coste-vida-vs-ganancia-salarios-size-S-img\" class=\"g-encarecimiento-coste-vida-vs-ganancia-salarios-size-S-img g-aiImg\" alt=\"\" src=\"https:\/\/www.europesays.com\/es\/wp-content\/uploads\/2025\/10\/encarecimiento-coste-vida-vs-ganancia-salarios-size-S.png\"\/><\/p>\n<p class=\"g-pstyle0\">Encarecimiento del coste de<\/p>\n<p class=\"g-pstyle0\">la vida vs ganancia de los<\/p>\n<p class=\"g-pstyle0\">salarios (sobre 2019)<\/p>\n<p class=\"g-pstyle1\">Evoluci\u00f3n porcentual<\/p>\n<p class=\"g-pstyle1\">Datos hasta el segundo trimestre<\/p>\n<p class=\"g-pstyle4\">Fuente: INE (IPC y para salarios, Encuestra Trimestral de Coste Laboral) ABC<\/p>\n<p><img decoding=\"async\" id=\"g-encarecimiento-coste-vida-vs-ganancia-salarios-size-M-img\" class=\"g-encarecimiento-coste-vida-vs-ganancia-salarios-size-M-img g-aiImg\" alt=\"\" src=\"https:\/\/www.europesays.com\/es\/wp-content\/uploads\/2025\/10\/encarecimiento-coste-vida-vs-ganancia-salarios-size-M.png\"\/><\/p>\n<p class=\"g-pstyle0\">Encarecimiento del coste de la vida vs ganancia<\/p>\n<p class=\"g-pstyle0\">de los salarios (sobre 2019)<\/p>\n<p class=\"g-pstyle1\">Evoluci\u00f3n porcentual<\/p>\n<p class=\"g-pstyle1\">Datos hasta el segundo trimestre <\/p>\n<p class=\"g-pstyle5\">Fuente: INE (IPC y para salarios, Encuestra Trimestral de Coste Laboral) \/ ABC<\/p>\n<p class=\"voc-p\" style=\"\">La brecha en realidad ha sido incluso mayor, pues algunos de los componentes que tienen un peso m\u00e1s relevante en el consumo de los espa\u00f1oles han tenido una evoluci\u00f3n m\u00e1s acelerada. Es el caso de los alimentos, la r\u00fabrica que mayor peso tiene en el IPC, que <strong>acumulan una subida pr\u00f3xima al 36%<\/strong> desde finales de 2019 o de la electricidad, que se ha encarecido un 26%.<\/p>\n<p class=\"voc-p\" style=\"\">Este panorama ha hecho que las llamativas subidas del 5,2%, el 3,7%, el 4,6% y el 4,1% que seg\u00fan el INE experimentaron los salarios por trabajador entre 2021 y 2024 no hayan sido suficientes para mantener el poder adquisitivo de los ciudadanos. Los espa\u00f1oles tendr\u00edan que estar cobrando de media 90 euros m\u00e1s al mes para haber esquivado esa p\u00e9rdida de poder de compra, una cuant\u00eda equivalente a la mitad de una n\u00f3mina mensual. A tanto equivale el <strong>poder adquisitivo perdido tras la pandemia<\/strong>.<\/p>\n<p class=\"voc-p\" style=\"\">Y las expectativas no son halag\u00fce\u00f1as. En lo que va de a\u00f1o el poder de compra de los salarios se ha reducido y no hay expectativa de que la inflaci\u00f3n remita al menos hasta el inicio del pr\u00f3ximo a\u00f1o 2026.<\/p>\n<p class=\"voc-p\" style=\"\">Hay factores que contin\u00faan tensando el IPC. Seis meses despu\u00e9s de que venciera el pasado abril el plazo establecido por el Gobierno para que los municipios espa\u00f1oles regularan la nueva tasa obligatoria para financiar sus servicios municipales de recogida de basuras, el INE ha empezado a reflejar el impacto que la misma ha tenido sobre el bolsillo de los espa\u00f1oles.<\/p>\n<p class=\"voc-p\" style=\"\">El dato de IPC del mes de septiembre <strong>ha revelado un encarecimiento sin precedentes del 30%<\/strong> en el coste de los servicios de recogida de basuras en Espa\u00f1a, coincidiendo con el env\u00edo por parte de los ayuntamientos de los primeros recibos a sus ciudadanos para el pago de la nueva tasa. Se trata de una subida hist\u00f3rica en la serie estad\u00edstica, se explica de forma casi exclusiva por la aplicaci\u00f3n de la nueva tasa regulada por el Gobierno, que se suma, adem\u00e1s, a los que los ciudadanos ya ven\u00edan pagando por el servicio de recogida de basuras a trav\u00e9s de otras partidas (el IBI u otros grav\u00e1menes, dependiendo del ayuntamiento). <\/p>\n","protected":false},"excerpt":{"rendered":"A Espa\u00f1a le est\u00e1 costando m\u00e1s trabajo que al resto de pa\u00edses de la Europa del euro poner&hellip;\n","protected":false},"author":2,"featured_media":179722,"comment_status":"","ping_status":"","sticky":false,"template":"","format":"standard","meta":{"footnotes":""},"categories":[80],"tags":[51140,82,95,94,25,19525,24,11529,852,4233,51139,8282,23],"class_list":{"0":"post-179721","1":"post","2":"type-post","3":"status-publish","4":"format-standard","5":"has-post-thumbnail","7":"category-economia","8":"tag-adquisitivo","9":"tag-business","10":"tag-economia","11":"tag-economy","12":"tag-es","13":"tag-escalada","14":"tag-espana","15":"tag-ipc","16":"tag-perdida","17":"tag-poder","18":"tag-profundiza","19":"tag-salarios","20":"tag-spain"},"share_on_mastodon":{"url":"","error":""},"_links":{"self":[{"href":"https:\/\/www.europesays.com\/es\/wp-json\/wp\/v2\/posts\/179721","targetHints":{"allow":["GET"]}}],"collection":[{"href":"https:\/\/www.europesays.com\/es\/wp-json\/wp\/v2\/posts"}],"about":[{"href":"https:\/\/www.europesays.com\/es\/wp-json\/wp\/v2\/types\/post"}],"author":[{"embeddable":true,"href":"https:\/\/www.europesays.com\/es\/wp-json\/wp\/v2\/users\/2"}],"replies":[{"embeddable":true,"href":"https:\/\/www.europesays.com\/es\/wp-json\/wp\/v2\/comments?post=179721"}],"version-history":[{"count":0,"href":"https:\/\/www.europesays.com\/es\/wp-json\/wp\/v2\/posts\/179721\/revisions"}],"wp:featuredmedia":[{"embeddable":true,"href":"https:\/\/www.europesays.com\/es\/wp-json\/wp\/v2\/media\/179722"}],"wp:attachment":[{"href":"https:\/\/www.europesays.com\/es\/wp-json\/wp\/v2\/media?parent=179721"}],"wp:term":[{"taxonomy":"category","embeddable":true,"href":"https:\/\/www.europesays.com\/es\/wp-json\/wp\/v2\/categories?post=179721"},{"taxonomy":"post_tag","embeddable":true,"href":"https:\/\/www.europesays.com\/es\/wp-json\/wp\/v2\/tags?post=179721"}],"curies":[{"name":"wp","href":"https:\/\/api.w.org\/{rel}","templated":true}]}}